{"id":271513,"date":"2025-07-17T04:49:19","date_gmt":"2025-07-17T04:49:19","guid":{"rendered":"https:\/\/www.europesays.com\/de\/271513\/"},"modified":"2025-07-17T04:49:19","modified_gmt":"2025-07-17T04:49:19","slug":"das-neue-ad-magazin-ist-da-das-sind-die-schoensten-haeuser-der-sommer-ausgabe","status":"publish","type":"post","link":"https:\/\/www.europesays.com\/de\/271513\/","title":{"rendered":"Das neue AD-Magazin ist da! Das sind die sch\u00f6nsten H\u00e4user der Sommer-Ausgabe"},"content":{"rendered":"<p><strong>AD-Magazin im Juni und Juli:<\/strong> <strong>Wir zeigen die sch\u00f6nsten H\u00e4user des Sommers.<\/strong><\/p>\n<p><a data-offer-url=\"https:\/\/amzn.to\/4kG8FUP\" class=\"external-link\" data-event-click=\"{&quot;element&quot;:&quot;ExternalLink&quot;,&quot;outgoingURL&quot;:&quot;https:\/\/cna.st\/affiliate-link\/2BPJBD7rBsogF5EuWrMs25iuEDNPekzjfH6AHCr24xv58sweepSEy5siXxsMQ5FJ4QkWsUKditTZmokEZLyVE4r6femfX2ADfBE26pYkFTU6w6DrVLZ4Dc&quot;}\" href=\"https:\/\/cna.st\/affiliate-link\/2BPJBD7rBsogF5EuWrMs25iuEDNPekzjfH6AHCr24xv58sweepSEy5siXxsMQ5FJ4QkWsUKditTZmokEZLyVE4r6femfX2ADfBE26pYkFTU6w6DrVLZ4Dc\" rel=\"nofollow noopener\" target=\"_blank\"><\/a><\/p>\n<p>Das neue AD-Magazin ist da und diesmal titeln wir so schlicht wie programmatisch mit \u201eSommer\u201d. Keine andere Jahreszeit birgt mehr Verhei\u00dfung: Sonne und Meer, Urlaub und Reisen, Abenteuer und Entspannung, Neues entdecken und zu sich finden \u2013 all das klingt an in diesem Wort. Begleiten Sie uns an Orte, die so famos gestaltet sind, dass sie quasi ein Kondensat des <a href=\"https:\/\/www.ad-magazin.de\/artikel\/sommerfarben-trend-wandfarbe-2025-laut-interiordesignerinnen\" target=\"_blank\" rel=\"noopener\">Sommers<\/a> darstellen, etwa an die <a href=\"https:\/\/www.ad-magazin.de\/galerie\/haus-costa-brava-ana-hernandez\" target=\"_blank\" rel=\"noopener\">Costa Brava<\/a>, wo unsere Cover-Motive entstanden.<\/p>\n<p>Der ganze Sommer ist ein Quiz<\/p>\n<p>Falls bei so viel Umtriebigkeit Ermattung einsetzen sollte, bietet Ihnen unser gro\u00dfes Sommer-Quiz rund um Design und Architektur auf 16 Seiten Momente der Versenkung und Anregung f\u00fcr die kleinen grauen Zellen. Die vielleicht kniffligste Frage unserer Sommer-Ausgabe findet sich jedoch au\u00dferhalb dieses Quiz: Was bedeutet der h\u00f6chst r\u00e4tselhafte Name eines Beach Clubs, den Belgiens wohl ber\u00fchmtester lebender Architekt am westlichen Rand Europas gestaltet hat? Genie\u00dfen Sie den Sommer!<\/p>\n<p>Das sind die 6 sch\u00f6nsten H\u00e4user der Sommer-AusgabeEine 70er-Jahre-Villa an der Costa Brava<\/p>\n<p>An der Costa Brava machten Serge Castella und sein Partner Jason Flinn eine 70er-Jahre-Villa wieder flott, die nun wie ein Ozeandampfer wirkt: Sie steht auf steilen Klippen und ist nach drei Seiten vom Meer umgeben. M\u00f6gen manche Kreuzfahrtriesen heute anmuten wie poppig angemalte Trabantenst\u00e4dte auf dem Wasser \u2013 diese elegante Villa z\u00e4hlt noch ganz klassisch zur wei\u00dfen Flotte, die dem <a href=\"https:\/\/www.ad-magazin.de\/artikel\/mediterraner-50-quadratmeter-kokon-paris\" target=\"_blank\" rel=\"noopener\">Mittelmeer<\/a> die gro\u00dfe B\u00fchne bereitet.<\/p>\n","protected":false},"excerpt":{"rendered":"AD-Magazin im Juni und Juli: Wir zeigen die sch\u00f6nsten H\u00e4user des Sommers. Das neue AD-Magazin ist da und&hellip;\n","protected":false},"author":2,"featured_media":271514,"comment_status":"","ping_status":"","sticky":false,"template":"","format":"standard","meta":{"footnotes":""},"categories":[1775],"tags":[1793,29,214,30,1854,1794,215],"class_list":{"0":"post-271513","1":"post","2":"type-post","3":"status-publish","4":"format-standard","5":"has-post-thumbnail","7":"category-kunst-und-design","8":"tag-art-and-design","9":"tag-deutschland","10":"tag-entertainment","11":"tag-germany","12":"tag-homestory","13":"tag-kunst-und-design","14":"tag-unterhaltung"},"share_on_mastodon":{"url":"https:\/\/pubeurope.com\/@de\/114866773241789573","error":""},"_links":{"self":[{"href":"https:\/\/www.europesays.com\/de\/wp-json\/wp\/v2\/posts\/271513","targetHints":{"allow":["GET"]}}],"collection":[{"href":"https:\/\/www.europesays.com\/de\/wp-json\/wp\/v2\/posts"}],"about":[{"href":"https:\/\/www.europesays.com\/de\/wp-json\/wp\/v2\/types\/post"}],"author":[{"embeddable":true,"href":"https:\/\/www.europesays.com\/de\/wp-json\/wp\/v2\/users\/2"}],"replies":[{"embeddable":true,"href":"https:\/\/www.europesays.com\/de\/wp-json\/wp\/v2\/comments?post=271513"}],"version-history":[{"count":0,"href":"https:\/\/www.europesays.com\/de\/wp-json\/wp\/v2\/posts\/271513\/revisions"}],"wp:featuredmedia":[{"embeddable":true,"href":"https:\/\/www.europesays.com\/de\/wp-json\/wp\/v2\/media\/271514"}],"wp:attachment":[{"href":"https:\/\/www.europesays.com\/de\/wp-json\/wp\/v2\/media?parent=271513"}],"wp:term":[{"taxonomy":"category","embeddable":true,"href":"https:\/\/www.europesays.com\/de\/wp-json\/wp\/v2\/categories?post=271513"},{"taxonomy":"post_tag","embeddable":true,"href":"https:\/\/www.europesays.com\/de\/wp-json\/wp\/v2\/tags?post=271513"}],"curies":[{"name":"wp","href":"https:\/\/api.w.org\/{rel}","templated":true}]}}