{"id":271520,"date":"2025-07-17T04:53:11","date_gmt":"2025-07-17T04:53:11","guid":{"rendered":"https:\/\/www.europesays.com\/de\/271520\/"},"modified":"2025-07-17T04:53:11","modified_gmt":"2025-07-17T04:53:11","slug":"das-kanu-des-manitu-feiert-premiere-und-kinotourstart","status":"publish","type":"post","link":"https:\/\/www.europesays.com\/de\/271520\/","title":{"rendered":"&#8222;Das Kanu des Manitu&#8220; feiert Premiere und Kinotourstart"},"content":{"rendered":"<p>&#8222;Das Kanu des Manitu&#8220; <\/p>\n<p>Abahachi, Ranger und Dimitri gehen auf gro\u00dfe Kinotour<\/p>\n<p>17.07.2025 &#8211; 05:29 UhrLesedauer: 1 Min.<\/p>\n<p><a href=\"#focus-0\" class=\"transition-colors duration-200 focus-within:text-magenta block text-current relative\" data-sctrack=\"FocusGalleryImage.Reference\"><img fetchpriority=\"high\" data-testid=\"Opener.Image\" style=\"--lqipURL:url('https:\/\/images.t-online.de\/2025\/07\/AqPXAKDapkX8\/311x211:737x415\/fit-in\/150x0\/filters:blur(25)\/michael-bully-herbig-christian-tramitz-und-jasmin-schwiers-auf-dem-kanu-des-manitu-am-14-august-laeuft-der-film-bundesweit-in-den-kinos-an.jpg')\"   loading=\"eager\" src=\"https:\/\/www.europesays.com\/de\/wp-content\/uploads\/2025\/07\/michael-bully-herbig-christian-tramitz-und-jasmin-schwiers-auf-dem-kanu-des-manitu-am-14-august-laeu.jpeg\" alt=\"Michael Bully Herbig, Christian Tramitz und Jasmin Schwiers auf dem &quot;Kanu des Manitu&quot;: Am 14. August l\u00e4uft der Film bundesweit in den Kinos an.\" title=\"Michael Bully Herbig, Christian Tramitz und Jasmin Schwiers auf dem &quot;Kanu des Manitu&quot;: Am 14. August l\u00e4uft der Film bundesweit in den Kinos an.\" width=\"737\" height=\"415\" class=\"bg-[url:var(--lqipURL)] bg-cover bg-center flex h-full w-full max-w-full\" decoding=\"async\"\/><img style=\"--width:32;--height:32\" loading=\"lazy\" src=\"https:\/\/muenchen.t-online.de\/s\/paper\/_next\/static\/media\/zoom-in.f7dae02f.svg\" alt=\"Vergr\u00f6\u00dfern des Bildes\" title=\"Vergr\u00f6\u00dfern des Bildes\" class=\"block h-[calc(var(--height)_\/_16_*_1rem)] w-[calc(var(--width)_\/_16_*_1rem)] max-w-none absolute bottom-8 right-8 rounded-4 bg-snow p-8\" decoding=\"async\"\/><\/a><\/p>\n<p>Michael Bully Herbig, Christian Tramitz und Jasmin Schwiers auf dem &#8222;Kanu des Manitu&#8220;: Am 14. August l\u00e4uft der Film bundesweit in den Kinos an. (Quelle: Constantin Film\/Luis Zeno Kuhn)<\/p>\n<p class=\"font-bold text-18 leading-17\">Die Kult-Helden sind zur\u00fcck: Bully Herbig startet mit seiner neuen Kom\u00f6die eine gro\u00dfe Kinotour. Doch ein Detail der Tournee \u00fcberrascht besonders.<\/p>\n<p class=\"text-18 leading-17\">Die Comedy-Legende Michael &#8222;Bully&#8220; Herbig geht mit seiner neuen Kom\u00f6die &#8222;Das Kanu des Manitu&#8220; auf gro\u00dfe Deutschland-Tour. Zusammen mit seinen langj\u00e4hrigen Schauspielkollegen Christian Tramitz und Rick Kavanian wird er ab dem 12. August das Publikum in verschiedenen deutschen St\u00e4dten besuchen.<\/p>\n<p class=\"text-18 leading-17\">Den Auftakt der Tour bildet die Weltpremiere im M\u00fcnchener Math\u00e4ser Filmpalast, gefolgt von der \u00d6sterreich-Premiere in Wien. Anschlie\u00dfend f\u00fchrt die Route durch weitere deutsche Gro\u00dfst\u00e4dte wie Berlin, Frankfurt, Hamburg, K\u00f6ln und D\u00fcsseldorf. Ein besonderet H\u00f6hepunkt der Tour ist die Er\u00f6ffnung des neuen Cinestar Imax in Leipzig am 20. August.<\/p>\n<p class=\"text-18 leading-17\">Der offizielle Kinostart von &#8222;Das Kanu des Manitu&#8220; ist f\u00fcr den 14. August im Verleih von Constantin Film geplant. Bereits jetzt k\u00f6nnen Fans Tickets f\u00fcr die verschiedenen Premiere-Veranstaltungen erwerben.<\/p>\n<p class=\"text-18 leading-17\">Die Tour erstreckt sich \u00fcber eine Woche und umfasst insgesamt acht St\u00e4dte. In den meisten Locations werden mehrere Vorstellungen angeboten, teilweise auch in Imax-S\u00e4len. Neben den deutschen St\u00e4dten ist auch ein Stopp im Europapark Rust geplant.<\/p>\n","protected":false},"excerpt":{"rendered":"&#8222;Das Kanu des Manitu&#8220; Abahachi, Ranger und Dimitri gehen auf gro\u00dfe Kinotour 17.07.2025 &#8211; 05:29 UhrLesedauer: 1 Min.&hellip;\n","protected":false},"author":2,"featured_media":271521,"comment_status":"","ping_status":"","sticky":false,"template":"","format":"standard","meta":{"footnotes":""},"categories":[1771],"tags":[3176,74728,1778,63088,29,214,30,81585,95,81584,59816,1777,1268,74727,2992,215],"class_list":{"0":"post-271520","1":"post","2":"type-post","3":"status-publish","4":"format-standard","5":"has-post-thumbnail","7":"category-kino","8":"tag-3176","9":"tag-christian-tramitz","10":"tag-cinema","11":"tag-constantin-film","12":"tag-deutschland","13":"tag-entertainment","14":"tag-germany","15":"tag-jasmin-schwiers","16":"tag-kino","17":"tag-kinotour","18":"tag-michael-bully-herbig","19":"tag-movie","20":"tag-muenchen","21":"tag-rick-kavanian","22":"tag-tournee","23":"tag-unterhaltung"},"share_on_mastodon":{"url":"https:\/\/pubeurope.com\/@de\/114866789148276242","error":""},"_links":{"self":[{"href":"https:\/\/www.europesays.com\/de\/wp-json\/wp\/v2\/posts\/271520","targetHints":{"allow":["GET"]}}],"collection":[{"href":"https:\/\/www.europesays.com\/de\/wp-json\/wp\/v2\/posts"}],"about":[{"href":"https:\/\/www.europesays.com\/de\/wp-json\/wp\/v2\/types\/post"}],"author":[{"embeddable":true,"href":"https:\/\/www.europesays.com\/de\/wp-json\/wp\/v2\/users\/2"}],"replies":[{"embeddable":true,"href":"https:\/\/www.europesays.com\/de\/wp-json\/wp\/v2\/comments?post=271520"}],"version-history":[{"count":0,"href":"https:\/\/www.europesays.com\/de\/wp-json\/wp\/v2\/posts\/271520\/revisions"}],"wp:featuredmedia":[{"embeddable":true,"href":"https:\/\/www.europesays.com\/de\/wp-json\/wp\/v2\/media\/271521"}],"wp:attachment":[{"href":"https:\/\/www.europesays.com\/de\/wp-json\/wp\/v2\/media?parent=271520"}],"wp:term":[{"taxonomy":"category","embeddable":true,"href":"https:\/\/www.europesays.com\/de\/wp-json\/wp\/v2\/categories?post=271520"},{"taxonomy":"post_tag","embeddable":true,"href":"https:\/\/www.europesays.com\/de\/wp-json\/wp\/v2\/tags?post=271520"}],"curies":[{"name":"wp","href":"https:\/\/api.w.org\/{rel}","templated":true}]}}