{"id":271551,"date":"2025-07-17T05:09:13","date_gmt":"2025-07-17T05:09:13","guid":{"rendered":"https:\/\/www.europesays.com\/de\/271551\/"},"modified":"2025-07-17T05:09:13","modified_gmt":"2025-07-17T05:09:13","slug":"in-krefeld-sprach-reinhard-ernst-ueber-den-erfolg-seines-museums","status":"publish","type":"post","link":"https:\/\/www.europesays.com\/de\/271551\/","title":{"rendered":"In Krefeld sprach Reinhard Ernst \u00fcber den Erfolg seines Museums"},"content":{"rendered":"<p class=\"text_ohne_einzug richtext text-em-55 !leading-serif mx-6 desktop:mx-0\"> Ach, warum hat <a href=\"https:\/\/rp-online.de\/thema\/krefeld\/\" target=\"_blank\" rel=\"noopener\">Krefeld<\/a> nicht auch solche S\u00f6hne: weltoffen, klug, gebildet mit gro\u00dfer Liebe f\u00fcr Kunst und wirtschaftlich so gut situiert, dass sie ihrer Heimatstadt ein funkelnagelneues Museum hinstellen k\u00f6nnen? Und es auch gleich noch mit Kunst in dreistelligem Millionenwert f\u00fcllt. Es gibt einen Mann, der das, was wie ein M\u00e4rchen klingt, tats\u00e4chlich gemacht hat: Reinhard Ernst.<\/p>\n","protected":false},"excerpt":{"rendered":"Ach, warum hat Krefeld nicht auch solche S\u00f6hne: weltoffen, klug, gebildet mit gro\u00dfer Liebe f\u00fcr Kunst und wirtschaftlich&hellip;\n","protected":false},"author":2,"featured_media":271552,"comment_status":"","ping_status":"","sticky":false,"template":"","format":"standard","meta":{"footnotes":""},"categories":[1847],"tags":[81593,3364,29,19969,548,663,3934,30,13,2052,3479,2075,80290,81596,2264,81595,81597,81598,81594,14,15,34724,58479,12,36941,42087,2047,4544],"class_list":{"0":"post-271551","1":"post","2":"type-post","3":"status-publish","4":"format-standard","5":"has-post-thumbnail","7":"category-wiesbaden","8":"tag-christiane-lange","9":"tag-de","10":"tag-deutschland","11":"tag-ernst","12":"tag-eu","13":"tag-europa","14":"tag-europe","15":"tag-germany","16":"tag-headlines","17":"tag-hessen","18":"tag-krefeld","19":"tag-kunst","20":"tag-kunstliebhaber","21":"tag-kunstmaezen","22":"tag-museum","23":"tag-museumsangaben","24":"tag-museumsbau","25":"tag-museumsdirektorin","26":"tag-museumsstifter","27":"tag-nachrichten","28":"tag-news","29":"tag-pavillon","30":"tag-reinhard","31":"tag-schlagzeilen","32":"tag-schroeder","33":"tag-stefan","34":"tag-talk","35":"tag-wiesbaden"},"share_on_mastodon":{"url":"https:\/\/pubeurope.com\/@de\/114866851956586113","error":""},"_links":{"self":[{"href":"https:\/\/www.europesays.com\/de\/wp-json\/wp\/v2\/posts\/271551","targetHints":{"allow":["GET"]}}],"collection":[{"href":"https:\/\/www.europesays.com\/de\/wp-json\/wp\/v2\/posts"}],"about":[{"href":"https:\/\/www.europesays.com\/de\/wp-json\/wp\/v2\/types\/post"}],"author":[{"embeddable":true,"href":"https:\/\/www.europesays.com\/de\/wp-json\/wp\/v2\/users\/2"}],"replies":[{"embeddable":true,"href":"https:\/\/www.europesays.com\/de\/wp-json\/wp\/v2\/comments?post=271551"}],"version-history":[{"count":0,"href":"https:\/\/www.europesays.com\/de\/wp-json\/wp\/v2\/posts\/271551\/revisions"}],"wp:featuredmedia":[{"embeddable":true,"href":"https:\/\/www.europesays.com\/de\/wp-json\/wp\/v2\/media\/271552"}],"wp:attachment":[{"href":"https:\/\/www.europesays.com\/de\/wp-json\/wp\/v2\/media?parent=271551"}],"wp:term":[{"taxonomy":"category","embeddable":true,"href":"https:\/\/www.europesays.com\/de\/wp-json\/wp\/v2\/categories?post=271551"},{"taxonomy":"post_tag","embeddable":true,"href":"https:\/\/www.europesays.com\/de\/wp-json\/wp\/v2\/tags?post=271551"}],"curies":[{"name":"wp","href":"https:\/\/api.w.org\/{rel}","templated":true}]}}