{"id":271596,"date":"2025-07-17T05:34:15","date_gmt":"2025-07-17T05:34:15","guid":{"rendered":"https:\/\/www.europesays.com\/de\/271596\/"},"modified":"2025-07-17T05:34:15","modified_gmt":"2025-07-17T05:34:15","slug":"duisburg-dvg-verbessert-schulbusverbindungen-radio-duisburg","status":"publish","type":"post","link":"https:\/\/www.europesays.com\/de\/271596\/","title":{"rendered":"Duisburg: DVG verbessert Schulbusverbindungen &#8211; Radio Duisburg"},"content":{"rendered":"<p>Die Duisburger Verkehrsgesellschaft verbessert Busangebot f\u00fcr Sch\u00fcler. Ab dem 27. August gibt es mehr Verbindungen zu verschiedenen Schulstandorten. Hier findet ihr eine \u00dcbersicht:<\/p>\n<p>Linie 910E verk\u00fcrzt Fahrzeiten um sieben Minuten<\/p>\n<p>Der Bus, der um 7:14 Uhr an der Albert-Einstein-Stra\u00dfe startet, nimmt ab Marxloh Pollmann einen neuen, direkteren Weg. Statt \u00fcber die Berufsschulen und das Hamborner Rathaus f\u00e4hrt er k\u00fcnftig \u00fcber die Haltestellen Hufstra\u00dfe und Richterstra\u00dfe. Das Ergebnis: Die Schulen an der Hamborner Stra\u00dfe werden bereits um 7:39 Uhr erreicht \u2013\u00a0sieben Minuten fr\u00fcher\u00a0als bisher.<\/p>\n<p>Linie 916E schafft neue Umsteigem\u00f6glichkeiten<\/p>\n<p>F\u00fcr Schulkinder aus Beeckerwerth entstehen neue Verbindungen nach Ruhrort und Meiderich. Eine zus\u00e4tzliche Fahrt startet um 7:12 Uhr am Hochheide Markt und erreicht um 7:27 Uhr den Ruhrort Bahnhof. Von dort k\u00f6nnen Sch\u00fcler problemlos zu den Homberger Schulen weiterfahren. Auch nachmittags verbessert sich das Angebot: Eine neue Fahrt beginnt um 13:27 Uhr am Centrum Westende und f\u00e4hrt \u00fcber Ruhrort nach Beeckerwerth. So erreichen Schulkinder auch nach der sechsten Stunde eine gute Heimverbindung.<\/p>\n<p>Linien 930E und 931E bedienen Werthacker-Siedlung<\/p>\n<p>Die DVG f\u00fchrt zwei neue Schulbuslinien ein, die haupts\u00e4chlich Grundsch\u00fcler vom Werthacker zur Grundschule Tonstra\u00dfe bringen. Die Busse fahren einen praktischen Rundkurs \u00fcber Duissern, Werthacker, Tonstra\u00dfe, Lutherplatz und Hauptbahnhof. Morgens starten die Fahrten um 7:25 Uhr und 8:25 Uhr in Duissern, nachmittags um 12:56 Uhr, 14:56 Uhr und 15:56 Uhr.\u00a0Besonderheit: Diese Linien fahren auch in den Ferien, da sie \u00fcber den Hauptbahnhof f\u00fcr alle Fahrg\u00e4ste interessant sind.<\/p>\n<p>Linie 935E verbindet Obermeiderich mit Hamborner Schulen<\/p>\n<p>Eine weitere neue Schulbuslinie startet um 7:36 Uhr an der Br\u00fcckelstra\u00dfe in Obermeiderich und f\u00e4hrt p\u00fcnktlich zum Unterrichtsbeginn zur Hamborner Stra\u00dfe. Nach Schulschluss bringt der Bus um 13:10 Uhr die Sch\u00fcler zum Landschaftspark Nord zur\u00fcck.<\/p>\n<p>Optimierte Fahrzeiten und Anpassungen<\/p>\n<p><strong>Linie 920E:<\/strong> Neue Verbindungen zwischen Rumeln und Oestrum wegen der bevorstehenden Wiederer\u00f6ffnung der C\u00f6lvebr\u00fccke<\/p>\n<p><strong>Linie 940E:<\/strong> Zwei Fahrten starten k\u00fcnftig fr\u00fcher (7:16 Uhr statt 7:19\/7:21 Uhr), um Versp\u00e4tungsrisiken zu reduzieren<\/p>\n<p><strong>Linie 917E: <\/strong>Eine Nachmittagsfahrt entf\u00e4llt, da die Linien 917 und 919 seit Dezember im Viertelstunden-Takt fahren<\/p>\n<p><strong>Linie 926E:<\/strong> Wird komplett eingestellt, da die neue Linie 923 das Angebot abdeckt<\/p>\n<p><strong>Linie 934E:<\/strong> F\u00e4hrt nur noch an Schultagen statt auch in den Ferien<\/p>\n","protected":false},"excerpt":{"rendered":"Die Duisburger Verkehrsgesellschaft verbessert Busangebot f\u00fcr Sch\u00fcler. Ab dem 27. August gibt es mehr Verbindungen zu verschiedenen Schulstandorten.&hellip;\n","protected":false},"author":2,"featured_media":271597,"comment_status":"","ping_status":"","sticky":false,"template":"","format":"standard","meta":{"footnotes":""},"categories":[1838],"tags":[12036,81600,5069,3364,29,3715,81199,30,1209],"class_list":{"0":"post-271596","1":"post","2":"type-post","3":"status-publish","4":"format-standard","5":"has-post-thumbnail","7":"category-duisburg","8":"tag-schler","9":"tag-170725-a","10":"tag-dvg","11":"tag-de","12":"tag-deutschland","13":"tag-duisburg","14":"tag-fahrplanwechsel","15":"tag-germany","16":"tag-nordrhein-westfalen"},"share_on_mastodon":{"url":"https:\/\/pubeurope.com\/@de\/114866950205945765","error":""},"_links":{"self":[{"href":"https:\/\/www.europesays.com\/de\/wp-json\/wp\/v2\/posts\/271596","targetHints":{"allow":["GET"]}}],"collection":[{"href":"https:\/\/www.europesays.com\/de\/wp-json\/wp\/v2\/posts"}],"about":[{"href":"https:\/\/www.europesays.com\/de\/wp-json\/wp\/v2\/types\/post"}],"author":[{"embeddable":true,"href":"https:\/\/www.europesays.com\/de\/wp-json\/wp\/v2\/users\/2"}],"replies":[{"embeddable":true,"href":"https:\/\/www.europesays.com\/de\/wp-json\/wp\/v2\/comments?post=271596"}],"version-history":[{"count":0,"href":"https:\/\/www.europesays.com\/de\/wp-json\/wp\/v2\/posts\/271596\/revisions"}],"wp:featuredmedia":[{"embeddable":true,"href":"https:\/\/www.europesays.com\/de\/wp-json\/wp\/v2\/media\/271597"}],"wp:attachment":[{"href":"https:\/\/www.europesays.com\/de\/wp-json\/wp\/v2\/media?parent=271596"}],"wp:term":[{"taxonomy":"category","embeddable":true,"href":"https:\/\/www.europesays.com\/de\/wp-json\/wp\/v2\/categories?post=271596"},{"taxonomy":"post_tag","embeddable":true,"href":"https:\/\/www.europesays.com\/de\/wp-json\/wp\/v2\/tags?post=271596"}],"curies":[{"name":"wp","href":"https:\/\/api.w.org\/{rel}","templated":true}]}}