{"id":271662,"date":"2025-07-17T06:09:10","date_gmt":"2025-07-17T06:09:10","guid":{"rendered":"https:\/\/www.europesays.com\/de\/271662\/"},"modified":"2025-07-17T06:09:10","modified_gmt":"2025-07-17T06:09:10","slug":"willkuer-und-ihre-folgen-lovis-corinths-werke-in-der-neuen-nationalgalerie","status":"publish","type":"post","link":"https:\/\/www.europesays.com\/de\/271662\/","title":{"rendered":"Willk\u00fcr und ihre Folgen &#8211; Lovis Corinths Werke in der Neuen Nationalgalerie"},"content":{"rendered":"<p>\tAusstellung in Berlin<br \/>\n\t &#8211; <\/p>\n<p>\t\tKonfiziert, verkauft, zur\u00fcckgeholt: Lovis Corinths Werke in der Neuen Nationalgalerie<\/p>\n<p>\n        Do 17.07.25 | 06:05 Uhr  | Von Silke Hennig\n    <\/p>\n<p>    <a href=\"#top-of-comments\"\/><\/p>\n<p><img decoding=\"async\" src=\"https:\/\/www.europesays.com\/de\/wp-content\/uploads\/2025\/07\/1752732550_439_size=708x398.jpg\" alt=\"Archivbild: Zahlreiche Besucher kommen zum \u201eInselfest&quot; anl\u00e4sslich des Jubil\u00e4ums &quot;200 Jahre Museumsinsel Berlin\u201c in die Alte Nationalgalerie. (Quelle: dpa\/Kalaene)\" title=\"Archivbild: Zahlreiche Besucher kommen zum \u201eInselfest&quot; anl\u00e4sslich des Jubil\u00e4ums &quot;200 Jahre Museumsinsel Berlin\u201c in die Alte Nationalgalerie. (Quelle: dpa\/Kalaene)\" id=\"739850283\"\/><\/p>\n<p>dpa\/Kalaene<\/p>\n<p>Audio: radio3 | 17.07.2025 | Silke Hennig | Bild: dpa\/Kalaene <\/p>\n<p>Kunstwerke haben ihre eigene Geschichte. Wie bisweilen widerspr\u00fcchlich diese sein kann, zeigen die Staatlichen Berliner Museen eindrucksvoll am Beispiel des Malers Lovis Corinth und ihren eigenen Best\u00e4nden w\u00e4hrend und nach der NS-Zeit. <\/p>\n<p>\t\t\t\t\t<a name=\"articlesContList\/text_0\"\/><\/p>\n<p>Als 1937 in M\u00fcnchen die Schand-Ausstellung &#8222;Entartete Kunst&#8220; das pr\u00e4sentierte, was die Nationalsozialisten als &#8222;Verfallskunst&#8220; anprangerten, befanden sich auch sieben Gem\u00e4lde von Lovis Corinth (1858-1925) darunter. Drei von ihnen waren aus der Sammlung der Berliner Nationalgalerie beschlagnahmt worden und dazu bestimmt, anschlie\u00dfend &#8222;verwertet&#8220;, also verkauft zu werden. Heute befinden sich daher die Sp\u00e4twerke von Lovis Corith &#8211; &#8222;Kind im Bett&#8220; (1924), das wie eine strahlende Naturgewalt inmitten der schneewei\u00dfen Kissenlandschaft seines Gitterbettchens sitzt, und &#8222;Ecce Homo&#8220; (1925) &#8211; in anderen Sammlungen.<\/p>\n<p>Die Ausstellung &#8222;Im Visier! Lovis Corinth, die Nationalgalerie und die Aktion &#8222;Entartete Kunst'&#8220; beleuchtet jetzt das Schicksal der Werke des K\u00fcnstlers und seiner Frau, der Malerin Charlotte Berend-Corinth, in der Sammlung der Nationalgalerie.<\/p>\n<p>Die <a href=\"https:\/\/www.rbb24.de\/thema\/ausstellung\/\" rel=\"nofollow noopener\" target=\"_blank\">Ausstellung<\/a> in der Alten Nationalgalerie verdeutlicht die Verluste, indem sie sie als farbige Reproduktionen zeigt, w\u00e4hrend verschollene, mutma\u00dflich im Krieg zerst\u00f6rte Bilder schwarzwei\u00df wiedergegeben sind.<\/p>\n<p>\t\t\t\t\t<a name=\"articlesContList\/teaserbox_2125940618\"\/><\/p>\n<p>Die Ausstellung &#8222;Im Visier! Lovis Corinth, die Nationalgalerie und die Aktion &#8218;Entartete Kunst&#8220; wird gezeigt in der Alten Nationalgalerie vom 18. Juli 2025 bis zum 2. November 2025. Mehr Informationen unter <a href=\"https:\/\/www.smb.museum\/ausstellungen\/detail\/im-visier\/\" rel=\"nofollow noopener\" target=\"_blank\">smb.museum.de<\/a><\/p>\n<p>\t\t\t\t\t<a name=\"articlesContList\/text_1975447284\"\/><\/p>\n<p>Im Original zu sehen ist dagegen das dritte beschlagnahmte Gem\u00e4lde Corinths, das als &#8222;entartet&#8220; in M\u00fcnchen ausgestellt war: &#8222;Das Trojanische Pferd&#8220; von 1924. Dieses Bild kam zwei Jahre nach der ber\u00fcchtigten Feme-Ausstellung &#8211; zusammen mit zwei weiteren Arbeiten des Malers &#8211; in die Nationalgalerie zur\u00fcck. Der Grund daf\u00fcr ist ebenso nebul\u00f6s wie das, was die Nazis unter &#8222;entartet&#8220; verstanden. Einerseits wurden l\u00e4ngst nicht alle Corinth-Best\u00e4nde aus der Sammlung beschlagnahmt &#8211; andererseits aber durchaus auch solche, die eigentlich ausgenommen waren von der Beschlagnahmeaktion, weil sie vor 1910 gemalt wurden. Denn laut Erlass des Propagandaministeriums sollten ausdr\u00fccklich nur Werke der Malerei und der Bildhauerei \u00fcberpr\u00fcft und gegebenenfalls entfernt werden, die sp\u00e4teren Datums waren.<\/p>\n<p>\t\t\t\t\t<a name=\"articlesContList\/text_1300599970\"\/><br \/>\n\t\t\t\t\tNazis beschlagnahmten rund 360 Corinth-Werke<\/p>\n<p>Mit dem Begriff &#8222;entartet&#8220; verfemten die Nazis Kunstwerke, wenn sie beispielsweise nicht naturalistisch oder heroisch-idealisierend waren, oder wenn es sich um Arbeiten j\u00fcdischer K\u00fcnstlerinnen und K\u00fcnstler handelte.<\/p>\n<p>Auch die Malerin Charlotte Berend-Corinth, Ehefrau von Lovis Corinth, war j\u00fcdischer Herkunft. Die Kuratoren haben sie in ihre Ausstellung einbezogen, denn auch von ihr besa\u00df die Nationalgalerie zwei Gem\u00e4lde \u2013 und besitzt sie noch immer, denn Berend-Corinths Bilder wurden nie beschlagnahmt. 1939 kam sogar noch eines hinzu: die auf einer Spanien-Reise entstandene Ansicht von &#8222;Toledo&#8220;. Sie wurde 1929 angekauft vom preu\u00dfischen Kultusministerium, dann aus dem Dienstzimmer, das es geschm\u00fcckt hatte, entfernt und als &#8222;Verfalls- und Judenkunst&#8220; der Nationalgalerie zur Verwahrung \u00fcbergeben. Vernichten wollte man es offenbar nicht.<\/p>\n<p>Und selbst der in der Nationalgalerie verbliebene Bestand von Gem\u00e4lden ihres Mannes, von dem deutschlandweit 359 Werke der Beschlagnahme-Aktion &#8222;Entartete Kunst&#8220; zum Opfer fielen, bekam noch vor Ende der NS-Herrschaft wieder Zuwachs: Lovis Corinths 1899 gemaltes Portr\u00e4t des Kunstkritikers Hans Rosenhagen, das im Hintergrund und zu den R\u00e4ndern hin in typischer Corinth-Manier immer skizzenhafter wirkt, wird 1943 f\u00fcr die Sammlung angekauft. Ein weiterer Ankauf im gleichen Jahr ist seit Kriegsende verschollen.<\/p>\n<p>\t\t\t\t\t<a name=\"articlesContList\/teaserbox\"\/><\/p>\n<p>\t\t\t\t\t<a name=\"articlesContList\/text_1519469432\"\/><br \/>\n\t\t\t\t\tDDR kaufte mit Devisen Corinth-Werke<\/p>\n<p>Nach 1945 und der Aufspaltung auch der Nationalgalerie in &#8222;Ost&#8220; und &#8222;West&#8220; befanden sich die Corinth-Best\u00e4nde s\u00e4mtlich in West-Berlin. In Ost-Berlin unternahm man erhebliche Anstrengungen, um diese L\u00fccke zu schlie\u00dfen und erwarb mehrere Bilder des Malers im Kunsthandel. F\u00fcr die daf\u00fcr n\u00f6tigen Devisen wurden sogar andere Kunstwerke aus der Sammlung verkauft.<\/p>\n<p>Warum die DDR so gro\u00dfes Interesse an einem K\u00fcnstler hatte, der zwar einerseits als ein Hauptvertreter des Impressionismus in Deutschland gilt, sich selbst aber bis zu seinem Tod vor 100 Jahren als &#8222;Monarchist&#8220; betrachtete &#8211; dazu bedarf es noch weiterer Forschung. Ebenso wie zur Herkunft einiger Bilder, die zu DDR-Zeiten erworben wurden.<\/p>\n<p>Ob es sich bei einem Gem\u00e4lde wie der lieblich l\u00e4chelnden &#8222;Frau mit Rosenhut&#8220;, die die Nationalgalerie in Ost-Berlin 1952 von einer West-Berliner Galerie gekauft hat, um NS-Raubkunst handelt, wird derzeit untersucht. Seine letzte Eigent\u00fcmerin war wahrscheinlich eine j\u00fcdische Berlinerin, die sich vor ihrer Deportation 1942 das Leben nahm. Die Spur des Bildes hatte sich da aber bereits verloren. Keine Seltenheit im Fall von Lovis Corinth, der zahlreiche j\u00fcdische Sammler hatte.<\/p>\n<p>\t\t\t\t\t<a name=\"articlesContList\/text\"\/><br \/>\n\t\t\t\t\tKunstwerke, die f\u00fcr menschliche Schicksale stehen<\/p>\n<p>Fast jedes Bild in dieser sorgsam kuratierten Ausstellung hat ein anderes Schicksal. Jedes steht f\u00fcr eine andere Geschichte, die zu weiteren f\u00fchren \u2013 und nicht zuletzt auch menschlichen Schicksalen. Doch diese Ausstellung er\u00f6ffnet nicht nur den Blick in eine Vergangenheit, die noch immer nachwirkt. Auch die Kunstwerke selbst lernt man durch diese &#8222;geschichtlichen Filter&#8220; mit anderen Augen zu betrachten.<\/p>\n<p>\t\t\t\t\t<a name=\"articlesContList\/text_1\"\/><\/p>\n<p>Sendung: radio3, 17.07.2025, 7:40 Uhr<\/p>\n<p><a class=\"ico ico_arrow_wide_up\" title=\"An den Anfang\" href=\"#top\">  <\/a><\/p>\n","protected":false},"excerpt":{"rendered":"Ausstellung in Berlin &#8211; Konfiziert, verkauft, zur\u00fcckgeholt: Lovis Corinths Werke in der Neuen Nationalgalerie Do 17.07.25 | 06:05&hellip;\n","protected":false},"author":2,"featured_media":271663,"comment_status":"","ping_status":"","sticky":false,"template":"","format":"standard","meta":{"footnotes":""},"categories":[1775],"tags":[1793,29,214,30,1794,215],"class_list":{"0":"post-271662","1":"post","2":"type-post","3":"status-publish","4":"format-standard","5":"has-post-thumbnail","7":"category-kunst-und-design","8":"tag-art-and-design","9":"tag-deutschland","10":"tag-entertainment","11":"tag-germany","12":"tag-kunst-und-design","13":"tag-unterhaltung"},"share_on_mastodon":{"url":"https:\/\/pubeurope.com\/@de\/114867087908126398","error":""},"_links":{"self":[{"href":"https:\/\/www.europesays.com\/de\/wp-json\/wp\/v2\/posts\/271662","targetHints":{"allow":["GET"]}}],"collection":[{"href":"https:\/\/www.europesays.com\/de\/wp-json\/wp\/v2\/posts"}],"about":[{"href":"https:\/\/www.europesays.com\/de\/wp-json\/wp\/v2\/types\/post"}],"author":[{"embeddable":true,"href":"https:\/\/www.europesays.com\/de\/wp-json\/wp\/v2\/users\/2"}],"replies":[{"embeddable":true,"href":"https:\/\/www.europesays.com\/de\/wp-json\/wp\/v2\/comments?post=271662"}],"version-history":[{"count":0,"href":"https:\/\/www.europesays.com\/de\/wp-json\/wp\/v2\/posts\/271662\/revisions"}],"wp:featuredmedia":[{"embeddable":true,"href":"https:\/\/www.europesays.com\/de\/wp-json\/wp\/v2\/media\/271663"}],"wp:attachment":[{"href":"https:\/\/www.europesays.com\/de\/wp-json\/wp\/v2\/media?parent=271662"}],"wp:term":[{"taxonomy":"category","embeddable":true,"href":"https:\/\/www.europesays.com\/de\/wp-json\/wp\/v2\/categories?post=271662"},{"taxonomy":"post_tag","embeddable":true,"href":"https:\/\/www.europesays.com\/de\/wp-json\/wp\/v2\/tags?post=271662"}],"curies":[{"name":"wp","href":"https:\/\/api.w.org\/{rel}","templated":true}]}}