{"id":271688,"date":"2025-07-17T06:24:18","date_gmt":"2025-07-17T06:24:18","guid":{"rendered":"https:\/\/www.europesays.com\/de\/271688\/"},"modified":"2025-07-17T06:24:18","modified_gmt":"2025-07-17T06:24:18","slug":"schleswig-holstein-aktuell-nachrichten-im-ueberblick-14","status":"publish","type":"post","link":"https:\/\/www.europesays.com\/de\/271688\/","title":{"rendered":"Schleswig-Holstein aktuell: Nachrichten im \u00dcberblick"},"content":{"rendered":"<p>        <img decoding=\"async\" src=\"https:\/\/www.europesays.com\/de\/wp-content\/uploads\/2025\/06\/nachrichtenkompakt126.webp\" alt=\"Grafik: Eine Sprechblase, in der die Kontur des Landes Schleswig-Holstein abgebildet ist.\" title=\"Grafik: Eine Sprechblase, in der die Kontur des Landes Schleswig-Holstein abgebildet ist. | NDR\" class=\"responsive\"\/><\/p>\n<p>\n            Stand: 17.07.2025 07:56 Uhr<\/p>\n<p class=\"preface\">Nachrichten aus Schleswig-Holstein vom 17. Juli 2025 &#8211; kompakt und aktuell im Newsblog von NDR SH: Lesen Sie hier im \u00dcberblick, was im Land passiert und noch wichtig wird.<\/p>\n<p class=\"\"><strong>Das Wichtigste in K\u00fcrze:<\/strong><\/p>\n<p>\n        07:30 Uhr\n    <\/p>\n<p>    Fahrradstationen an Bahnh\u00f6fen h\u00e4ufig verbesserungsw\u00fcrdig<\/p>\n<p class=\"\">\nDer ADFC hat die Abstellm\u00f6glichkeiten f\u00fcr Fahrr\u00e4der an allen gut 180 Bahnh\u00f6fen im Land \u00fcberpr\u00fcft. Im Vergleich zum Bike+Ride-Test vor zwei Jahren haben sich einige Stationen deutlich verbessert. Eine gute Note gibt es zum Beispiel f\u00fcr \u00fcberdachte und gesicherte Stellpl\u00e4tze. Jeden dritten Bahnhof im Land hat der ADFC allerdings mit &#8222;ungen\u00fcgend&#8220; oder &#8222;mangelhaft&#8220; bewertet, darunter <a href=\"https:\/\/www.ndr.de\/nachrichten\/schleswig-holstein\/Flensburg-Nachrichten-Hintergruende-und-Videos,flensburg6034.html\" title=\"Flensburg - Aktuelle Nachrichten und Videos\" target=\"_blank\" rel=\"noopener\">Flensburg<\/a>, <a href=\"https:\/\/www.ndr.de\/nachrichten\/schleswig-holstein\/Kiel-Aktuelle-Nachrichten-News-und-Videos,kiel7262.html\" title=\"Kiel - Aktuelle Nachrichten und Videos\" target=\"_blank\" rel=\"noopener\">Kiel<\/a> und <a href=\"https:\/\/www.ndr.de\/nachrichten\/schleswig-holstein\/Luebeck-Aktuelle-Nachrichten-und-Videos-,luebeck2802.html\" title=\"L\u00fcbeck - Aktuelle Nachrichten und Videos\" target=\"_blank\" rel=\"noopener\">L\u00fcbeck<\/a>. Der ADFC ruft alle Kommunen auf, zu pr\u00fcfen, wie Fahrr\u00e4der an Bahnh\u00f6fen besser abgestellt werden k\u00f6nnen. Das sei wichtig f\u00fcr die Pendler im Land. | NDR Schleswig-Holstein 17.07.2025 07:00 Uhr<\/p>\n<p>\n        07:08 Uhr\n    <\/p>\n<p>    Uni Kiel verbietet Islamische Hochschulgruppe<\/p>\n<p class=\"\">\nDie Christian-Albrechts-Universit\u00e4t zu <a href=\"https:\/\/www.ndr.de\/nachrichten\/schleswig-holstein\/Kiel-Aktuelle-Nachrichten-News-und-Videos,kiel7262.html\" title=\"Kiel - Aktuelle Nachrichten und Videos\" target=\"_blank\" rel=\"noopener\">Kiel<\/a> (CAU) entzieht der Islamischen Hochschulgruppe ihren Status. Der Grund sind angeblich antisemitische und frauenfeindliche Vorf\u00e4lle w\u00e4hrend der <a href=\"https:\/\/www.ndr.de\/nachrichten\/schleswig-holstein\/islamwoche-an-der-uni-kiel-sorgt-weiterhin-fuer-kritik,islamwochecau-100.html\" title=\"Islamwoche an der Uni Kiel sorgt weiterhin f\u00fcr Kritik\" target=\"_blank\" rel=\"noopener\">Islamwoche im Mai<\/a> an der Uni Kiel. Laut Universit\u00e4t konnten die Vorw\u00fcrfe bei einer \u00dcberpr\u00fcfung und einem Gespr\u00e4ch mit dem Vorstand der Gruppe am Mittwoch nicht ausger\u00e4umt werden. Die CAU pr\u00fcfe rechtliche Schritte &#8211; darunter Exmatrikulationen, Hausverbote gegen beteiligte Personen, die nicht an der Uni studieren und eine m\u00f6gliche Strafanzeige. | NDR Schleswig-Holstein 17.07.2025 06:00 Uhr<\/p>\n<p>\n        06:59 Uhr\n    <\/p>\n<p>    Zahl der ankommenden Gefl\u00fcchteten gesunken<\/p>\n<p class=\"\">\nLaut aktuellem Zuwanderungsbericht ist die Zahl der ankommenden Gefl\u00fcchteten im Land im ersten Halbjahr auf 3.000 Personen gesunken. Im Vorjahreszeitraum kamen rund 6.000 Menschen an. Das Land plant, die Kapazit\u00e4ten in den Erstaufnahmeeinrichtungen bis Ende 2027 deutlich zu verringern. Die Einrichtungen sind aktuell knapp zur H\u00e4lfte belegt. Zum Stichtag 30. Juni befanden sich rund 10.000 ausreisepflichtige Personen im Land. | NDR Schleswig-Holstein 17.07.2025 06:00 Uhr<\/p>\n<p>\n        06:55 Uhr\n    <\/p>\n<p>    Lachgasverbot f\u00fcr Kinder und Jugendliche<\/p>\n<p class=\"\">\nSeit Donnerstag (17.7.) ist der Verkauf und die Abgabe von Lachgas an Minderj\u00e4hrige verboten. Das Kabinett stimmte Anfang Juli einer entsprechenden Verordnung des Gesundheitsministeriums zu. Das Narkosemittel wird als Partydroge missbraucht. Das Einatmen von Lachgas kann zu massiven gesundheitlichen Sch\u00e4den f\u00fchren. Ein bundesweites Verbot ist geplant. | NDR Schleswig-Holstein 17.07.2025 06:00 Uhr<\/p>\n<p>        <img decoding=\"async\" src=\"https:\/\/www.europesays.com\/de\/wp-content\/uploads\/2025\/07\/lachgas114.webp\" alt=\"Lachgas ist in einem Snackautomaten in Gifhorn.\" title=\"Lachgas ist in einem Snackautomaten in Gifhorn. | NDR, Tino Nowitzki\" class=\"responsive\" loading=\"lazy\"\/><\/p>\n<p>Von heute an greift eine neue Verordnung in Schleswig-Holstein, die gezielt Minderj\u00e4hrige vor Missbrauch sch\u00fctzen soll.<\/p>\n<p>\n        06:53 Uhr\n    <\/p>\n<p>    F\u00f6rderzentren im Land \u00fcberlastet<\/p>\n<p class=\"\">\nViele <a href=\"https:\/\/www.ndr.de\/nachrichten\/schleswig-holstein\/klassen-zu-voll-raeume-zu-knapp-foerderzentren-in-sh-sind-am-limit,foerderzentren-100.html\" title=\"Klassen zu voll, R\u00e4ume zu knapp: F\u00f6rderzentren in SH sind am Limit\" target=\"_blank\" rel=\"noopener\">F\u00f6rderzentren in Schleswig-Holstein sind laut einer NDR Umfrage \u00fcberlastet<\/a>. Schultr\u00e4ger sind oft die Kreise. Fast alle melden Raumnot, viele Schulen nutzen bereits Container. Zudem fehlen nach Angaben der Gewerkschaft GEW und von Schulleitern Lehrkr\u00e4fte. An den Zentren lernen derzeit etwa 6.000 Kinder und Jugendliche, die besondere Unterst\u00fctzung brauchen. | NDR Schleswig-Holstein 17.07.2025 06:00 Uhr<\/p>\n<p>        <img decoding=\"async\" src=\"https:\/\/www.europesays.com\/de\/wp-content\/uploads\/2025\/07\/foerderzentren-104.webp\" alt=\"...\" title=\"... | NDR\" class=\"responsive\" loading=\"lazy\"\/><\/p>\n<p>Die Sch\u00fclerzahlen an den F\u00f6rderzentren in SH steigen &#8211; doch R\u00e4ume und Personal reichen oft nicht aus. Das sorgt f\u00fcr gro\u00dfe Probleme.<\/p>\n<p>\n        06:50 Uhr\n    <\/p>\n<p>    Betriebe erwarten gute Muschelsaison<\/p>\n<p class=\"\">\nSeit Mitte Juni ernten Muschelfischer in der Nordsee Muscheln. Die Betriebe erwarten in diesem Jahr erneut eine gute Saison mit rund 12 bis 13 Tonnen Muscheln. Ein gro\u00dfer Teil der Ernte wird laut Thorben Wagner, Inhaber einer <a href=\"https:\/\/www.ndr.de\/nachrichten\/schleswig-holstein\/Sylt-Aktuelle-News-und-Videos-von-der-Insel,sylt1522.html\" title=\"Sylt - Nachrichten und Videos von der Nordsee-Insel\" target=\"_blank\" rel=\"noopener\">Sylter<\/a> Muschelfischerei nach Frankreich und Belgien exportiert. Dort sei die Nachfrage bereits im Sommer recht hoch. In Deutschland startet die Saison demnach erst im Herbst. Viele Menschen glauben, Muscheln esse man nur in kalten Monaten mit &#8222;R&#8220;, so Wagner weiter. Das sei aber heutzutage nicht mehr ganz korrekt, da die Muscheln permanent gek\u00fchlt werden k\u00f6nnen. | NDR Schleswig-Holstein 17.07.2025 06:00 Uhr<\/p>\n<p>\n        07:01 Uhr\n    <\/p>\n<p>    Das Wetter in Schleswig-Holstein: Bew\u00f6lkt &#8211; Schauer und Gewitter m\u00f6glich<\/p>\n<p class=\"\">\nAm Tag ist es stark bew\u00f6lkt. Dabei kann es zeit- und gebietsweise zu Schauern und einzelnen Gewittern kommen. Im Tagesverlauf wird es von der Ostsee her trockener und es gibt Aufheiterungen mit Sonne. Die H\u00f6chstwerte liegen zwischen 20 Grad auf Amrum (<a href=\"https:\/\/www.ndr.de\/nachrichten\/schleswig-holstein\/Nordfriesland-Aktuelle-Nachrichten-und-Videos,nordfriesland174.html\" title=\"Nordfriesland - Aktuelle Nachrichten und Videos\" target=\"_blank\" rel=\"noopener\">Kreis Nordfriesland<\/a>) und 24 Grad in Wagersrott (<a href=\"https:\/\/www.ndr.de\/nachrichten\/schleswig-holstein\/Kreis-Schleswig-Flensburg-Aktuelle-Nachrichten-und-Videos,schleswigflensburg118.html\" title=\"Kreis Schleswig-Flensburg - Aktuelle Nachrichten und Videos\" target=\"_blank\" rel=\"noopener\">Kreis Schleswig-Flensburg<\/a>). | NDR Schleswig-Holstein 17.07.2025 07:00 Uhr<\/p>\n<p>        <img decoding=\"async\" src=\"https:\/\/www.europesays.com\/de\/wp-content\/uploads\/2025\/07\/wetter-630.webp\" alt=\"Wetterexperte Sebastian Wache steht im Studio mit der Wettervorhersage.\" title=\"Wetterexperte Sebastian Wache steht im Studio mit der Wettervorhersage. | NDR\" class=\"responsive\" loading=\"lazy\"\/><\/p>\n<p>NDR Schleswig-Holstein Wettermoderator Sebastian Wache mit den Aussichten f\u00fcr den 17. Juli und die folgenden Tage.<\/p>\n<p>        <img decoding=\"async\" src=\"https:\/\/www.europesays.com\/de\/wp-content\/uploads\/2025\/06\/podcastlogo104.webp\" alt=\"Ein Mikrofon vor zwei Menschen.\" title=\"Ein Mikrofon vor zwei Menschen. | NDR, Janis R\u00f6hlig\" class=\"responsive\" loading=\"lazy\"\/><\/p>\n<p>Alles, was f\u00fcr Schleswig-Holstein wichtig ist: Im Nachrichten-Podcast von NDR 1 Welle Nord h\u00f6ren Sie das Neueste aus Schleswig-Holstein, Deutschland und der Welt.<\/p>\n","protected":false},"excerpt":{"rendered":"Stand: 17.07.2025 07:56 Uhr Nachrichten aus Schleswig-Holstein vom 17. Juli 2025 &#8211; kompakt und aktuell im Newsblog von&hellip;\n","protected":false},"author":2,"featured_media":203443,"comment_status":"","ping_status":"","sticky":false,"template":"","format":"standard","meta":{"footnotes":""},"categories":[1852],"tags":[590,3364,29,548,663,3934,30,13,4949,17462,14,15,12,1971,17461,1973],"class_list":{"0":"post-271688","1":"post","2":"type-post","3":"status-publish","4":"format-standard","5":"has-post-thumbnail","7":"category-kiel","8":"tag-aktuell","9":"tag-de","10":"tag-deutschland","11":"tag-eu","12":"tag-europa","13":"tag-europe","14":"tag-germany","15":"tag-headlines","16":"tag-kiel","17":"tag-kompakt","18":"tag-nachrichten","19":"tag-news","20":"tag-schlagzeilen","21":"tag-schleswig-holstein","22":"tag-ueberblick","23":"tag-wetter"},"share_on_mastodon":{"url":"https:\/\/pubeurope.com\/@de\/114867146924206910","error":""},"_links":{"self":[{"href":"https:\/\/www.europesays.com\/de\/wp-json\/wp\/v2\/posts\/271688","targetHints":{"allow":["GET"]}}],"collection":[{"href":"https:\/\/www.europesays.com\/de\/wp-json\/wp\/v2\/posts"}],"about":[{"href":"https:\/\/www.europesays.com\/de\/wp-json\/wp\/v2\/types\/post"}],"author":[{"embeddable":true,"href":"https:\/\/www.europesays.com\/de\/wp-json\/wp\/v2\/users\/2"}],"replies":[{"embeddable":true,"href":"https:\/\/www.europesays.com\/de\/wp-json\/wp\/v2\/comments?post=271688"}],"version-history":[{"count":0,"href":"https:\/\/www.europesays.com\/de\/wp-json\/wp\/v2\/posts\/271688\/revisions"}],"wp:featuredmedia":[{"embeddable":true,"href":"https:\/\/www.europesays.com\/de\/wp-json\/wp\/v2\/media\/203443"}],"wp:attachment":[{"href":"https:\/\/www.europesays.com\/de\/wp-json\/wp\/v2\/media?parent=271688"}],"wp:term":[{"taxonomy":"category","embeddable":true,"href":"https:\/\/www.europesays.com\/de\/wp-json\/wp\/v2\/categories?post=271688"},{"taxonomy":"post_tag","embeddable":true,"href":"https:\/\/www.europesays.com\/de\/wp-json\/wp\/v2\/tags?post=271688"}],"curies":[{"name":"wp","href":"https:\/\/api.w.org\/{rel}","templated":true}]}}