{"id":271727,"date":"2025-07-17T06:47:24","date_gmt":"2025-07-17T06:47:24","guid":{"rendered":"https:\/\/www.europesays.com\/de\/271727\/"},"modified":"2025-07-17T06:47:24","modified_gmt":"2025-07-17T06:47:24","slug":"jan-delay-spricht-in-grand-prix-of-europe-einen-papageien-2","status":"publish","type":"post","link":"https:\/\/www.europesays.com\/de\/271727\/","title":{"rendered":"Jan Delay spricht in &#8222;Grand Prix of Europe&#8220; einen Papageien"},"content":{"rendered":"<p>Dabei spricht er einen die Autorennen kommentierenden Papageien. Die lustige Rolle habe gut gepasst. &#8222;Ich habe, glaube ich, bei sowas noch nie gesagt: Nein, das mache ich nicht.&#8220; Delay hat auch schon dem Raben Socke, Willi von Biene Maja sowie dem Superschurken Vector aus &#8222;Ich &#8211; Einfach unverbesserlich&#8220; seine Stimme geliehen.<\/p>\n<p>Der Animationsfilm &#8222;Grand Prix of Europe&#8220; wird im Rahmen des 50. Jubil\u00e4ums des Europa-Park im s\u00fcdbadischen Rust ver\u00f6ffentlicht und startet am 25. Juli in \u00d6sterreich in den Kinos. Darin geht es um die Maus Edda, die von einem Leben als Rennfahrerin tr\u00e4umt und ihr Idol Ed verg\u00f6ttert. Pl\u00f6tzlich ger\u00e4t sie mitten in den Rennzirkus und muss sich beweisen.<\/p>\n","protected":false},"excerpt":{"rendered":"Dabei spricht er einen die Autorennen kommentierenden Papageien. Die lustige Rolle habe gut gepasst. &#8222;Ich habe, glaube ich,&hellip;\n","protected":false},"author":2,"featured_media":271728,"comment_status":"","ping_status":"","sticky":false,"template":"","format":"standard","meta":{"footnotes":""},"categories":[3933],"tags":[331,332,29,548,663,158,3934,3935,92,692,13,81633,95,81632,9991,2549,81634,810,14,15,12,9992],"class_list":{"0":"post-271727","1":"post","2":"type-post","3":"status-publish","4":"format-standard","5":"has-post-thumbnail","7":"category-eu","8":"tag-aktuelle-nachrichten","9":"tag-aktuelle-news","10":"tag-deutschland","11":"tag-eu","12":"tag-europa","13":"tag-europaeische-union","14":"tag-europe","15":"tag-european-union","16":"tag-film","17":"tag-hamburg","18":"tag-headlines","19":"tag-hsh","20":"tag-kino","21":"tag-kultur-ausland","22":"tag-kurz","23":"tag-leute","24":"tag-lno","25":"tag-musik","26":"tag-nachrichten","27":"tag-news","28":"tag-schlagzeilen","29":"tag-wissen-update-me"},"share_on_mastodon":{"url":"https:\/\/pubeurope.com\/@de\/114867237596817008","error":""},"_links":{"self":[{"href":"https:\/\/www.europesays.com\/de\/wp-json\/wp\/v2\/posts\/271727","targetHints":{"allow":["GET"]}}],"collection":[{"href":"https:\/\/www.europesays.com\/de\/wp-json\/wp\/v2\/posts"}],"about":[{"href":"https:\/\/www.europesays.com\/de\/wp-json\/wp\/v2\/types\/post"}],"author":[{"embeddable":true,"href":"https:\/\/www.europesays.com\/de\/wp-json\/wp\/v2\/users\/2"}],"replies":[{"embeddable":true,"href":"https:\/\/www.europesays.com\/de\/wp-json\/wp\/v2\/comments?post=271727"}],"version-history":[{"count":0,"href":"https:\/\/www.europesays.com\/de\/wp-json\/wp\/v2\/posts\/271727\/revisions"}],"wp:featuredmedia":[{"embeddable":true,"href":"https:\/\/www.europesays.com\/de\/wp-json\/wp\/v2\/media\/271728"}],"wp:attachment":[{"href":"https:\/\/www.europesays.com\/de\/wp-json\/wp\/v2\/media?parent=271727"}],"wp:term":[{"taxonomy":"category","embeddable":true,"href":"https:\/\/www.europesays.com\/de\/wp-json\/wp\/v2\/categories?post=271727"},{"taxonomy":"post_tag","embeddable":true,"href":"https:\/\/www.europesays.com\/de\/wp-json\/wp\/v2\/tags?post=271727"}],"curies":[{"name":"wp","href":"https:\/\/api.w.org\/{rel}","templated":true}]}}