{"id":271770,"date":"2025-07-17T07:10:15","date_gmt":"2025-07-17T07:10:15","guid":{"rendered":"https:\/\/www.europesays.com\/de\/271770\/"},"modified":"2025-07-17T07:10:15","modified_gmt":"2025-07-17T07:10:15","slug":"centrum-kauft-koenigsallee-52-und-baut-fuer-luxusmarke-um-2","status":"publish","type":"post","link":"https:\/\/www.europesays.com\/de\/271770\/","title":{"rendered":"Centrum kauft K\u00f6nigsallee 52 und baut f\u00fcr Luxusmarke um"},"content":{"rendered":"<p class=\"text_ohne_einzug richtext text-em-55 !leading-serif mx-6 desktop:mx-0\">Dass sich an der K\u00f6, Ecke Steinstra\u00dfe etwas tut, l\u00e4sst sich seit Wochen beobachten: Handwerker haben das Geb\u00e4ude komplett einger\u00fcstet, Arbeiten an der Fassade stehen an. Wie die Stadt mitteilt, liegt ein Antrag auf Umbau vor. Was hinter der Fassade geplant ist, blieb bisher verborgen. Nun aber zeigen Recherchen unserer Redaktion, dass die Centrum-Gruppe an der <a href=\"https:\/\/rp-online.de\/thema\/koenigsallee\/\" rel=\"nofollow noopener\" target=\"_blank\">K\u00f6nigsallee<\/a> 52-54 ein gro\u00dfes Comeback feiert.<\/p>\n","protected":false},"excerpt":{"rendered":"Dass sich an der K\u00f6, Ecke Steinstra\u00dfe etwas tut, l\u00e4sst sich seit Wochen beobachten: Handwerker haben das Geb\u00e4ude&hellip;\n","protected":false},"author":2,"featured_media":270592,"comment_status":"","ping_status":"","sticky":false,"template":"","format":"standard","meta":{"footnotes":""},"categories":[1831],"tags":[81418,3364,365,29,3405,21728,30,5411,65944,1551,50847,11578,11580,5896,1209,81419,6441],"class_list":{"0":"post-271770","1":"post","2":"type-post","3":"status-publish","4":"format-standard","5":"has-post-thumbnail","7":"category-duesseldorf","8":"tag-centrum","9":"tag-de","10":"tag-deal","11":"tag-deutschland","12":"tag-duesseldorf","13":"tag-entwickler","14":"tag-germany","15":"tag-immobilie","16":"tag-immobilienkrise","17":"tag-insolvenz","18":"tag-insolvenzverwalter","19":"tag-kebekus","20":"tag-kebekuspartner","21":"tag-koenigsallee","22":"tag-nordrhein-westfalen","23":"tag-reppegather","24":"tag-uwe"},"share_on_mastodon":{"url":"https:\/\/pubeurope.com\/@de\/114867327757106090","error":""},"_links":{"self":[{"href":"https:\/\/www.europesays.com\/de\/wp-json\/wp\/v2\/posts\/271770","targetHints":{"allow":["GET"]}}],"collection":[{"href":"https:\/\/www.europesays.com\/de\/wp-json\/wp\/v2\/posts"}],"about":[{"href":"https:\/\/www.europesays.com\/de\/wp-json\/wp\/v2\/types\/post"}],"author":[{"embeddable":true,"href":"https:\/\/www.europesays.com\/de\/wp-json\/wp\/v2\/users\/2"}],"replies":[{"embeddable":true,"href":"https:\/\/www.europesays.com\/de\/wp-json\/wp\/v2\/comments?post=271770"}],"version-history":[{"count":0,"href":"https:\/\/www.europesays.com\/de\/wp-json\/wp\/v2\/posts\/271770\/revisions"}],"wp:featuredmedia":[{"embeddable":true,"href":"https:\/\/www.europesays.com\/de\/wp-json\/wp\/v2\/media\/270592"}],"wp:attachment":[{"href":"https:\/\/www.europesays.com\/de\/wp-json\/wp\/v2\/media?parent=271770"}],"wp:term":[{"taxonomy":"category","embeddable":true,"href":"https:\/\/www.europesays.com\/de\/wp-json\/wp\/v2\/categories?post=271770"},{"taxonomy":"post_tag","embeddable":true,"href":"https:\/\/www.europesays.com\/de\/wp-json\/wp\/v2\/tags?post=271770"}],"curies":[{"name":"wp","href":"https:\/\/api.w.org\/{rel}","templated":true}]}}