{"id":271782,"date":"2025-07-17T07:17:13","date_gmt":"2025-07-17T07:17:13","guid":{"rendered":"https:\/\/www.europesays.com\/de\/271782\/"},"modified":"2025-07-17T07:17:13","modified_gmt":"2025-07-17T07:17:13","slug":"acht-ob-kandidaturen-fuer-kommunalwahl-abgelehnt","status":"publish","type":"post","link":"https:\/\/www.europesays.com\/de\/271782\/","title":{"rendered":"Acht OB-Kandidaturen f\u00fcr Kommunalwahl abgelehnt"},"content":{"rendered":"<p>Wahlausschuss entscheidet <\/p>\n<p>Stadt K\u00f6ln lehnt acht OB-Kandidaturen ab<\/p>\n<p>17.07.2025 &#8211; 08:37 UhrLesedauer: 2 Min.<\/p>\n<p><a href=\"#focus-0\" class=\"transition-colors duration-200 focus-within:text-magenta block text-current relative\" data-sctrack=\"FocusGalleryImage.Reference\"><img fetchpriority=\"high\" data-testid=\"Opener.Image\" style=\"--lqipURL:url('https:\/\/images.t-online.de\/2025\/02\/6j-trixJ6ILU\/0x162:2048x1152\/fit-in\/150x0\/filters:blur(25)\/hohe-wahlbeteiligung-ein-waehler-wirft-seinen-stimmzettel-in-die-wahlurne.jpg')\"   loading=\"eager\" src=\"https:\/\/www.europesays.com\/de\/wp-content\/uploads\/2025\/07\/hohe-wahlbeteiligung-ein-waehler-wirft-seinen-stimmzettel-in-die-wahlurne.jpg\" alt=\"Hohe Wahlbeteiligung: Ein W\u00e4hler wirft seinen Stimmzettel in die Wahlurne.\" title=\"Hohe Wahlbeteiligung: Ein W\u00e4hler wirft seinen Stimmzettel in die Wahlurne.\" width=\"2048\" height=\"1152\" class=\"bg-[url:var(--lqipURL)] bg-cover bg-center flex h-full w-full max-w-full\" decoding=\"async\"\/><img style=\"--width:32;--height:32\" loading=\"lazy\" src=\"https:\/\/www.t-online.de\/s\/paper\/_next\/static\/media\/zoom-in.f7dae02f.svg\" alt=\"Vergr\u00f6\u00dfern des Bildes\" title=\"Vergr\u00f6\u00dfern des Bildes\" class=\"block h-[calc(var(--height)_\/_16_*_1rem)] w-[calc(var(--width)_\/_16_*_1rem)] max-w-none absolute bottom-8 right-8 rounded-4 bg-snow p-8\" decoding=\"async\"\/><\/a><\/p>\n<p>Ein Wahlzettel wird in eine Wahlurne geworfen: In K\u00f6ln sind 13 Kandidatinnen und Kandidaten zur Oberb\u00fcrgermeisterwahl zugelassen. (Quelle: Michael Kappeler)<\/p>\n<p class=\"font-bold text-18 leading-17\">Die Kandidaten f\u00fcr die K\u00f6lner Kommunalwahlen stehen fest. Insgesamt 13 Bewerber machen sich dabei Hoffnungen auf die Nachfolge von Henriette Reker.<\/p>\n<p class=\"text-18 leading-17\">Der Wahlausschuss der Stadt <a class=\"transition-colors duration-200 cursor-pointer text-inherit no-underline text-salemsfur md:hover:text-magenta md:hover:border-magenta md:focus:text-magenta border-current border-b border-solid break-words\" href=\"https:\/\/www.t-online.de\/region\/koeln\/\" data-sctrack=\"BodyAnchor\" rel=\"nofollow noopener\" target=\"_blank\">K\u00f6ln<\/a> hat offiziell \u00fcber alle Kandidatinnen und Kandidaten f\u00fcr die anstehenden <a class=\"transition-colors duration-200 cursor-pointer text-inherit no-underline text-salemsfur md:hover:text-magenta md:hover:border-magenta md:focus:text-magenta border-current border-b border-solid break-words\" href=\"https:\/\/www.t-online.de\/region\/koeln\/id_100820814\/kommunalwahl-in-koeln-spd-verspricht-sich-erfolge-in-groesser-nrw-stadt.html\" data-sctrack=\"BodyAnchor\" rel=\"nofollow noopener\" target=\"_blank\">Kommunalwahlen im September<\/a> entschieden. Dabei entschied das Gremium sowohl \u00fcber die Zulassung f\u00fcr die Kandidaturen f\u00fcr das Oberb\u00fcrgermeisteramt, als auch \u00fcber die einzelnen Kandidatinnen und Kandidaten f\u00fcr den Stadtrat und die neun Bezirksvertretungen.<\/p>\n<p class=\"text-18 leading-17\">Gleichzeitig lehnte der Wahlausschuss acht Kandidaturen f\u00fcr das OB-Amt ab, weil diese nicht die &#8222;notwendigen Voraussetzungen f\u00fcr eine Kandidatur&#8220; erf\u00fcllt h\u00e4tten. Alle acht weiteren Bewerber haben dabei nicht gen\u00fcgend Unterschriften f\u00fcr eine Kandidatur zusammenbekommen. Darunter waren sechs Einzelbewerber sowie Kandidaten der Deutschen Kommunistischen Partei und der Basisdemokratischen Partei Deutschlands.<\/p>\n<p class=\"text-18 leading-17\">Neben den OB-Kandidatinnen und -Kandidaten wurde auch \u00fcber die Listen f\u00fcr Rat und Bezirksvertretungen entschieden. Insgesamt sind bei der Stadt fristgerecht 1.819 Kandidaturen eingegangen. &#8222;Davon konnten insgesamt 56 Kandidaturen f\u00fcr die Ratswahl, 13 f\u00fcr die Reservelisten und 35 Kandidaturen f\u00fcr die Wahl der Bezirksvertretungen die notwendigen Voraussetzungen nicht erf\u00fcllen&#8220;, hei\u00dft es seitens der Stadt weiter.<\/p>\n<p class=\"text-18 leading-17\">In den meisten F\u00e4llen handelt es sich hier ebenfalls um fehlende Unterschriften, bei einigen Bewerbern fehlte eine Zustimmungserkl\u00e4rung f\u00fcr die Kandidatur.<\/p>\n<p class=\"text-18 leading-17\">Insgesamt 45 Sitze im <a class=\"transition-colors duration-200 cursor-pointer text-inherit no-underline text-salemsfur md:hover:text-magenta md:hover:border-magenta md:focus:text-magenta border-current border-b border-solid break-words\" href=\"https:\/\/www.t-online.de\/region\/koeln\/id_100801236\/ebertplatz-parkstadt-parkgebuehren-darueber-entscheidet-der-koelner-rat.html\" data-sctrack=\"BodyAnchor\" rel=\"nofollow noopener\" target=\"_blank\">Rat<\/a> werden per Direktmandat in den einzelnen Wahlbezirken vergeben. Die restlichen 45 Pl\u00e4tze dagegen werden nach Gesamtstimmenanteil aufgeteilt. Hierzu wird dann eine sogenannte Reserveliste ber\u00fccksichtigt. Diese haben zw\u00f6lf Parteien oder Ratsgruppen erfolgreich eingereicht, zwei weniger als 2020.<\/p>\n<p class=\"text-18 leading-17\">Die Kommunalwahlen in K\u00f6ln finden am 14. September gemeinsam mit den Wahlen zum Integrationsrat statt. Ab dem 1. August d\u00fcrfen die Parteien offiziell ihre <a class=\"transition-colors duration-200 cursor-pointer text-inherit no-underline text-salemsfur md:hover:text-magenta md:hover:border-magenta md:focus:text-magenta border-current border-b border-solid break-words\" href=\"https:\/\/www.t-online.de\/region\/koeln\/id_100595558\/afd-wahlplakate-in-koeln-sorgen-fuer-empoerung-finanziert-aus-oesterreich.html\" data-sctrack=\"BodyAnchor\" rel=\"nofollow noopener\" target=\"_blank\">Wahlplakate<\/a> im Stadtgebiet aufh\u00e4ngen.<\/p>\n","protected":false},"excerpt":{"rendered":"Wahlausschuss entscheidet Stadt K\u00f6ln lehnt acht OB-Kandidaturen ab 17.07.2025 &#8211; 08:37 UhrLesedauer: 2 Min. Ein Wahlzettel wird in&hellip;\n","protected":false},"author":2,"featured_media":271783,"comment_status":"","ping_status":"","sticky":false,"template":"","format":"standard","meta":{"footnotes":""},"categories":[1828],"tags":[81653,29,30,2659,22589,1420,10917,1209,3655,184,45058,81651,81652],"class_list":{"0":"post-271782","1":"post","2":"type-post","3":"status-publish","4":"format-standard","5":"has-post-thumbnail","7":"category-koeln","8":"tag-andreas-kossiski","9":"tag-deutschland","10":"tag-germany","11":"tag-henriette-reker","12":"tag-kandidatur","13":"tag-koeln","14":"tag-kommunalwahl","15":"tag-nordrhein-westfalen","16":"tag-oberbuergermeisterwahl","17":"tag-spd","18":"tag-stichwahl","19":"tag-wahlausschuss","20":"tag-wahlzettel"},"share_on_mastodon":{"url":"https:\/\/pubeurope.com\/@de\/114867355341877448","error":""},"_links":{"self":[{"href":"https:\/\/www.europesays.com\/de\/wp-json\/wp\/v2\/posts\/271782","targetHints":{"allow":["GET"]}}],"collection":[{"href":"https:\/\/www.europesays.com\/de\/wp-json\/wp\/v2\/posts"}],"about":[{"href":"https:\/\/www.europesays.com\/de\/wp-json\/wp\/v2\/types\/post"}],"author":[{"embeddable":true,"href":"https:\/\/www.europesays.com\/de\/wp-json\/wp\/v2\/users\/2"}],"replies":[{"embeddable":true,"href":"https:\/\/www.europesays.com\/de\/wp-json\/wp\/v2\/comments?post=271782"}],"version-history":[{"count":0,"href":"https:\/\/www.europesays.com\/de\/wp-json\/wp\/v2\/posts\/271782\/revisions"}],"wp:featuredmedia":[{"embeddable":true,"href":"https:\/\/www.europesays.com\/de\/wp-json\/wp\/v2\/media\/271783"}],"wp:attachment":[{"href":"https:\/\/www.europesays.com\/de\/wp-json\/wp\/v2\/media?parent=271782"}],"wp:term":[{"taxonomy":"category","embeddable":true,"href":"https:\/\/www.europesays.com\/de\/wp-json\/wp\/v2\/categories?post=271782"},{"taxonomy":"post_tag","embeddable":true,"href":"https:\/\/www.europesays.com\/de\/wp-json\/wp\/v2\/tags?post=271782"}],"curies":[{"name":"wp","href":"https:\/\/api.w.org\/{rel}","templated":true}]}}