{"id":271866,"date":"2025-07-17T08:04:12","date_gmt":"2025-07-17T08:04:12","guid":{"rendered":"https:\/\/www.europesays.com\/de\/271866\/"},"modified":"2025-07-17T08:04:12","modified_gmt":"2025-07-17T08:04:12","slug":"mexikos-praesidentin-sheinbaum-will-wegen-todesfaellen-ice-verklagen","status":"publish","type":"post","link":"https:\/\/www.europesays.com\/de\/271866\/","title":{"rendered":"Mexikos Pr\u00e4sidentin Sheinbaum will wegen Todesf\u00e4llen ICE verklagen"},"content":{"rendered":"<p>Nach Tod von Einwanderer <\/p>\n<p>Mexikos Pr\u00e4sidentin will US-Beh\u00f6rde verklagen<\/p>\n<p>17.07.2025 &#8211; 09:30 UhrLesedauer: 2 Min.<\/p>\n<p><a href=\"#focus-0\" class=\"transition-colors duration-200 focus-within:text-magenta block text-current relative\" data-sctrack=\"FocusGalleryImage.Reference\"><img fetchpriority=\"high\" data-testid=\"Opener.Image\" style=\"--lqipURL:url('https:\/\/images.t-online.de\/2024\/11\/7kfDxuAcFohT\/580x460:3134x1763\/fit-in\/150x0\/filters:blur(25)\/mexikos-praesidentin-sheinbaum-die-linke-schliesst-einen-handelskrieg-mit-den-usa-aus.jpg')\"   loading=\"eager\" src=\"https:\/\/www.europesays.com\/de\/wp-content\/uploads\/2025\/07\/mexikos-praesidentin-sheinbaum-die-linke-schliesst-einen-handelskrieg-mit-den-usa-aus.jpg\" alt=\"Mexikos Pr\u00e4sidentin Sheinbaum: Die Linke schlie\u00dft einen Handelskrieg mit den USA aus.\" title=\"Mexikos Pr\u00e4sidentin Sheinbaum: Die Linke schlie\u00dft einen Handelskrieg mit den USA aus.\" width=\"3134\" height=\"1763\" class=\"bg-[url:var(--lqipURL)] bg-cover bg-center flex h-full w-full max-w-full\" decoding=\"async\"\/><img style=\"--width:32;--height:32\" loading=\"lazy\" src=\"https:\/\/www.t-online.de\/s\/paper\/_next\/static\/media\/zoom-in.f7dae02f.svg\" alt=\"Vergr\u00f6\u00dfern des Bildes\" title=\"Vergr\u00f6\u00dfern des Bildes\" class=\"block h-[calc(var(--height)_\/_16_*_1rem)] w-[calc(var(--width)_\/_16_*_1rem)] max-w-none absolute bottom-8 right-8 rounded-4 bg-snow p-8\" decoding=\"async\"\/><\/a><\/p>\n<p>Mexikos Pr\u00e4sidentin Claudia Sheinbaum: Ihr Land erw\u00e4gt rechtliche Schirtte gegen ICE. (Quelle: IMAGO\/Eyepix\/ABACA)<\/p>\n<p class=\"font-bold text-18 leading-17\">Die Regierung Trump hat vor allem Einwanderer aus Mexiko ins Visier genommen. Jetzt hat die Pr\u00e4sidentin des Nachbarlandes eine Reaktion angek\u00fcndigt.<\/p>\n<p class=\"text-18 leading-17\"><a class=\"transition-colors duration-200 cursor-pointer text-inherit no-underline text-salemsfur md:hover:text-magenta md:hover:border-magenta md:focus:text-magenta border-current border-b border-solid break-words\" href=\"https:\/\/www.t-online.de\/themen\/mexiko\/\" data-sctrack=\"BodyAnchor\" target=\"_blank\" rel=\"noopener\">Mexiko<\/a> erw\u00e4gt rechtliche Schritte gegen die US-Ausl\u00e4nderbeh\u00f6rde ICE. Das erkl\u00e4rte die mexikanische Pr\u00e4sidentin Claudia Sheinbaum am Dienstag in einer Ansprache. Konkreter Ausl\u00f6ser ist der Tod des mexikanischen Einwanderers Jaime Alanis Garcia infolge einer ICE-Razzia in <a class=\"transition-colors duration-200 cursor-pointer text-inherit no-underline text-salemsfur md:hover:text-magenta md:hover:border-magenta md:focus:text-magenta border-current border-b border-solid break-words\" href=\"https:\/\/www.t-online.de\/themen\/kalifornien\/\" data-sctrack=\"BodyAnchor\" target=\"_blank\" rel=\"noopener\">Kalifornien<\/a>. Garcia st\u00fcrzte, wie unter anderem &#8222;newsweek.com&#8220; schreibt, bei seinem Fluchtversuch von einem Hausdach. Der 56-J\u00e4hrige hinterl\u00e4sst eine Frau und eine Tochter.<\/p>\n<p class=\"text-18 leading-17\">Die Familie Garcias schreibt in ihrem Spendenaufruf auf der Seite &#8222;gofundme.com&#8220;, dass er bei dem Sturz einen Genick- und Sch\u00e4delbruch erlitten habe. Er soll fast zehn Meter in die Tiefe gefallen sein, von einem Glashaus bei seinem Arbeitgeber.<\/p>\n<p class=\"text-18 leading-17\">Wie das Nachrichtenportal &#8222;L.A. Taco&#8220; schreibt, entschloss sich die Familie im Krankhaus dazu, die lebenserhaltenden Ma\u00dfnahmen abzuschalten. Garcia hinterl\u00e4sst eine Frau und eine Tochter.<\/p>\n<p class=\"text-18 leading-17\">Mexikos Pr\u00e4sidentin Sheinbaum erkl\u00e4rte in ihrer Ansprache, dass ihre Regierung die Familie Garcias unterst\u00fctzen wolle: &#8222;Die Familie wurde kontaktiert, und wir pr\u00fcfen auch die M\u00f6glichkeit, dort Anzeige zu erstatten, da dies nicht akzeptabel ist.&#8220; Derzeit w\u00fcrde das mexikanische Au\u00dfenministerium pr\u00fcfen, welche Ma\u00dfnahmen ergriffen werden k\u00f6nnen. Laut den Zahlen Sheinbaums sind seit dem Amtsantritt Donald Trumps 68.790 Mexikaner aus den <a class=\"transition-colors duration-200 cursor-pointer text-inherit no-underline text-salemsfur md:hover:text-magenta md:hover:border-magenta md:focus:text-magenta border-current border-b border-solid break-words\" href=\"https:\/\/www.t-online.de\/themen\/usa\/\" data-sctrack=\"BodyAnchor\" target=\"_blank\" rel=\"noopener\">USA<\/a> abgeschoben.<\/p>\n<p class=\"text-18 leading-17\">Die Situation zwischen Mexiko und den USA gilt schon l\u00e4nger als angespannt. So hat US-Pr\u00e4sident Trump unter anderem drei\u00dfigprozentige Strafz\u00f6lle gegen Mexiko angek\u00fcndigt, die ab dem 1. August in Kraft treten sollen. Er wirft dem Land vor, nicht ausreichend gegen Migration und Drogenhandel vorzugehen.<\/p>\n","protected":false},"excerpt":{"rendered":"Nach Tod von Einwanderer Mexikos Pr\u00e4sidentin will US-Beh\u00f6rde verklagen 17.07.2025 &#8211; 09:30 UhrLesedauer: 2 Min. Mexikos Pr\u00e4sidentin Claudia&hellip;\n","protected":false},"author":2,"featured_media":271867,"comment_status":"","ping_status":"","sticky":false,"template":"","format":"standard","meta":{"footnotes":""},"categories":[3977],"tags":[326,522,331,332,25048,106,13,2229,81668,2847,208,14,15,12,4017,4018,4016,64,4019,4020],"class_list":{"0":"post-271866","1":"post","2":"type-post","3":"status-publish","4":"format-standard","5":"has-post-thumbnail","7":"category-usa","8":"tag-326","9":"tag-522","10":"tag-aktuelle-nachrichten","11":"tag-aktuelle-news","12":"tag-claudia-sheinbaum","13":"tag-donald-trump","14":"tag-headlines","15":"tag-ice","16":"tag-jaime-alanis-garcia","17":"tag-kalifornien","18":"tag-mexiko","19":"tag-nachrichten","20":"tag-news","21":"tag-schlagzeilen","22":"tag-united-states","23":"tag-united-states-of-america","24":"tag-us","25":"tag-usa","26":"tag-vereinigte-staaten","27":"tag-vereinigte-staaten-von-amerika"},"share_on_mastodon":{"url":"https:\/\/pubeurope.com\/@de\/114867540315286721","error":""},"_links":{"self":[{"href":"https:\/\/www.europesays.com\/de\/wp-json\/wp\/v2\/posts\/271866","targetHints":{"allow":["GET"]}}],"collection":[{"href":"https:\/\/www.europesays.com\/de\/wp-json\/wp\/v2\/posts"}],"about":[{"href":"https:\/\/www.europesays.com\/de\/wp-json\/wp\/v2\/types\/post"}],"author":[{"embeddable":true,"href":"https:\/\/www.europesays.com\/de\/wp-json\/wp\/v2\/users\/2"}],"replies":[{"embeddable":true,"href":"https:\/\/www.europesays.com\/de\/wp-json\/wp\/v2\/comments?post=271866"}],"version-history":[{"count":0,"href":"https:\/\/www.europesays.com\/de\/wp-json\/wp\/v2\/posts\/271866\/revisions"}],"wp:featuredmedia":[{"embeddable":true,"href":"https:\/\/www.europesays.com\/de\/wp-json\/wp\/v2\/media\/271867"}],"wp:attachment":[{"href":"https:\/\/www.europesays.com\/de\/wp-json\/wp\/v2\/media?parent=271866"}],"wp:term":[{"taxonomy":"category","embeddable":true,"href":"https:\/\/www.europesays.com\/de\/wp-json\/wp\/v2\/categories?post=271866"},{"taxonomy":"post_tag","embeddable":true,"href":"https:\/\/www.europesays.com\/de\/wp-json\/wp\/v2\/tags?post=271866"}],"curies":[{"name":"wp","href":"https:\/\/api.w.org\/{rel}","templated":true}]}}