{"id":271923,"date":"2025-07-17T08:35:15","date_gmt":"2025-07-17T08:35:15","guid":{"rendered":"https:\/\/www.europesays.com\/de\/271923\/"},"modified":"2025-07-17T08:35:15","modified_gmt":"2025-07-17T08:35:15","slug":"event-highlight-zum-frankfurt-finance-future-summit-kommen-die-entscheider-der-finanz-und-realwirtschaft-weimer-media-group-gmbh-story","status":"publish","type":"post","link":"https:\/\/www.europesays.com\/de\/271923\/","title":{"rendered":"Event-Highlight: Zum FRANKFURT FINANCE &#038; FUTURE SUMMIT kommen die Entscheider der Finanz- und Realwirtschaft, Weimer Media Group GmbH, Story"},"content":{"rendered":"<p>Es ist der gro\u00dfe Zukunftsgipfel der Finanz- und Realwirtschaft in der Main-Metropole: Die <a href=\"http:\/\/www.weimermedia.de\" class=\"bbcode_url\" target=\"_blank\" rel=\"noopener\">WEIMER MEDIA GROUP<\/a> veranstaltet am 22. und 23. Oktober 2025 mit dem <a href=\"http:\/\/www.frankfurtfinanceandfuturesummit.com\" class=\"bbcode_url\" target=\"_blank\" rel=\"noopener\">FRANKFURT FINANCE &amp; FUTURE SUMMIT<\/a> ein bedeutendes Event f\u00fcr finanz- und zukunftsorientierte Entscheider aus Wirtschaft, Politik und Gesellschaft. Unter der Schirmherrschaft des Hessischen Ministerpr\u00e4sidenten Boris Rhein erleben die G\u00e4ste f\u00fcnf Events an zwei Tagen im St\u00e4del Museum, Kap Europa und Gibson Club. Formate des FRANKFURT FINANCE &amp; FUTURE SUMMIT sind die Frankfurt Finance &amp; Future Convention, der Mittelstandspreis der Medien, die IPO Night sowie die Marken Gala 2.0 und Krypto-Party. ntv begleitet die zweit\u00e4gige Veranstaltung als Medienpartner.<\/p>\n<p>\u201eUnsere erfolgreiche Veranstaltung im letzten Jahr ist f\u00fcr uns Ansporn genug, auch 2025 zwei hochspannende Kongresstage im Herzen der Stadt Frankfurt zu organisieren\u201c, sagt Christiane Goetz-Weimer, Verlegerin der WEIMER MEDIA GROUP. \u201eDie deutsche Wirtschaft braucht einen starken Finanzplatz und genau da wollen wir die wichtigsten Themen, die f\u00fcr die Zukunft unseres Landes wichtig sind, mit f\u00fchrenden K\u00f6pfen diskutieren und L\u00f6sungen anbieten. Die Teilnehmer erhalten beim Summit einen hohen Nutzwert sowie ein starkes Netzwerk.\u201c<\/p>\n<p>Der Schirmherr und Hessische Ministerpr\u00e4sident Boris Rhein wird den ersten Tag der Convention am 22. Oktober 2025, der sehr stark im Zeichen des Themas Finanzen stehen wird, mit einem Impulsvortrag er\u00f6ffnen. Zu den weiteren Top-Speakern an diesem Tag z\u00e4hlen unter anderem Commerzbank CEO Dr. Bettina Orlopp und die Vizepr\u00e4sidentin der European Investment Bank, Nicola Beer. Den Schlusspunkt des ersten Kongresstages bildet der Auftritt von EZB-Pr\u00e4sidentin Christine Lagarde, die zum Thema \u201eFrankfurt first! Was braucht der wichtigste EU-Finanzplatz im globalen Wettbewerb?\u201c, sprechen wird.<\/p>\n<p>Am Abend des ersten Tages feiert die WEIMER MEDIA GROUP bei der IPO Night gemeinsam mit der DEUTSCHEN B\u00d6RSE vor versammelter Hochfinanz die Kunst des B\u00f6rsengangs im glanzvollen St\u00e4del Museum. Was bewegt den deutschen Aktien- und Kapitalmarkt? Welche Unternehmen haben besonders erfolgreiche Schritte auf dem Parkett gemacht? Im letzten Jahr wurden die Unternehmen Schott Pharma, Talanx und Helsing ausgezeichnet.<\/p>\n<p>Am zweiten Tag der Convention blicken f\u00fchrende K\u00f6pfe aus Wirtschaft und Politik in die Zukunft. Beim \u201eFuture Day\u201c erfahren die Teilnehmer unter anderem, wie Innovationen schneller verf\u00fcgbar werden, wie urbane Infrastrukturen neu gedacht werden k\u00f6nnen und wie E-Commerce ein Booster f\u00fcr den station\u00e4ren Handel werden kann.<\/p>\n<p>Nach vielen Diskussionen auf den B\u00fchnen im Kap Europa bildet am Abend des 23. Oktober 2025 unter dem Motto \u201eDine &amp; Dance\u201c ein feierliches Networking das Konferenz-Finale. Ab 19.30 Uhr ist der Gibson Club erstmals Schauplatz der Marken Gala 2.0, kombiniert mit der Premiere der Krypto-Party.<\/p>\n<p>Einen filmischen Vorgeschmack auf den FRANKFURT FINANCE &amp; FUTURE SUMMIT gibt es <a href=\"https:\/\/www.youtube.com\/watch?v=QT3zxc7Mtas\" class=\"bbcode_url\" target=\"_blank\" rel=\"noopener\">hier<\/a>.<\/p>\n","protected":false},"excerpt":{"rendered":"Es ist der gro\u00dfe Zukunftsgipfel der Finanz- und Realwirtschaft in der Main-Metropole: Die WEIMER MEDIA GROUP veranstaltet am&hellip;\n","protected":false},"author":2,"featured_media":271924,"comment_status":"","ping_status":"","sticky":false,"template":"","format":"standard","meta":{"footnotes":""},"categories":[1829],"tags":[23777,3353,69,29,81686,67561,2050,2051,30,81685,2052,81689,81684,81688,81687,81682,51522,81683,81681],"class_list":{"0":"post-271923","1":"post","2":"type-post","3":"status-publish","4":"format-standard","5":"has-post-thumbnail","7":"category-frankfurt-am-main","8":"tag-boris-rhein","9":"tag-christine-lagarde","10":"tag-convention","11":"tag-deutschland","12":"tag-dr-bettina-orlopp","13":"tag-finanzwirtschaft","14":"tag-frankfurt","15":"tag-frankfurt-am-main","16":"tag-germany","17":"tag-gibson-club","18":"tag-hessen","19":"tag-ipo-night","20":"tag-kap-europa","21":"tag-krypto-party","22":"tag-marken-gala-2-0","23":"tag-realwirtschaft","24":"tag-staedel-museum","25":"tag-weimer-media-group","26":"tag-zukunftsgipfel"},"share_on_mastodon":{"url":"https:\/\/pubeurope.com\/@de\/114867661963610651","error":""},"_links":{"self":[{"href":"https:\/\/www.europesays.com\/de\/wp-json\/wp\/v2\/posts\/271923","targetHints":{"allow":["GET"]}}],"collection":[{"href":"https:\/\/www.europesays.com\/de\/wp-json\/wp\/v2\/posts"}],"about":[{"href":"https:\/\/www.europesays.com\/de\/wp-json\/wp\/v2\/types\/post"}],"author":[{"embeddable":true,"href":"https:\/\/www.europesays.com\/de\/wp-json\/wp\/v2\/users\/2"}],"replies":[{"embeddable":true,"href":"https:\/\/www.europesays.com\/de\/wp-json\/wp\/v2\/comments?post=271923"}],"version-history":[{"count":0,"href":"https:\/\/www.europesays.com\/de\/wp-json\/wp\/v2\/posts\/271923\/revisions"}],"wp:featuredmedia":[{"embeddable":true,"href":"https:\/\/www.europesays.com\/de\/wp-json\/wp\/v2\/media\/271924"}],"wp:attachment":[{"href":"https:\/\/www.europesays.com\/de\/wp-json\/wp\/v2\/media?parent=271923"}],"wp:term":[{"taxonomy":"category","embeddable":true,"href":"https:\/\/www.europesays.com\/de\/wp-json\/wp\/v2\/categories?post=271923"},{"taxonomy":"post_tag","embeddable":true,"href":"https:\/\/www.europesays.com\/de\/wp-json\/wp\/v2\/tags?post=271923"}],"curies":[{"name":"wp","href":"https:\/\/api.w.org\/{rel}","templated":true}]}}