{"id":272102,"date":"2025-07-17T10:13:15","date_gmt":"2025-07-17T10:13:15","guid":{"rendered":"https:\/\/www.europesays.com\/de\/272102\/"},"modified":"2025-07-17T10:13:15","modified_gmt":"2025-07-17T10:13:15","slug":"so-klingt-alvaro-soler-als-schlumpf","status":"publish","type":"post","link":"https:\/\/www.europesays.com\/de\/272102\/","title":{"rendered":"So klingt \u00c1lvaro Soler als Schlumpf!"},"content":{"rendered":"<p>\u00c1lvaro Soler ist nicht nur S\u00e4nger. Der 34-J\u00e4hrige ist jetzt unter die Schl\u00fcmpfe gegangen und macht beim neuen Kinofilm \u201eDie Schl\u00fcmpfe\u201c mit.<\/p>\n<p>Man kennt die Schl\u00fcmpfe als kleine, blaue Wesen mit wei\u00dfen M\u00fctzen und liebenswerten Macken. Einer davon ist jetzt <a href=\"https:\/\/www.swr3.de\/events\/swr3-praesentation-alvaro-soler-konzert-stuttgart-100.html\" class=\"link link-inline inline-link\" title=\"SWR3 pr\u00e4sentiert: - Alvaro Soler in in Stuttgart am 01.05.26\" rel=\"nofollow noopener\" target=\"_blank\">\u00c1lvaro Soler<\/a>. Der S\u00e4nger hat im neuen Film \u201eDie Schl\u00fcmpfe: Der gro\u00dfe Kinofilm\u201c dem Schlumpf No Name seine Stimme geliehen.<\/p>\n<p>\u00c1lvaro Soler als Schlumpf No Name im Kino \u2013 hier die Filmkritik!<\/p>\n<p>No Name ist aber nicht nur irgendein Schlumpf. Er hat die Hauptrolle im neuen Kinofilm. \u00c1lvaro Soler ist sehr gl\u00fccklich, dass er diese Synchron-Rolle bekommen hat. Im SWR3 Interview verriet er:<\/p>\n<blockquote class=\"quote-blockquote\">\n<p>Meine Oma kommt aus Belgien. Bei mir zu Hause gab&#8217;s immer viele Schl\u00fcmpfe \u2013 so kleine Schlumpffiguren, die ganzen Comics. Deswegen war ich erstmal voll geflasht und war nat\u00fcrlich super happy, dass ich gefragt wurde, die Hauptrolle zu machen.<\/p>\n<\/blockquote>\n<p>Hier spricht SWR3 Filmfrau Anna Wollner \u00fcber den neuen Schlumpf-Film. Den Titelsong von Rihanna gibts dabei auch gleich mit aufs Ohr: <\/p>\n<p><img src=\"https:\/\/www.europesays.com\/de\/wp-content\/uploads\/2025\/04\/1718961496036,logo-232~_v-16x9@2dXS_-b9bac15fe0af001f663131e7814653aed0ad7167.jpg\"   class=\"\" data-copyright=\"Foto: SWR\" alt=\"Logo SWR3\" title=\"Logo SWR3 (Foto: SWR)\" width=\"320\" height=\"180\" loading=\"lazy\" decoding=\"async\"\/><\/p>\n<p><a href=\"https:\/\/www.swr3.de\/media-assets\/schlumpf-film-ist-besonders-und-sehr-unterhaltsam-100.html\" title=\"Nachrichten - Schlumpf-Film ist \u201ebesonders und sehr unterhaltsam\u201c\" class=\"link\" rel=\"nofollow noopener\" target=\"_blank\"><br \/>\nNachrichten<br \/>\n17.7.2025<\/p>\n<p>Schlumpf-Film ist \u201ebesonders und sehr unterhaltsam\u201c<br \/>\n<\/a><\/p>\n<dl>\n<dt class=\"media-duration\">Dauer<\/dt>\n<dd class=\"media-duration\">\n5:38<br \/>\nmin<\/p>\n<\/dd>\n<\/dl>\n<p>SWR3 Filmfrau Anna Wollner \u00fcber den neuen Schlumpf-Film. Den Titelsong von Rihanna gibts dabei auch gleich mit aufs Ohr!\n<\/p>\n<p>Alvaro Soler: So kam Schlumpf \u201eNo Name\u201c zu seinem Namen<\/p>\n<p>Vor dem Kino-Start gab S\u00e4nger Soler auch einen kleinen Einblick, was seine Rolle so mit sich bringt. \u201eDer Schlumpf hei\u00dft so, weil er noch nicht wei\u00df, was seine besondere F\u00e4higkeit ist\u201c, erkl\u00e4rt \u00c1lvaro Soler. <\/p>\n<p>Breisach am Rhein<\/p>\n<p><a href=\"https:\/\/www.swr3.de\/musik\/news\/alvaro-soler-holt-fan-auf-buehne-100.html\" title=\"Wow \ud83e\udd79 - Krasse Performance mit 9 Jahren: Ella \u00fcberrascht bei \u00c1lvaro Soler am Schlagzeug\" class=\"teasertracking clickzone link\" role=\"presentation\" tabindex=\"-1\" rel=\"nofollow noopener\" target=\"_blank\"><\/p>\n<p><img src=\"https:\/\/www.europesays.com\/de\/wp-content\/uploads\/2025\/07\/1751896961174,alvaro-soler-holt-fan-auf-buehne-118~_v-16x9@2dXS_-b9bac15fe0af001f663131e7814653aed0a.jpeg\"   class=\"\" data-copyright=\"Foto: SWR3, Ophelia Schall\" alt=\"Fan Ella m\u00f6chte Schlagzeug spielen, w\u00e4hrend Alvaro Soler singt. Sie h\u00e4lt im Publikum ein Schild hoch.\" title=\"Fan Ella m\u00f6chte Schlagzeug spielen, w\u00e4hrend Alvaro Soler singt. Sie h\u00e4lt im Publikum ein Schild hoch. (Foto: SWR3, Ophelia Schall)\" width=\"320\" height=\"180\" loading=\"lazy\" decoding=\"async\"\/><\/p>\n<p><\/a><\/p>\n<p><a href=\"https:\/\/www.swr3.de\/musik\/news\/alvaro-soler-holt-fan-auf-buehne-100.html\" title=\"Wow \ud83e\udd79 - Krasse Performance mit 9 Jahren: Ella \u00fcberrascht bei \u00c1lvaro Soler am Schlagzeug\" class=\"teasertracking clickzone link\" rel=\"nofollow noopener\" target=\"_blank\"><br \/>\nWow \ud83e\udd79<br \/>\nKrasse Performance mit 9 Jahren: Ella \u00fcberrascht bei \u00c1lvaro Soler am Schlagzeug<br \/>\n<\/a><\/p>\n<p><a href=\"https:\/\/www.swr3.de\/musik\/news\/alvaro-soler-holt-fan-auf-buehne-100.html\" title=\"Wow \ud83e\udd79 - Krasse Performance mit 9 Jahren: Ella \u00fcberrascht bei \u00c1lvaro Soler am Schlagzeug\" class=\"teasertracking clickzone link\" rel=\"nofollow noopener\" target=\"_blank\"><\/p>\n<p>Aus der Reihe: Konzertmomente, die wir lieben! \u00c1lvaro Soler holt Fan Ella auf B\u00fchne und dann passiert Magie. \u2728 Hier gibts das Video!\n<\/p>\n<p><\/a><\/p>\n<p>Fl\u00fcsterschlumpf, Tortenschlumpf &amp; Co. \u2013 sie alle wissen das schon. Doch No Name hat keine Ahnung und f\u00fchlt sich deshalb wertlos. Im Film versuchen Papa Schlumpf und die anderen ihm deshalb zu helfen, seine Identit\u00e4t zu finden. Und: Nat\u00fcrlich ist auch Schlumpf No Name ein talentierter S\u00e4nger. <\/p>\n<p>Hier in den Schl\u00fcmpfe-Song von \u00c1lvaro Soler reinh\u00f6ren \ud83d\udc47<\/p>\n<blockquote class=\"quote-blockquote\">\n<p>DIE SCHL\u00dcMPFE: DER GROSSE KINOFILM | Alvaro Soler Song Clip | Kinostart: 17.7.2025<\/p>\n<\/blockquote>\n<p class=\"block-link block-link-markerflaeche\">\u201eDie Schl\u00fcmpfe: Der gro\u00dfe Kinofilm\u201c startet am 17. Juli im Kino. <\/p>\n<p>Neuer Film mit den Schl\u00fcmpfen im Kino: Diese Stars sind noch dabei<\/p>\n<p>Weitere Sprecher der deutschen Fassung sind unter anderem die beiden Schauspieler Uwe Ochsenknecht und Rick Kavanian. Im englischen Original ist \u00fcbrigens Popstar Rihanna mit dabei. Sie spricht nicht nur Schlumpfine, sondern hat auch Musik f\u00fcr den Film geliefert \u2013 unter anderem ihren neuen Song \u201eFriend of Mine\u201c.<\/p>\n<blockquote class=\"quote-blockquote\">\n<p>Rihanna &#8211; Friend Of Mine (from the Smurfs Movie Soundtrack)<\/p>\n<\/blockquote>\n<p>Darum geht es in \u201eDie Schl\u00fcmpfe: Der Gro\u00dfe Kinofilm\u201d<\/p>\n<p>Die Schl\u00fcmpfe gibt es schon seit fast 70 Jahren \u2013 erst im Comic, sp\u00e4ter dann in Serien und Filmen. Erfunden wurden die Figuren vom belgischen Comiczeichner Pierre Culliford, genannt Peyo. <\/p>\n<p>In ihrem neuen Abenteuer ist nat\u00fcrlich auch Erzfeind Gargamel wieder mit dabei. Zusammen mit seiner fiesen Katze und seinem Bruder Razamel will er alles Gute auf der Welt ausl\u00f6schen \u2013 und damit auch die Schl\u00fcmpfe. Sie entf\u00fchren Papa Schlumpf. Deshalb m\u00fcssen die kleinen blauen Wesen in der echten Welt zu Superhelden werden.<\/p>\n<p>Du willst mehr \u00fcber den Film erfahren? \u00c1lvaro Soler hat den Trailer zu \u201eDie Schl\u00fcmpfe: Der gro\u00dfe Kinofilm\u201c gepostet: <\/p>\n<blockquote class=\"quote-blockquote\">\n<p>Social-Media-Beitrag auf Instagram von alvarosolermusic<\/p>\n<\/blockquote>\n","protected":false},"excerpt":{"rendered":"\u00c1lvaro Soler ist nicht nur S\u00e4nger. Der 34-J\u00e4hrige ist jetzt unter die Schl\u00fcmpfe gegangen und macht beim neuen&hellip;\n","protected":false},"author":2,"featured_media":272103,"comment_status":"","ping_status":"","sticky":false,"template":"","format":"standard","meta":{"footnotes":""},"categories":[1771],"tags":[1778,29,214,30,95,1777,215],"class_list":{"0":"post-272102","1":"post","2":"type-post","3":"status-publish","4":"format-standard","5":"has-post-thumbnail","7":"category-kino","8":"tag-cinema","9":"tag-deutschland","10":"tag-entertainment","11":"tag-germany","12":"tag-kino","13":"tag-movie","14":"tag-unterhaltung"},"share_on_mastodon":{"url":"https:\/\/pubeurope.com\/@de\/114868047741419151","error":""},"_links":{"self":[{"href":"https:\/\/www.europesays.com\/de\/wp-json\/wp\/v2\/posts\/272102","targetHints":{"allow":["GET"]}}],"collection":[{"href":"https:\/\/www.europesays.com\/de\/wp-json\/wp\/v2\/posts"}],"about":[{"href":"https:\/\/www.europesays.com\/de\/wp-json\/wp\/v2\/types\/post"}],"author":[{"embeddable":true,"href":"https:\/\/www.europesays.com\/de\/wp-json\/wp\/v2\/users\/2"}],"replies":[{"embeddable":true,"href":"https:\/\/www.europesays.com\/de\/wp-json\/wp\/v2\/comments?post=272102"}],"version-history":[{"count":0,"href":"https:\/\/www.europesays.com\/de\/wp-json\/wp\/v2\/posts\/272102\/revisions"}],"wp:featuredmedia":[{"embeddable":true,"href":"https:\/\/www.europesays.com\/de\/wp-json\/wp\/v2\/media\/272103"}],"wp:attachment":[{"href":"https:\/\/www.europesays.com\/de\/wp-json\/wp\/v2\/media?parent=272102"}],"wp:term":[{"taxonomy":"category","embeddable":true,"href":"https:\/\/www.europesays.com\/de\/wp-json\/wp\/v2\/categories?post=272102"},{"taxonomy":"post_tag","embeddable":true,"href":"https:\/\/www.europesays.com\/de\/wp-json\/wp\/v2\/tags?post=272102"}],"curies":[{"name":"wp","href":"https:\/\/api.w.org\/{rel}","templated":true}]}}