{"id":272110,"date":"2025-07-17T10:17:10","date_gmt":"2025-07-17T10:17:10","guid":{"rendered":"https:\/\/www.europesays.com\/de\/272110\/"},"modified":"2025-07-17T10:17:10","modified_gmt":"2025-07-17T10:17:10","slug":"leak-in-diesen-farben-gibt-es-das-iphone-17","status":"publish","type":"post","link":"https:\/\/www.europesays.com\/de\/272110\/","title":{"rendered":"Leak: In diesen Farben gibt es das iPhone 17"},"content":{"rendered":"<p>Apples Logistikabteilung bekommt bald richtig viel zu tun: Der Konzern plant f\u00fcr das iPhone 17 offenbar insgesamt 15 verschiedene Farben. Dies geht aus einem &#8222;internen Dokument&#8220; hervor, das nun geleakt wurde und dem amerikanischen Macworld-Magazin vorliegt. Einige der Einf\u00e4rbungen scheinen recht besonders zu sein und wurden in dieser Form in einem Apple-Smartphone noch nicht gesichtet.<\/p>\n<p>iPhone 17 und 17 Air<\/p>\n<p>Beim neuen Standardmodell, dem iPhone 17, soll Apple <a href=\"https:\/\/www.macworld.com\/article\/2849423\/iphone-17-colors-confirmed-see-all-of-apples-2026-options-right-here.html\" rel=\"external noopener nofollow\" target=\"_blank\">dem Bericht zufolge<\/a> insgesamt sechs Varianten vorsehen. Es sind Schwarz, Wei\u00df, &#8222;Stahlgrau&#8220;, Gr\u00fcn, Violett und Hellblau (&#8222;Light Blue&#8220;). Dagegen nimmt sich Apple beim neuen <a href=\"https:\/\/www.heise.de\/news\/iPhone-17-Air-Duenner-als-das-iPhone-6-10056378.html\" rel=\"nofollow noopener\" target=\"_blank\">iPhone 17 Air<\/a>, das angeblich besonders d\u00fcnn sein soll, zur\u00fcck und liefert offenbar nur vier Farben: Schwarz, Wei\u00df, Hellblau (&#8222;Light Blue&#8220;, \u00e4hnlich wie &#8222;Sky Blue&#8220; beim MacBook Air) und Hellgold (&#8222;Light Gold&#8220;).<\/p>\n<p>Wie \u00fcblich wird es die neuen iPhones in verschiedenen Speichervarianten geben, sodass zahllose SKUs (Stock Keeping Units, Artikelnummern) f\u00fcr Apples Ladengesch\u00e4fte, den Online-Store und die freien H\u00e4ndler zustande kommen. Das alleine gilt als logistische Meisterleistung. Wie \u00fcblich d\u00fcrften besondere und neuere Farben schwerer zu kriegen sein als Standardfarben wie Schwarz und Wei\u00df.<\/p>\n<p>iPhone 17 Pro und 17 Pro Max<\/p>\n<p>Bei den beiden Pro-Modellen des iPhone 17, 17 Pro und 17 Pro Max, sieht Apple angeblich f\u00fcnf neue Farben vor. Die besondere Farbe in diesem Jahr ist hier Orange, das offenbar kupferartig &#8222;fluoreszierend&#8220; ausf\u00e4llt. Ansonsten gibt es noch Schwarz, Wei\u00df, Grau (andere Schattierung als &#8222;Stahlgrau&#8220;) sowie Dunkelblau. Das Max-Modell bekommt also keine zus\u00e4tzliche Farbe gegen\u00fcber dem kleineren Pro-Modell. Schwarz und Wei\u00df entsprechen angeblich dem iPhone 16.<\/p>\n<p>Neben der Macworld haben auch weitere Leaker das Farbschema best\u00e4tigt. Ein weiteres aktuelles Ger\u00fccht betrifft unterdessen die Geh\u00e4useart: Angeblich zieht Apple Titan aus den Pro-Modellen ab und nutzt einen Alu-Rahmen. Angeblich bekommt nur das iPhone 17 Air in diesem Jahr Titan, <a href=\"https:\/\/www.macrumors.com\/2025\/07\/15\/iphone-17-air-titanium-rumor\/\" rel=\"external noopener nofollow\" target=\"_blank\">meint der Analyst Jeff Pu<\/a> von GF Securities aus Hongkong. Mit allen iPhone-17-Modellen ist vermutlich Anfang bis Mitte September zu rechnen. Als m\u00f6glicher Keynote-Termin gilt die Woche <a href=\"https:\/\/www.heise.de\/news\/iPhone-17-Wann-es-kommt-wie-die-Produktion-laeuft-wie-es-aussieht-10485736.html\" rel=\"nofollow noopener\" target=\"_blank\">um den 8. September<\/a> mit einem Release in der darauffolgenden Woche.<\/p>\n<p>(<a class=\"redakteurskuerzel__link\" href=\"https:\/\/www.heise.de\/news\/mailto:bsc@heise.de\" title=\"Ben Schwan\" rel=\"nofollow noopener\" target=\"_blank\">bsc<\/a>)<\/p>\n<p>\n      Dieser Link ist leider nicht mehr g\u00fcltig.\n    <\/p>\n<p>Links zu verschenkten Artikeln werden ung\u00fcltig,<br \/>\n      wenn diese \u00e4lter als 7\u00a0Tage sind oder zu oft aufgerufen wurden.\n    <\/p>\n<p><strong>Sie ben\u00f6tigen ein heise+ Paket, um diesen Artikel zu lesen. Jetzt eine Woche unverbindlich testen \u2013 ohne Verpflichtung!<\/strong><\/p>\n","protected":false},"excerpt":{"rendered":"Apples Logistikabteilung bekommt bald richtig viel zu tun: Der Konzern plant f\u00fcr das iPhone 17 offenbar insgesamt 15&hellip;\n","protected":false},"author":2,"featured_media":272111,"comment_status":"","ping_status":"","sticky":false,"template":"","format":"standard","meta":{"footnotes":""},"categories":[135],"tags":[17587,29,24778,30,22045,1274,5553,54795,81730,16761,80705,1273,190,189,194,191,193,192],"class_list":{"0":"post-272110","1":"post","2":"type-post","3":"status-publish","4":"format-standard","5":"has-post-thumbnail","7":"category-wissenschaft-technik","8":"tag-design","9":"tag-deutschland","10":"tag-farben","11":"tag-germany","12":"tag-geruechte","13":"tag-ios","14":"tag-iphone","15":"tag-iphone-17","16":"tag-iphone-17-air","17":"tag-iphone-17-pro","18":"tag-iphone-17-pro-max","19":"tag-mobiles","20":"tag-science","21":"tag-science-technology","22":"tag-technik","23":"tag-technology","24":"tag-wissenschaft","25":"tag-wissenschaft-technik"},"share_on_mastodon":{"url":"https:\/\/pubeurope.com\/@de\/114868063178996596","error":""},"_links":{"self":[{"href":"https:\/\/www.europesays.com\/de\/wp-json\/wp\/v2\/posts\/272110","targetHints":{"allow":["GET"]}}],"collection":[{"href":"https:\/\/www.europesays.com\/de\/wp-json\/wp\/v2\/posts"}],"about":[{"href":"https:\/\/www.europesays.com\/de\/wp-json\/wp\/v2\/types\/post"}],"author":[{"embeddable":true,"href":"https:\/\/www.europesays.com\/de\/wp-json\/wp\/v2\/users\/2"}],"replies":[{"embeddable":true,"href":"https:\/\/www.europesays.com\/de\/wp-json\/wp\/v2\/comments?post=272110"}],"version-history":[{"count":0,"href":"https:\/\/www.europesays.com\/de\/wp-json\/wp\/v2\/posts\/272110\/revisions"}],"wp:featuredmedia":[{"embeddable":true,"href":"https:\/\/www.europesays.com\/de\/wp-json\/wp\/v2\/media\/272111"}],"wp:attachment":[{"href":"https:\/\/www.europesays.com\/de\/wp-json\/wp\/v2\/media?parent=272110"}],"wp:term":[{"taxonomy":"category","embeddable":true,"href":"https:\/\/www.europesays.com\/de\/wp-json\/wp\/v2\/categories?post=272110"},{"taxonomy":"post_tag","embeddable":true,"href":"https:\/\/www.europesays.com\/de\/wp-json\/wp\/v2\/tags?post=272110"}],"curies":[{"name":"wp","href":"https:\/\/api.w.org\/{rel}","templated":true}]}}