{"id":272112,"date":"2025-07-17T10:18:10","date_gmt":"2025-07-17T10:18:10","guid":{"rendered":"https:\/\/www.europesays.com\/de\/272112\/"},"modified":"2025-07-17T10:18:10","modified_gmt":"2025-07-17T10:18:10","slug":"us-kongress-will-erneut-ueber-krypto-gesetze-abstimmen-btc-echo","status":"publish","type":"post","link":"https:\/\/www.europesays.com\/de\/272112\/","title":{"rendered":"US-Kongress will erneut \u00fcber Krypto-Gesetze abstimmen &#8211; BTC Echo"},"content":{"rendered":"<ol>\n<li><a href=\"https:\/\/news.google.com\/rss\/articles\/CBMiowFBVV95cUxNMmR6SFJJcXNOU3NMOXByaGpBeng4bHRHcktNMDdaUUVUeW5ybXE1d0lvSDQwalZNclEyNHNlbWpEMXRNekp1VWRPTXVua2VpaWJYOFN4eEJfNWJFbjh3WUJnb1ZWRkVvN2ZtRE5zWm9fbXFNSzlrZEg0VU1uTnphaVl2Zzk4QTd1dXFEZGlKbjZ4X3oxRHJpSkJNMjNYN1JMOFhv?oc=5\" target=\"_blank\" rel=\"noopener\">US-Kongress will erneut \u00fcber Krypto-Gesetze abstimmen<\/a>&nbsp;&nbsp;BTC Echo<\/li>\n<li><a href=\"https:\/\/news.google.com\/rss\/articles\/CBMiwgFBVV95cUxPRUd3bGF6OTdsdFcxR1ZJa3dsSzdXdnRKZGJCYjY0UlVjTElwbHJiNlJkdGhNbWpxdHo0TzMyT1R0ZXJHZWFMRDA1ejJvcHhvNlRUQ2loMTJVdzlyOGFUYURnV0pSX0RVSm1jdkU2NEgzU0tSSV9jWDlyb19RUjE4Q0k2WEs0aG9IMnFiVVNfTTd0VnJoVWFtaTV6OTFHV0g3aVZISXoxeW82YWYwRVRDOXQyU1BmS1dEZnd5Wk1BZG53QQ?oc=5\" target=\"_blank\" rel=\"noopener\">USA: Der US-Kongress winkt Krypto-Gesetze durch \u2013 und l\u00e4sst Bitcoin und Co. explodieren<\/a>&nbsp;&nbsp;WirtschaftsWoche<\/li>\n<li><a href=\"https:\/\/news.google.com\/rss\/articles\/CBMi5AFBVV95cUxPWHJwLUpEeW1UQkdVb3hacFFFLUVUSFVyWWZ1V3hOZnB3VDdZVUFKYWEyVTg1dFJjeFhHZjlFMnRmYl9GbTNRSDF6WGs3dWlmZWhHZDU4Z1RXc0RSRXlmNHlNVUJVNGRNMEhMS1d5T3NxOGpLSTRYTUhyd0xHZms4WFR6OEZLajBYaXM0Rzdaa1g2QkxEYk9IcjUwR0NBUzZmT3BjM28wNEl0SW4wSTZjbUxlYUp6ZHJXM0NxQlJ4YklsT09UaWRjMDVZVWZlc2VnUUpLRHNxUmc5MFd3M2MyajNfc00?oc=5\" target=\"_blank\" rel=\"noopener\">Bitcoin: Streit unter Republikanern schw\u00e4cht den Kurs und Krypto-Aktien<\/a>&nbsp;&nbsp;Handelsblatt<\/li>\n<li><a href=\"https:\/\/news.google.com\/rss\/articles\/CBMisAFBVV95cUxOZGlvVnpXR2Zlc21wSjZITkJtNjRpTC00VUxZOXJ3MENlWUFYTkxvbHNCUkNUZG9XYzNPUkJ5T0RHMTBsYms2dDYydThObWNzNTFoRXhZendPRzJzei1UMWlWQ2JWM0c2bFhHT3JaVy1Cd0d2T0I3TjctQy1mN3kyOUUyTjBPcHB6YVVLLUxKOWZDeWNDYlN3UHRRQnR5UTB1b2d5NldUT21mVzFkaXhlbA?oc=5\" target=\"_blank\" rel=\"noopener\">Bitcoin boomt \u2013 doch wie sieht es bei anderen Kryptow\u00e4hrungen aus?<\/a>&nbsp;&nbsp;Der Standard<\/li>\n<li><a href=\"https:\/\/news.google.com\/rss\/articles\/CBMi5wFBVV95cUxPMmE3bV8zaVZkSUF1OXZhT0hMYzQ0QThCbEdsRHRPQUJUUnNhbTM1YUpyM3dRS3NNN2xPb2w0bUV1b2RtanBmVzNuekUtT29WMnFqeF83UDJSMjFVY3pqZkJHWVM3Yzh3V1MwRi1xeTdrXzZMRy05NllPQmdWTUc5VHE3MnhEMVlHcXpldlFpR0Y5cHBRQ3VnVDliekRaM2Z3b0JvYlFydk5iZk50TXUtbEtibGVGMHlZMDBSZkdUNmpFcW9tWk45dXdPWU5RcnpuZlBlODhaNFUxVW80VE50b3FPenNOMm8?oc=5\" target=\"_blank\" rel=\"noopener\">R\u00fcckschlag f\u00fcr Krypto-Regulierung: Genius Act im US-Repr\u00e4sentantenhaus blockiert<\/a>&nbsp;&nbsp;FinanzNachrichten.de<\/li>\n<\/ol>\n","protected":false},"excerpt":{"rendered":"US-Kongress will erneut \u00fcber Krypto-Gesetze abstimmen&nbsp;&nbsp;BTC Echo USA: Der US-Kongress winkt Krypto-Gesetze durch \u2013 und l\u00e4sst Bitcoin und&hellip;\n","protected":false},"author":2,"featured_media":272113,"comment_status":"","ping_status":"","sticky":false,"template":"","format":"standard","meta":{"footnotes":""},"categories":[134],"tags":[175,170,169,29,47720,30,171,174,47721,173,172,64],"class_list":{"0":"post-272112","1":"post","2":"type-post","3":"status-publish","4":"format-standard","5":"has-post-thumbnail","7":"category-unternehmen-maerkte","8":"tag-business","9":"tag-companies","10":"tag-companies-markets","11":"tag-deutschland","12":"tag-genius-act","13":"tag-germany","14":"tag-markets","15":"tag-maerkte","16":"tag-stablecoin","17":"tag-unternehmen","18":"tag-unternehmen-maerkte","19":"tag-usa"},"share_on_mastodon":{"url":"https:\/\/pubeurope.com\/@de\/114868067309172776","error":""},"_links":{"self":[{"href":"https:\/\/www.europesays.com\/de\/wp-json\/wp\/v2\/posts\/272112","targetHints":{"allow":["GET"]}}],"collection":[{"href":"https:\/\/www.europesays.com\/de\/wp-json\/wp\/v2\/posts"}],"about":[{"href":"https:\/\/www.europesays.com\/de\/wp-json\/wp\/v2\/types\/post"}],"author":[{"embeddable":true,"href":"https:\/\/www.europesays.com\/de\/wp-json\/wp\/v2\/users\/2"}],"replies":[{"embeddable":true,"href":"https:\/\/www.europesays.com\/de\/wp-json\/wp\/v2\/comments?post=272112"}],"version-history":[{"count":0,"href":"https:\/\/www.europesays.com\/de\/wp-json\/wp\/v2\/posts\/272112\/revisions"}],"wp:featuredmedia":[{"embeddable":true,"href":"https:\/\/www.europesays.com\/de\/wp-json\/wp\/v2\/media\/272113"}],"wp:attachment":[{"href":"https:\/\/www.europesays.com\/de\/wp-json\/wp\/v2\/media?parent=272112"}],"wp:term":[{"taxonomy":"category","embeddable":true,"href":"https:\/\/www.europesays.com\/de\/wp-json\/wp\/v2\/categories?post=272112"},{"taxonomy":"post_tag","embeddable":true,"href":"https:\/\/www.europesays.com\/de\/wp-json\/wp\/v2\/tags?post=272112"}],"curies":[{"name":"wp","href":"https:\/\/api.w.org\/{rel}","templated":true}]}}