{"id":272119,"date":"2025-07-17T10:22:11","date_gmt":"2025-07-17T10:22:11","guid":{"rendered":"https:\/\/www.europesays.com\/de\/272119\/"},"modified":"2025-07-17T10:22:11","modified_gmt":"2025-07-17T10:22:11","slug":"rabatt-aktion-im-bergzoo-halle-bis-zum-30-09-2025","status":"publish","type":"post","link":"https:\/\/www.europesays.com\/de\/272119\/","title":{"rendered":"Rabatt-Aktion im Bergzoo Halle bis zum 30.09.2025"},"content":{"rendered":"<p><img decoding=\"async\" src=\"https:\/\/www.europesays.com\/de\/wp-content\/uploads\/2025\/07\/flamingo03-678x381.jpg\" alt=\"Flamingo\" title=\"flamingo03\"\/><br \/>\n  \u00a9 H@llAnzeiger<\/p>\n<p class=\"ox-5074e79757-msonormal\">Halle\/Zoo. Der Bergzoo Halle l\u00e4dt seine Besucher ein, im Sommer nochmal zu kommen und f\u00fcr den zweiten Besuch nur die H\u00e4lfte zu bezahlten. Bei Vorlage des originalen Kassenzettels mit Datum ab 17.07.2025 bekommen Besucher ab sofort auf den n\u00e4chsten Besuch bis zum 30. September 2025 50% Rabatt.<\/p>\n<p class=\"ox-5074e79757-msonormal\">Das Angebot gilt beim Kauf von Tickets f\u00fcr Familien, Erwachsene, Erwachsene erm\u00e4\u00dfigt und Kinder im Umfang des originalen Kassenzettels (Tickets mit Gruppen-Erm\u00e4\u00dfigungen sind ausgenommen).<\/p>\n","protected":false},"excerpt":{"rendered":"\u00a9 H@llAnzeiger Halle\/Zoo. Der Bergzoo Halle l\u00e4dt seine Besucher ein, im Sommer nochmal zu kommen und f\u00fcr den&hellip;\n","protected":false},"author":2,"featured_media":272120,"comment_status":"","ping_status":"","sticky":false,"template":"","format":"standard","meta":{"footnotes":""},"categories":[1860],"tags":[3364,29,548,663,3934,30,4062,17332,13,14,15,17331,860,12],"class_list":{"0":"post-272119","1":"post","2":"type-post","3":"status-publish","4":"format-standard","5":"has-post-thumbnail","7":"category-halle-saale","8":"tag-de","9":"tag-deutschland","10":"tag-eu","11":"tag-europa","12":"tag-europe","13":"tag-germany","14":"tag-halle","15":"tag-halle-saale","16":"tag-headlines","17":"tag-nachrichten","18":"tag-news","19":"tag-saale","20":"tag-sachsen-anhalt","21":"tag-schlagzeilen"},"share_on_mastodon":{"url":"https:\/\/pubeurope.com\/@de\/114868082680686090","error":""},"_links":{"self":[{"href":"https:\/\/www.europesays.com\/de\/wp-json\/wp\/v2\/posts\/272119","targetHints":{"allow":["GET"]}}],"collection":[{"href":"https:\/\/www.europesays.com\/de\/wp-json\/wp\/v2\/posts"}],"about":[{"href":"https:\/\/www.europesays.com\/de\/wp-json\/wp\/v2\/types\/post"}],"author":[{"embeddable":true,"href":"https:\/\/www.europesays.com\/de\/wp-json\/wp\/v2\/users\/2"}],"replies":[{"embeddable":true,"href":"https:\/\/www.europesays.com\/de\/wp-json\/wp\/v2\/comments?post=272119"}],"version-history":[{"count":0,"href":"https:\/\/www.europesays.com\/de\/wp-json\/wp\/v2\/posts\/272119\/revisions"}],"wp:featuredmedia":[{"embeddable":true,"href":"https:\/\/www.europesays.com\/de\/wp-json\/wp\/v2\/media\/272120"}],"wp:attachment":[{"href":"https:\/\/www.europesays.com\/de\/wp-json\/wp\/v2\/media?parent=272119"}],"wp:term":[{"taxonomy":"category","embeddable":true,"href":"https:\/\/www.europesays.com\/de\/wp-json\/wp\/v2\/categories?post=272119"},{"taxonomy":"post_tag","embeddable":true,"href":"https:\/\/www.europesays.com\/de\/wp-json\/wp\/v2\/tags?post=272119"}],"curies":[{"name":"wp","href":"https:\/\/api.w.org\/{rel}","templated":true}]}}