{"id":272130,"date":"2025-07-17T10:28:16","date_gmt":"2025-07-17T10:28:16","guid":{"rendered":"https:\/\/www.europesays.com\/de\/272130\/"},"modified":"2025-07-17T10:28:16","modified_gmt":"2025-07-17T10:28:16","slug":"kommunalwahl-14-09-2025-tierschutz-ist-in-gelsenkirchen-ueberall-waehlbar","status":"publish","type":"post","link":"https:\/\/www.europesays.com\/de\/272130\/","title":{"rendered":"Kommunalwahl 14.09.2025: Tierschutz ist in Gelsenkirchen \u00fcberall w\u00e4hlbar"},"content":{"rendered":"<p>&#8222;Am 16. Juli 2025 hat der Wahlausschuss der Stadt Gelsenkirchen getagt. Dabei ging es auch darum, ob TIERSCHUTZ zur Kommunalwahl 2025 antreten darf,&#8220; stellt Heiko Hoffmann, Stadtverordneter in Gelsenkirchen fest.<\/p>\n<p>&#8222;Bemerkenswert war, das\u00a0TIERSCHUTZ einen Kandidaten f\u00fcr den Wahlbezirk 109 aufgestellt, einen Wahlbezirk, den es in\u00a0Gelsenkirchen offiziell gar nicht gibt. Unser Vertreter im Wahlausschuss erkl\u00e4rte, dass in keinem anderen Wahlbezirk f\u00fcr die Tiere m\u00f6glich ist, ein Direktmandat zu gewinnen. Und da in der Stadt viele Millionen Tiere leben, nicht nur Hunde, Katzen, Meerschweinchen und Kanarienv\u00f6gel, sondern auch Ameisen, Silberfische, unz\u00e4hlige V\u00f6gel, Kaninchen, Ratten, Wellensittiche und noch viele viele andere Tiere mehr, w\u00e4re es doch sch\u00f6n, wenn diese mit einem Direktmandat im Stadtrat vertreten w\u00e4ren.<\/p>\n<p>Mit Schmunzeln und Gel\u00e4chter, aber auch dem Verweis auf geltendes Recht wurde der Wahlvorschlag f\u00fcr diesen, nicht existierenden Wahlbezirk nicht zugelassen.<\/p>\n<p>Alle anderen Vorschl\u00e4ge f\u00fcr die Oberb\u00fcrgermeisterkandidatin Cornelia Keisel, f\u00fcr die Ratsreserveliste, f\u00fcr alle\u00a0existierenden Wahlbezirke und f\u00fcr die Bezirksvertretungen wurden zugelassen. Somit ist <b>TIERSCHUTZ w\u00e4hlbar<\/b>.<\/p>\n<p>Wir bedanken uns bei allen Tierliebhabern, Tiersch\u00fctzern und Unterst\u00fctzern, die uns in den letzten Wochen bei der Erledigung des formalen Wahlantritts geholfen haben. Nun gilt es, beim Plakatieren, beim Flyer verteilen, bei Infost\u00e4nden, bei Gespr\u00e4chen mit Freunden, Nachbarn, Verwandten und Bekannten zu werben, am 14.09. den TIERSCHUTZ zu w\u00e4hlen. In den letzten f\u00fcnf Jahren haben wir schon viel geschafft. Dennoch haben wir noch viel zu tun. Packen wir`s an. Gl\u00fcck auf.&#8220;<\/p>\n","protected":false},"excerpt":{"rendered":"&#8222;Am 16. Juli 2025 hat der Wahlausschuss der Stadt Gelsenkirchen getagt. Dabei ging es auch darum, ob TIERSCHUTZ&hellip;\n","protected":false},"author":2,"featured_media":272131,"comment_status":"","ping_status":"","sticky":false,"template":"","format":"standard","meta":{"footnotes":""},"categories":[1848],"tags":[3364,29,548,663,3934,3658,30,13,14,15,1209,12],"class_list":{"0":"post-272130","1":"post","2":"type-post","3":"status-publish","4":"format-standard","5":"has-post-thumbnail","7":"category-gelsenkirchen","8":"tag-de","9":"tag-deutschland","10":"tag-eu","11":"tag-europa","12":"tag-europe","13":"tag-gelsenkirchen","14":"tag-germany","15":"tag-headlines","16":"tag-nachrichten","17":"tag-news","18":"tag-nordrhein-westfalen","19":"tag-schlagzeilen"},"share_on_mastodon":{"url":"https:\/\/pubeurope.com\/@de\/114868106242845957","error":""},"_links":{"self":[{"href":"https:\/\/www.europesays.com\/de\/wp-json\/wp\/v2\/posts\/272130","targetHints":{"allow":["GET"]}}],"collection":[{"href":"https:\/\/www.europesays.com\/de\/wp-json\/wp\/v2\/posts"}],"about":[{"href":"https:\/\/www.europesays.com\/de\/wp-json\/wp\/v2\/types\/post"}],"author":[{"embeddable":true,"href":"https:\/\/www.europesays.com\/de\/wp-json\/wp\/v2\/users\/2"}],"replies":[{"embeddable":true,"href":"https:\/\/www.europesays.com\/de\/wp-json\/wp\/v2\/comments?post=272130"}],"version-history":[{"count":0,"href":"https:\/\/www.europesays.com\/de\/wp-json\/wp\/v2\/posts\/272130\/revisions"}],"wp:featuredmedia":[{"embeddable":true,"href":"https:\/\/www.europesays.com\/de\/wp-json\/wp\/v2\/media\/272131"}],"wp:attachment":[{"href":"https:\/\/www.europesays.com\/de\/wp-json\/wp\/v2\/media?parent=272130"}],"wp:term":[{"taxonomy":"category","embeddable":true,"href":"https:\/\/www.europesays.com\/de\/wp-json\/wp\/v2\/categories?post=272130"},{"taxonomy":"post_tag","embeddable":true,"href":"https:\/\/www.europesays.com\/de\/wp-json\/wp\/v2\/tags?post=272130"}],"curies":[{"name":"wp","href":"https:\/\/api.w.org\/{rel}","templated":true}]}}