{"id":272141,"date":"2025-07-17T10:34:19","date_gmt":"2025-07-17T10:34:19","guid":{"rendered":"https:\/\/www.europesays.com\/de\/272141\/"},"modified":"2025-07-17T10:34:19","modified_gmt":"2025-07-17T10:34:19","slug":"katholische-kirche-bleibt-nahe-bei-den-menschen","status":"publish","type":"post","link":"https:\/\/www.europesays.com\/de\/272141\/","title":{"rendered":"Katholische Kirche bleibt nahe bei den Menschen"},"content":{"rendered":"<p>Insbesondere Angebote f\u00fcr junge Menschen wurden 2024 sehr gut nachgefragt. So wurden im Kindergartenjahr 2024\/2025 insgesamt 45.545 M\u00e4dchen und Jungen in den 667 katholischen <strong>Kindertageseinrichtungen <\/strong>in Tr\u00e4gerschaft der Kirchengemeinden betreut. Die Zahl ist im Vergleich zum Vorjahr nahezu unver\u00e4ndert geblieben. Auch die Zahl der Sch\u00fclerinnen und Sch\u00fcler an den 29 bisch\u00f6flichen <strong>Schulen<\/strong> liegt konstant bei gut 18.000. Hinzu kommen noch rund 1.400 Sch\u00fclerinnen und Sch\u00fcler an den drei kirchengemeindlichen Schulen. Insgesamt gab es auch 2024 ein ungebrochen hohes Interesse an den katholischen Schulen und mehr Anmeldungen als verf\u00fcgbare Schulpl\u00e4tze.<\/p>\n<p>Sehr hoch war 2024 erneut die Zahl der Jungen und M\u00e4dchen, die an einer der <strong>Ferienfreizeiten<\/strong> im Bistum teilnahm. Mehr als 18.000 Kinder und Jugendliche nutzten die Angebote. An der Organisation, Planung und Durchf\u00fchrung der Ferienspiele oder Ferienfreizeiten waren etwa 4.500 Gruppenleitungen und ehrenamtlich Helfende im Einsatz. Ein Wachstum verzeichnen weiterhin die katholischen <strong>Jugendverb\u00e4nde <\/strong>im Bistum M\u00fcnster. In den zehn Verb\u00e4nden, die im Di\u00f6zesanverband M\u00fcnster des Bundes der Deutschen Katholischen Jugend (BDKJ) organisiert sind (inklusive des Landesverbands Oldenburg), sind inzwischen mehr als 82.000 junge Menschen in gut 780 Ortsgruppen aktiv. Das sind 2.750 mehr als im Jahr zuvor. Aufw\u00e4rts geht es hierbei etwa bei der Katholischen Landjugendbewegung im Bistum M\u00fcnster (KLJB). In den 153 Ortsgruppen der KLJB engagierten sich 2024 mehr als 19.100 junge Menschen. Das waren rund 1.700 mehr als im Vorjahr. Die KLJB ist damit nicht nur im Bistum M\u00fcnster der mitgliederst\u00e4rkste Jugendverband, sondern auch mit deutlichem Abstand der gr\u00f6\u00dfte KLJB-Di\u00f6zesanverband in Deutschland.\u00a0<\/p>\n<p>Aber nicht nur junge, sondern auch alte Menschen und Menschen am Lebensende stehen im Fokus der katholischen Kirche, insbesondere der Caritas. Mit 205 Seniorenheimen, 120 Einrichtungen f\u00fcr Betreutes Wohnen, 116 Tagespflegen, 90 Sozialstationen, 27 ambulanten Diensten und 35 Seniorenberatungsstellen ist die Caritas der gr\u00f6\u00dfte Tr\u00e4ger in der <strong>Altenhilfe <\/strong>im Bistum M\u00fcnster. Zudem hat die Caritas im Bistum M\u00fcnster die <strong>palliative Versorgung<\/strong> in den vergangenen Jahren kontinuierlich weiter ausgebaut und gest\u00e4rkt. Sie umfasst seit 2024 zw\u00f6lf vollstation\u00e4re und ein teilstation\u00e4res Hospiz, 30 ambulante Hospizdienste und 16 Palliativstationen. Einen unverzichtbaren Beitrag leisten im Bistum M\u00fcnster zudem die katholischen <strong>Krankenh\u00e4user<\/strong>. Sie stellen rund 80 Prozent der station\u00e4ren medizinischen Versorgung sicher. Die 59 Rehakliniken und Krankenh\u00e4user der Caritas bilden das tragende R\u00fcckgrat der medizinischen Versorgung in der Region. 30.000 Mitarbeitende haben 2024 rund 600.000 Patientinnen und Patienten behandelt. In den 27 <strong>Pflegeschulen<\/strong> starten j\u00e4hrlich mehr als 2.000 junge Menschen eine Ausbildung.\u00a0<\/p>\n<p>Sehr aktiv und engagiert ist die <strong>Caritas <\/strong>weiterhin in der Beratung von Menschen in Not und in besonders herausfordernden Lebenssituationen. So wurden 2024 etwa in den 14 katholischen <strong>Schwangerschaftsberatungsstellen<\/strong> fast 24.000 Beratungsgespr\u00e4che gef\u00fchrt. Insgesamt gab es 7.664 Beratungsf\u00e4lle; gut 2,8 Millionen Euro wurden als finanzielle Hilfen ausgezahlt. Und in den 21 <strong>Erziehungsberatungsstellen <\/strong>gab es knapp 19.500 dokumentierte Beratungsf\u00e4lle. Die Caritas im Bistum M\u00fcnster hat rund 80.000 Mitarbeitende; hinzu kommt das Engagement von etwa 30.000 Ehrenamtlichen.\u00a0<\/p>\n<p>Auch die <strong>Ehe-, Familien- und Lebensberatung (EFL)<\/strong> im nordrhein-westf\u00e4lischen und nieders\u00e4chsischen Bistumsteil bleibt f\u00fcr sehr viele Menschen ein wichtiges Angebot. In den 38 EFL-Beratungsstellen fanden 2024 insgesamt 34.742 Beratungsgespr\u00e4che. Konstant hoch geblieben ist dabei die Zahl der Ratsuchenden, die bei der EFL Hilfe und Unterst\u00fctzung fanden. Sie lag 2024 bei 12.704. Eine sehr wichtige Anlaufstelle war auch 2024 die <strong>Telefonseelsorge<\/strong>. Im NRW-Teil des Bistums gibt es drei Stellen in gemeinsamer Tr\u00e4gerschaft von katholischer und evangelischer Kirche, n\u00e4mlich in M\u00fcnster, Recklinghausen und Wesel. Rund 280 Ehrenamtliche sind hier im Einsatz. In den drei Stellen lag die Zahl der angenommenen Anrufe auch 2024 wieder \u00fcber 40.000, genau bei 41.678. Die h\u00e4ufigsten Themen waren psychische und andere Erkrankungen, Einsamkeit und Beziehungskonflikte.\u00a0<\/p>\n<p>Ein konstant sehr hohes Interesse gibt es bei der au\u00dferschulischen Bildungs- und Medienarbeit. So nahmen 2024 insgesamt rund 200.000 Menschen an den Veranstaltungen der acht <strong>Bildungsforen <\/strong>im Bistum M\u00fcnster teil. Gestiegen ist 2024 erneut die Zahl der G\u00e4ste in den <strong>Jugendbildungseinrichtungen<\/strong>. Sie lag im vergangenen Jahr bei 34.883 und damit um mehr als 4.000 \u00fcber der im Jahr 2023. Die 262 <strong>Katholischen \u00d6ffentlichen B\u00fcchereien (K\u00d6B)<\/strong> und <strong>B\u00fcchereien in Krankenh\u00e4usern<\/strong>, die insgesamt rund 1,26 Millionen Medien vorhalten, verzeichneten im vergangenen Jahr 3.471.099 Ausleihen, das sind \u00fcber 150.000 mehr als 2023. Auch die Zahl der Besuche in den B\u00fcchereien stieg 2024 um mehr als 220.000 auf rund 1,5 Millionen an. Die B\u00fcchereien werden von 3.854 Mitarbeitenden betreut, mehr als 97 Prozent davon sind Ehrenamtliche. Sie leisteten 2024 gut 315.000 Arbeitsstunden.<\/p>\n<p>Stark gefordert war auch 2024 wieder die <strong>Notfallseelsorge<\/strong>: 77 hauptamtliche Seelsorgerinnen und Seelsorger sowie 347 ehrenamtliche Mitarbeiterinnen und Mitarbeiter hatten zusammen 1.358 Eins\u00e4tze, fast 200 mehr als im Jahr zuvor. In 147 F\u00e4llen musste dabei eine Todesnachricht \u00fcberbracht werden. Weiter sehr aktiv ist die katholische Kirche im Bistum M\u00fcnster in der <strong>Pr\u00e4ventionsarbeit im Kampf gegen sexualisierte Gewalt<\/strong>. 2024 fanden 205 Schulungen f\u00fcr 3.207 Personen aus Pfarreien, Jugendverb\u00e4nden und Schulen statt. Insgesamt gibt im Bistum rund 200 Schulungsreferentinnen und -Referenten sowie mehr als 300 Pr\u00e4ventionsfachkr\u00e4fte in Pfarreien, Verb\u00e4nden und Einrichtungen, von denen etwa die H\u00e4lfte ehrenamtlich t\u00e4tig ist.<\/p>\n<p>Die katholische Kirche im Bistum M\u00fcnster geh\u00f6rt nach wie vor zu den gr\u00f6\u00dften <strong>Arbeitgebern <\/strong>in der Region. Ende 2024 waren beim Bistum und in den Kirchengemeinden gut 22.600 Mitarbeitende besch\u00e4ftigt. Von diesen arbeiten in der Bistumsverwaltung, dem Bisch\u00f6flichen Generalvikariat (BGV), rund 820.<\/p>\n<p><img loading=\"lazy\" decoding=\"async\" title=\"Dr. Antonius Hamers\" alt=\"Dr. Antonius Hamers\" src=\"https:\/\/www.europesays.com\/de\/wp-content\/uploads\/2025\/07\/csm_2025-03-21-Hamers-Teaser_47c272caf0.jpeg\" width=\"300\" height=\"166\"\/><\/p>\n<p>Dr. Antonius Hamers<\/p>\n<p>\u00a9 Bistum M\u00fcnster\/Achim Pohl<\/p>\n<p><strong>Dr. Antonius Hamers, der das Bistum M\u00fcnster in der Zeit der Vakanz des Bischofsstuhls leitet, erkl\u00e4rt zu den Zahlen:<\/strong><br \/>\u201eOft wird f\u00fcr Deutschland das Bild einer Kirche gezeichnet, die sich im Niedergang befindet. Richtig ist, dass die katholische Kirche sich auch im Bistum M\u00fcnster massiv ver\u00e4ndert. Die Zahl der Gl\u00e4ubigen wird auch in den n\u00e4chsten Jahren weiter zur\u00fcckgehen \u2013 und damit unsere finanziellen Mittel. Zugleich werden viele unserer Angebote in unseren Pfarreien und Einrichtungen \u2013 von KiTas und Schulen bis hin zu Beratungsstellen und sozialen Diensten \u2013 stark nachgefragt. Alle diese Einrichtungen zeigen: Wir sind und bleiben auch unter s\u00e4kularen Bedingungen Kirche in der Gesellschaft. Wir setzen uns ein f\u00fcr den Lebensschutz am Beginn und Ende des Lebens, wir stehen f\u00fcr die W\u00fcrde jedes Menschen unabh\u00e4ngig von seiner Herkunft oder seines sozialen Status. Wir engagieren uns, damit Kinder und Jugendliche gute Bildungs- und Entwicklungschancen bekommen. Alle diese Orte sind kirchliche Orte, weil uns die die Frohe Botschaft Jesu Christi motiviert, so zu handeln, wie wir handeln, und weil Menschen so etwas von unserem Glauben erfahren k\u00f6nnen. Zugleich m\u00fcssen wir realistisch sein: Die Vielzahl der Einrichtungen werden wir nur halten k\u00f6nnen, wenn Menschen uns auch zuk\u00fcnftig mit ihrer Kirchensteuer unterst\u00fctzen und wenn Menschen sich so mit der Botschaft Jesu identifizieren, dass sie in unseren Einrichtungen engagiert und qualifiziert mitarbeiten.\u201c<\/p>\n<p>Dr. Stephan Kronenburg<\/p>\n","protected":false},"excerpt":{"rendered":"Insbesondere Angebote f\u00fcr junge Menschen wurden 2024 sehr gut nachgefragt. So wurden im Kindergartenjahr 2024\/2025 insgesamt 45.545 M\u00e4dchen&hellip;\n","protected":false},"author":2,"featured_media":272142,"comment_status":"","ping_status":"","sticky":false,"template":"","format":"standard","meta":{"footnotes":""},"categories":[1843],"tags":[13021,23794,3364,29,23526,30,81733,8970,18153,1209,924],"class_list":{"0":"post-272141","1":"post","2":"type-post","3":"status-publish","4":"format-standard","5":"has-post-thumbnail","7":"category-muenster","8":"tag-13021","9":"tag-bistum-muenster","10":"tag-de","11":"tag-deutschland","12":"tag-dr-antonius-hamers","13":"tag-germany","14":"tag-kirchliche-angebote","15":"tag-muenster","16":"tag-nachfrage","17":"tag-nordrhein-westfalen","18":"tag-statistik"},"share_on_mastodon":{"url":"https:\/\/pubeurope.com\/@de\/114868129823977849","error":""},"_links":{"self":[{"href":"https:\/\/www.europesays.com\/de\/wp-json\/wp\/v2\/posts\/272141","targetHints":{"allow":["GET"]}}],"collection":[{"href":"https:\/\/www.europesays.com\/de\/wp-json\/wp\/v2\/posts"}],"about":[{"href":"https:\/\/www.europesays.com\/de\/wp-json\/wp\/v2\/types\/post"}],"author":[{"embeddable":true,"href":"https:\/\/www.europesays.com\/de\/wp-json\/wp\/v2\/users\/2"}],"replies":[{"embeddable":true,"href":"https:\/\/www.europesays.com\/de\/wp-json\/wp\/v2\/comments?post=272141"}],"version-history":[{"count":0,"href":"https:\/\/www.europesays.com\/de\/wp-json\/wp\/v2\/posts\/272141\/revisions"}],"wp:featuredmedia":[{"embeddable":true,"href":"https:\/\/www.europesays.com\/de\/wp-json\/wp\/v2\/media\/272142"}],"wp:attachment":[{"href":"https:\/\/www.europesays.com\/de\/wp-json\/wp\/v2\/media?parent=272141"}],"wp:term":[{"taxonomy":"category","embeddable":true,"href":"https:\/\/www.europesays.com\/de\/wp-json\/wp\/v2\/categories?post=272141"},{"taxonomy":"post_tag","embeddable":true,"href":"https:\/\/www.europesays.com\/de\/wp-json\/wp\/v2\/tags?post=272141"}],"curies":[{"name":"wp","href":"https:\/\/api.w.org\/{rel}","templated":true}]}}