{"id":272388,"date":"2025-07-17T12:51:14","date_gmt":"2025-07-17T12:51:14","guid":{"rendered":"https:\/\/www.europesays.com\/de\/272388\/"},"modified":"2025-07-17T12:51:14","modified_gmt":"2025-07-17T12:51:14","slug":"huebsche-villen-an-der-ostsee-von-japanhaeusern-zu-backsteinbauten","status":"publish","type":"post","link":"https:\/\/www.europesays.com\/de\/272388\/","title":{"rendered":"H\u00fcbsche Villen an der Ostsee: Von Japanh\u00e4usern zu Backsteinbauten"},"content":{"rendered":"<p>\t\tWenn der Ostsee-Trip zur Villenschau wird<br \/>\n\t\t\t\t\tZwischen Japanh\u00e4usern und Backsteinbauten<\/p>\n<p>\t\t<img alt=\"\" src=\"https:\/\/www.europesays.com\/de\/wp-content\/uploads\/2025\/07\/630_0036_233539_.jpg\"  class=\"avatar avatar-36 photo avatar-default\" height=\"36\" width=\"36\" loading=\"lazy\" decoding=\"async\"\/>\t\t<a class=\"article-author__name\" href=\"https:\/\/www.ruhrnachrichten.de\/author\/felix-pueschner\/\" rel=\"author noopener\" target=\"_blank\">Felix P\u00fcschner<\/a><br \/>\n\t\tRedakteur<\/p>\n<p>    <a href=\"https:\/\/www.ruhrnachrichten.de\/wp-content\/uploads\/2025\/07\/16\/08\/630_0900_4878738_Timmendorfer_Strand_64_-1648x824.jpg\" target=\"_blank\" rel=\"noopener\"><\/p>\n<p>            <img loading=\"lazy\" decoding=\"async\" src=\"https:\/\/www.europesays.com\/de\/wp-content\/uploads\/2025\/07\/630_0900_4878737_Timmendorfer_Strand_64_-640x428.jpg\" width=\"640\" height=\"428\"  alt=\"Die Japanh\u00e4user am Timmendorfer Strand.\"\/><\/p>\n<p>    <\/a><br \/>\n    Die Japanh\u00e4user am Timmendorfer Strand sind ein beliebtes Fotomotiv. \u00a9 Felix P\u00fcschner<\/p>\n<p class=\"article__teaser-text\">Wohnen am Wasser gilt als Toplage. Und bisweilen reiht sich dort eine Villa an die n\u00e4chste. Wir haben uns einige Immobilien angeschaut &#8211; und einen Vergleich gezogen.<\/p>\n<p>3 Min Lesezeit<\/p>\n<p>Backsteinvilla f\u00fcr 2,3 Millionen EuroSo ist die Lage in L\u00fcnen und Werne<\/p>\n","protected":false},"excerpt":{"rendered":"Wenn der Ostsee-Trip zur Villenschau wird Zwischen Japanh\u00e4usern und Backsteinbauten Felix P\u00fcschner Redakteur Die Japanh\u00e4user am Timmendorfer Strand&hellip;\n","protected":false},"author":2,"featured_media":272389,"comment_status":"","ping_status":"","sticky":false,"template":"","format":"standard","meta":{"footnotes":""},"categories":[1775],"tags":[1793,29,214,30,3566,1794,215,6781],"class_list":{"0":"post-272388","1":"post","2":"type-post","3":"status-publish","4":"format-standard","5":"has-post-thumbnail","7":"category-kunst-und-design","8":"tag-art-and-design","9":"tag-deutschland","10":"tag-entertainment","11":"tag-germany","12":"tag-immobilien-wohnen","13":"tag-kunst-und-design","14":"tag-unterhaltung","15":"tag-vergleich"},"share_on_mastodon":{"url":"https:\/\/pubeurope.com\/@de\/114868668671065746","error":""},"_links":{"self":[{"href":"https:\/\/www.europesays.com\/de\/wp-json\/wp\/v2\/posts\/272388","targetHints":{"allow":["GET"]}}],"collection":[{"href":"https:\/\/www.europesays.com\/de\/wp-json\/wp\/v2\/posts"}],"about":[{"href":"https:\/\/www.europesays.com\/de\/wp-json\/wp\/v2\/types\/post"}],"author":[{"embeddable":true,"href":"https:\/\/www.europesays.com\/de\/wp-json\/wp\/v2\/users\/2"}],"replies":[{"embeddable":true,"href":"https:\/\/www.europesays.com\/de\/wp-json\/wp\/v2\/comments?post=272388"}],"version-history":[{"count":0,"href":"https:\/\/www.europesays.com\/de\/wp-json\/wp\/v2\/posts\/272388\/revisions"}],"wp:featuredmedia":[{"embeddable":true,"href":"https:\/\/www.europesays.com\/de\/wp-json\/wp\/v2\/media\/272389"}],"wp:attachment":[{"href":"https:\/\/www.europesays.com\/de\/wp-json\/wp\/v2\/media?parent=272388"}],"wp:term":[{"taxonomy":"category","embeddable":true,"href":"https:\/\/www.europesays.com\/de\/wp-json\/wp\/v2\/categories?post=272388"},{"taxonomy":"post_tag","embeddable":true,"href":"https:\/\/www.europesays.com\/de\/wp-json\/wp\/v2\/tags?post=272388"}],"curies":[{"name":"wp","href":"https:\/\/api.w.org\/{rel}","templated":true}]}}