{"id":272466,"date":"2025-07-17T13:33:11","date_gmt":"2025-07-17T13:33:11","guid":{"rendered":"https:\/\/www.europesays.com\/de\/272466\/"},"modified":"2025-07-17T13:33:11","modified_gmt":"2025-07-17T13:33:11","slug":"mehr-sichtungen-in-deutschland-das-steckt-dahinter","status":"publish","type":"post","link":"https:\/\/www.europesays.com\/de\/272466\/","title":{"rendered":"mehr Sichtungen in Deutschland \u2013 das steckt dahinter"},"content":{"rendered":"<p><img decoding=\"async\" src=\"https:\/\/www.europesays.com\/de\/wp-content\/uploads\/2025\/07\/1663815695357349.webp\" fetchpriority=\"high\" width=\"2000\" height=\"1331\" alt=\"Nicht erschrecken Die Ringelnatter , eine Schlangenart aus der Familie der Nattern und f\" data-image-id=\"1663815695357349\" class=\"watson-snippet__image bg-grey-10 block h-auto w-full \"\/><\/p>\n<p>In Deutschland gibt es zwei heimische Schlangenarten, die giftig sind.Bild: IMAGO images \/ Rolf Poss<\/p>\n<p>Klima &amp; Umwelt<\/p>\n<p>Mehr und mehr Menschen in Deutschland melden in letzter Zeit Begegnungen mit schwarzen Schlangen. Was ist da los? <\/p>\n<p>17.07.2025, 15:1717.07.2025, 15:17<\/p>\n<p><img decoding=\"async\" src=\"https:\/\/www.europesays.com\/de\/wp-content\/uploads\/2025\/07\/2374588453178556.webp\" alt=\"Jannik Sauer\" width=\"50\" height=\"50\" loading=\"lazy\" class=\"h-auto w-14 rounded-full\"\/><\/p>\n<p>Folgen<\/p>\n<p class=\"watson-snippet__text my-6 text-[16px] lg:text-[18px] leading-normal md:w-3\/5\">Schlangen sind f\u00fcr die allermeisten Menschen in Deutschland nichts Allt\u00e4gliches. Wenn es dann doch mal zu einer der seltenen Begegnungen kommt, verwundert es nicht, dass die Sichtung vielen einen geh\u00f6rigen Schrecken einjagt. <\/p>\n<p class=\"watson-snippet__text my-6 text-[16px] lg:text-[18px] leading-normal md:w-3\/5\">Denn auch wenn die Schlange nur friedlich am Rand des Feldwegs liegt: Die Reptilien sind eine Urangst des Menschen und es ist meist klug, sich von ihnen fernzuhalten. Doch das wird in Nordrhein-Westfalen offenbar zunehmend schwerer. <\/p>\n<p class=\"watson-snippet__text my-6 text-[16px] lg:text-[18px] leading-normal md:w-3\/5\">Im bev\u00f6lkerungsreichsten deutschen Bundesland ist die Zahl an Schlangensichtungen zuletzt deutlich angestiegen. <strong>Bei der Wildnisschule Ruhrgebiet sind allein in den vergangenen vier Wochen \u00fcber 50 Anfragen eingegangen.<\/strong> <\/p>\n<p class=\"watson-snippet__text my-6 text-[16px] lg:text-[18px] leading-normal md:w-3\/5\"><strong>Dass viele der gesichteten Tiere schwarz waren, steigert die Angst nur noch mehr<\/strong>: Die ein oder andere Person f\u00fcrchtete n\u00e4mlich, der afrikanischen Giftschlange Black Mamba begegnet zu sein, die f\u00fcr ihr starkes und t\u00f6dliches Gift bekannt ist.<\/p>\n<p>Schwarze Schlangen gesichtet: laut Experte harmlose Ringelnattern<\/p>\n<p class=\"watson-snippet__text my-6 text-[16px] lg:text-[18px] leading-normal md:w-3\/5\">Doch Martin Maschka von der Wildnisschule gibt Entwarnung: Die meisten Menschen d\u00fcrften schwarze Ringelnattern gesehen haben, sagt er. Diese seien in der Regel harmlos und w\u00fcrden Menschen lieber aus dem Weg gehen. <\/p>\n<p class=\"watson-snippet__text my-6 text-[16px] lg:text-[18px] leading-normal md:w-3\/5\"><strong>Doch warum sind es so viele und warum sind sie pl\u00f6tzlich schwarz? <\/strong>Zeichnen sich Ringelnattern nicht durch ihre grau- bis olivgr\u00fcne F\u00e4rbung (wei\u00df doch jeder) und den hellen Fleck am Hinterkopf aus? Auch darauf hat der Experte eine Antwort. <\/p>\n<p class=\"watson-snippet__text my-6 text-[16px] lg:text-[18px] leading-normal md:w-3\/5\">Und, wie so oft, lautet diese: Die Klimakrise ist schuld. Martin Maschka sagt gegen\u00fcber dem Nachrichtenportal &#8222;<a target=\"_blank\" rel=\"nofollow noopener\" href=\"https:\/\/www.ruhr24.de\/nrw\/ringelnatter-witten-artenschutz-notruf-tierschutz-nrw-schwarze-schlangen-nrw-bussgeld-93824985.html\" class=\"\">Ruhr24<\/a>&#8222;: <strong>&#8222;Wir haben [in NRW] inzwischen klimatische Bedingungen wie im S\u00fcden Deutschlands.&#8220;<\/strong><\/p>\n<p class=\"watson-snippet__text my-6 text-[16px] lg:text-[18px] leading-normal md:w-3\/5\">Die w\u00e4rmeren und feuchteren Sommer schaffen bundesweit bessere Bedingungen f\u00fcr eierlegende Arten wie die Ringelnatter. Au\u00dferdem kann das ver\u00e4nderte Klima genetische Variationen wie Melanismus f\u00f6rdern. &#8222;Melanismus f\u00fchrt zur \u00dcberproduktion dunkler Farbstoffe und damit zur schwarzen F\u00e4rbung&#8220;, erkl\u00e4rt Martin Maschka.<\/p>\n<p class=\"watson-snippet__text my-6 text-[16px] lg:text-[18px] leading-normal md:w-3\/5\">Was aber tun, wenn man einer Ringelnatter begegnet? Expert:innen raten, auf mindestens ein bis zwei Meter Abstand zu gehen und die Tiere in Ruhe zu lassen. Schlangen stehen in Deutschland unter strengem Naturschutz. Sie zu verletzen oder gar zu t\u00f6ten, kann teuer werden: Die Beh\u00f6rden k\u00f6nnen Bu\u00dfgelder von bis zu 50.000 Euro verh\u00e4ngen. <\/p>\n<p class=\"watson-snippet__text my-6 text-[16px] lg:text-[18px] leading-normal md:w-3\/5\"><strong>In Deutschland sind nur zwei Schlangenarten heimisch, die giftig sind.<\/strong> Die Kreuzotter, die vor allem in Nord- und Ostdeutschland vorkommt und die Aspisviper, die in einer kleinen Population im s\u00fcdlichen Schwarzwald lebt. F\u00fcr gesunde Erwachsene ist weder das Gift der einen noch das der anderen lebensbedrohlich. Beide Arten sind scheu und bei\u00dfen nur, wenn sie sich bedr\u00e4ngt f\u00fchlen.<\/p>\n<p><a href=\"https:\/\/www.watson.de\/nachhaltigkeit\/alltagsfrage\/809014240-regenschirm-bei-gewitter-gefahr-risiken-richtiges-verhalten\" aria-label=\"Zur Story\" class=\"watson-next-story__link absolute inset-0 z-10\" rel=\"nofollow noopener\" target=\"_blank\"><\/p>\n<p>Jetzt aber schnell nach Hause: Bei Gewitter sch\u00fctzt dich ein Regenschirm immerhin davor, wie ein begossener Pudel auszusehen. Aber kann das auch gef\u00e4hrlich werden? Die Antwort liest du hier.<\/p>\n<p>Was f\u00fcr ein Pech: Ein Gewitter zieht auf und du sitzt nicht in deinem sch\u00fctzenden Zuhause. Jetzt hilft nur noch der Regenschirm, um nicht v\u00f6llig durchzuweichen. <\/p>\n","protected":false},"excerpt":{"rendered":"In Deutschland gibt es zwei heimische Schlangenarten, die giftig sind.Bild: IMAGO images \/ Rolf Poss Klima &amp; Umwelt&hellip;\n","protected":false},"author":2,"featured_media":272467,"comment_status":"","ping_status":"","sticky":false,"template":"","format":"standard","meta":{"footnotes":""},"categories":[2],"tags":[331,3924,332,3922,3364,29,30,13,14,3923,15,3921,12],"class_list":{"0":"post-272466","1":"post","2":"type-post","3":"status-publish","4":"format-standard","5":"has-post-thumbnail","7":"category-deutschland","8":"tag-aktuelle-nachrichten","9":"tag-aktuelle-nachrichten-aus-deutschland","10":"tag-aktuelle-news","11":"tag-aktuelle-news-aus-deutschland","12":"tag-de","13":"tag-deutschland","14":"tag-germany","15":"tag-headlines","16":"tag-nachrichten","17":"tag-nachrichten-aus-deutschland","18":"tag-news","19":"tag-news-aus-deutschland","20":"tag-schlagzeilen"},"share_on_mastodon":{"url":"https:\/\/pubeurope.com\/@de\/114868833894754833","error":""},"_links":{"self":[{"href":"https:\/\/www.europesays.com\/de\/wp-json\/wp\/v2\/posts\/272466","targetHints":{"allow":["GET"]}}],"collection":[{"href":"https:\/\/www.europesays.com\/de\/wp-json\/wp\/v2\/posts"}],"about":[{"href":"https:\/\/www.europesays.com\/de\/wp-json\/wp\/v2\/types\/post"}],"author":[{"embeddable":true,"href":"https:\/\/www.europesays.com\/de\/wp-json\/wp\/v2\/users\/2"}],"replies":[{"embeddable":true,"href":"https:\/\/www.europesays.com\/de\/wp-json\/wp\/v2\/comments?post=272466"}],"version-history":[{"count":0,"href":"https:\/\/www.europesays.com\/de\/wp-json\/wp\/v2\/posts\/272466\/revisions"}],"wp:featuredmedia":[{"embeddable":true,"href":"https:\/\/www.europesays.com\/de\/wp-json\/wp\/v2\/media\/272467"}],"wp:attachment":[{"href":"https:\/\/www.europesays.com\/de\/wp-json\/wp\/v2\/media?parent=272466"}],"wp:term":[{"taxonomy":"category","embeddable":true,"href":"https:\/\/www.europesays.com\/de\/wp-json\/wp\/v2\/categories?post=272466"},{"taxonomy":"post_tag","embeddable":true,"href":"https:\/\/www.europesays.com\/de\/wp-json\/wp\/v2\/tags?post=272466"}],"curies":[{"name":"wp","href":"https:\/\/api.w.org\/{rel}","templated":true}]}}