{"id":272515,"date":"2025-07-17T14:00:11","date_gmt":"2025-07-17T14:00:11","guid":{"rendered":"https:\/\/www.europesays.com\/de\/272515\/"},"modified":"2025-07-17T14:00:11","modified_gmt":"2025-07-17T14:00:11","slug":"muenchen-platzt-der-traum-vom-neuen-grossmarkt-muenchen","status":"publish","type":"post","link":"https:\/\/www.europesays.com\/de\/272515\/","title":{"rendered":"M\u00fcnchen: Platzt der Traum vom neuen Gro\u00dfmarkt? &#8211; M\u00fcnchen"},"content":{"rendered":"<p data-manual=\"teaserText\" data-schema-org-speakable=\"true\">Im Rathaus w\u00e4chst die Sorge vor einem \u201eScherbenhaufen\u201c: Die B\u00fcschl-Gruppe findet f\u00fcr Bau und Betrieb des Gro\u00dfmarkts bislang keinen Investor. Welche Alternativen die Stadt hat, wenn das Projekt scheitert.<\/p>\n<p data-manual=\"paragraph\" data-schema-org-speakable=\"true\" class=\"css-4bdi0k\">Es war Dezember 2023, da setzte der Stadtrat ein entschlossenes Zeichen, ein Ultimatum gar. Bis Ende Juni 2024 sollte die B\u00fcschl-Gruppe, ein Immobilienunternehmen aus Gr\u00fcnwald, der Stadt <a href=\"https:\/\/www.sueddeutsche.de\/thema\/M%C3%BCnchen\" rel=\"nofollow noopener\" target=\"_blank\">M\u00fcnchen<\/a> \u201eein finales Angebot\u201c f\u00fcr Neubau und Betrieb einer Gro\u00dfmarkthalle in <a href=\"https:\/\/www.sueddeutsche.de\/thema\/Sendling\" rel=\"nofollow noopener\" target=\"_blank\">Sendling<\/a> vorlegen. Doch das Ultimatum verpuffte wie der Schuss mit einer Platzpatrone auf einer weiten Ebene.<\/p>\n","protected":false},"excerpt":{"rendered":"Im Rathaus w\u00e4chst die Sorge vor einem \u201eScherbenhaufen\u201c: Die B\u00fcschl-Gruppe findet f\u00fcr Bau und Betrieb des Gro\u00dfmarkts bislang&hellip;\n","protected":false},"author":2,"featured_media":272516,"comment_status":"","ping_status":"","sticky":false,"template":"","format":"standard","meta":{"footnotes":""},"categories":[1827],"tags":[2250,15065,772,29,30,81805,5726,1268,2813,3661,2462,5909,149,2635],"class_list":{"0":"post-272515","1":"post","2":"type-post","3":"status-publish","4":"format-standard","5":"has-post-thumbnail","7":"category-muenchen","8":"tag-architektur","9":"tag-architektur-in-muenchen","10":"tag-bayern","11":"tag-deutschland","12":"tag-germany","13":"tag-grossmarkt-muenchen","14":"tag-immobilien-und-wohnen-in-muenchen","15":"tag-muenchen","16":"tag-muenchen-stadtteile","17":"tag-politik-muenchen","18":"tag-sendling","19":"tag-stadtrat-muenchen","20":"tag-sueddeutsche-zeitung","21":"tag-wirtschaft-in-muenchen"},"share_on_mastodon":{"url":"https:\/\/pubeurope.com\/@de\/114868939992911482","error":""},"_links":{"self":[{"href":"https:\/\/www.europesays.com\/de\/wp-json\/wp\/v2\/posts\/272515","targetHints":{"allow":["GET"]}}],"collection":[{"href":"https:\/\/www.europesays.com\/de\/wp-json\/wp\/v2\/posts"}],"about":[{"href":"https:\/\/www.europesays.com\/de\/wp-json\/wp\/v2\/types\/post"}],"author":[{"embeddable":true,"href":"https:\/\/www.europesays.com\/de\/wp-json\/wp\/v2\/users\/2"}],"replies":[{"embeddable":true,"href":"https:\/\/www.europesays.com\/de\/wp-json\/wp\/v2\/comments?post=272515"}],"version-history":[{"count":0,"href":"https:\/\/www.europesays.com\/de\/wp-json\/wp\/v2\/posts\/272515\/revisions"}],"wp:featuredmedia":[{"embeddable":true,"href":"https:\/\/www.europesays.com\/de\/wp-json\/wp\/v2\/media\/272516"}],"wp:attachment":[{"href":"https:\/\/www.europesays.com\/de\/wp-json\/wp\/v2\/media?parent=272515"}],"wp:term":[{"taxonomy":"category","embeddable":true,"href":"https:\/\/www.europesays.com\/de\/wp-json\/wp\/v2\/categories?post=272515"},{"taxonomy":"post_tag","embeddable":true,"href":"https:\/\/www.europesays.com\/de\/wp-json\/wp\/v2\/tags?post=272515"}],"curies":[{"name":"wp","href":"https:\/\/api.w.org\/{rel}","templated":true}]}}