{"id":272612,"date":"2025-07-17T14:53:10","date_gmt":"2025-07-17T14:53:10","guid":{"rendered":"https:\/\/www.europesays.com\/de\/272612\/"},"modified":"2025-07-17T14:53:10","modified_gmt":"2025-07-17T14:53:10","slug":"zwei-monate-zeit-fuer-reaktion-einwegplastik-eu-verklagt-deutschland-wegen-unvollstaendiger-umsetzung-der-vorschriften","status":"publish","type":"post","link":"https:\/\/www.europesays.com\/de\/272612\/","title":{"rendered":"Zwei Monate Zeit f\u00fcr Reaktion: Einwegplastik: EU verklagt Deutschland wegen unvollst\u00e4ndiger Umsetzung der Vorschriften"},"content":{"rendered":"<p>                    Zwei Monate Zeit f\u00fcr Reaktion<br \/>\n                Einwegplastik: EU verklagt Deutschland wegen unvollst\u00e4ndiger Umsetzung der Vorschriften<\/p>\n<p>\t\t\t\t              17.07.2025, 16:47 Uhr<\/p>\n<p><b>Weil Deutschland die EU-Vorschriften f\u00fcr Einwegplastik bislang nicht vollst\u00e4ndig umgesetzt hat, leitet die EU-Kommission ein Verfahren gegen die Bundesrepublik ein. Konkret geht es etwa darum, dass Deutschland aus Sicht der Br\u00fcsseler Beh\u00f6rde Regeln zur M\u00fclltrennung nachbessern muss. <\/b><\/p>\n<p>Berlin hat jetzt zwei Monate Zeit, auf die Vorw\u00fcrfe zu reagieren. Wenn es Deutschland nicht gelingt, die Bedenken aus der Welt zu schaffen oder deutsches Recht nachbessert, kann die Kommission das Verfahren vorantreiben. Am Ende eines sogenannten Vertragsverletzungsverfahrens kann eine Klage vor dem Europ\u00e4ischen Gerichtshof und eine Geldbu\u00dfe stehen.<\/p>\n","protected":false},"excerpt":{"rendered":"Zwei Monate Zeit f\u00fcr Reaktion Einwegplastik: EU verklagt Deutschland wegen unvollst\u00e4ndiger Umsetzung der Vorschriften 17.07.2025, 16:47 Uhr Weil&hellip;\n","protected":false},"author":2,"featured_media":272613,"comment_status":"","ping_status":"","sticky":false,"template":"","format":"standard","meta":{"footnotes":""},"categories":[2],"tags":[331,3924,332,3922,3364,29,81815,548,30,13,1908,14,3923,15,3921,10172,12,1106,69477,2021,4910],"class_list":{"0":"post-272612","1":"post","2":"type-post","3":"status-publish","4":"format-standard","5":"has-post-thumbnail","7":"category-deutschland","8":"tag-aktuelle-nachrichten","9":"tag-aktuelle-nachrichten-aus-deutschland","10":"tag-aktuelle-news","11":"tag-aktuelle-news-aus-deutschland","12":"tag-de","13":"tag-deutschland","14":"tag-einwegplastik","15":"tag-eu","16":"tag-germany","17":"tag-headlines","18":"tag-monate","19":"tag-nachrichten","20":"tag-nachrichten-aus-deutschland","21":"tag-news","22":"tag-news-aus-deutschland","23":"tag-reaktion","24":"tag-schlagzeilen","25":"tag-umsetzung","26":"tag-vorschriften","27":"tag-zeit","28":"tag-zwei"},"share_on_mastodon":{"url":"https:\/\/pubeurope.com\/@de\/114869148254969839","error":""},"_links":{"self":[{"href":"https:\/\/www.europesays.com\/de\/wp-json\/wp\/v2\/posts\/272612","targetHints":{"allow":["GET"]}}],"collection":[{"href":"https:\/\/www.europesays.com\/de\/wp-json\/wp\/v2\/posts"}],"about":[{"href":"https:\/\/www.europesays.com\/de\/wp-json\/wp\/v2\/types\/post"}],"author":[{"embeddable":true,"href":"https:\/\/www.europesays.com\/de\/wp-json\/wp\/v2\/users\/2"}],"replies":[{"embeddable":true,"href":"https:\/\/www.europesays.com\/de\/wp-json\/wp\/v2\/comments?post=272612"}],"version-history":[{"count":0,"href":"https:\/\/www.europesays.com\/de\/wp-json\/wp\/v2\/posts\/272612\/revisions"}],"wp:featuredmedia":[{"embeddable":true,"href":"https:\/\/www.europesays.com\/de\/wp-json\/wp\/v2\/media\/272613"}],"wp:attachment":[{"href":"https:\/\/www.europesays.com\/de\/wp-json\/wp\/v2\/media?parent=272612"}],"wp:term":[{"taxonomy":"category","embeddable":true,"href":"https:\/\/www.europesays.com\/de\/wp-json\/wp\/v2\/categories?post=272612"},{"taxonomy":"post_tag","embeddable":true,"href":"https:\/\/www.europesays.com\/de\/wp-json\/wp\/v2\/tags?post=272612"}],"curies":[{"name":"wp","href":"https:\/\/api.w.org\/{rel}","templated":true}]}}