{"id":272651,"date":"2025-07-17T15:13:13","date_gmt":"2025-07-17T15:13:13","guid":{"rendered":"https:\/\/www.europesays.com\/de\/272651\/"},"modified":"2025-07-17T15:13:13","modified_gmt":"2025-07-17T15:13:13","slug":"drohnenshow-und-feuerwerk-am-freitag-sperrungen","status":"publish","type":"post","link":"https:\/\/www.europesays.com\/de\/272651\/","title":{"rendered":"Drohnenshow und Feuerwerk am Freitag \u2013 Sperrungen"},"content":{"rendered":"<p>Rheinkirmes D\u00fcsseldorf <\/p>\n<p>Hunderttausende zu Drohnenshow und Feuerwerk erwartet<\/p>\n<p>17.07.2025 &#8211; 17:05 UhrLesedauer: 2 Min.<\/p>\n<p><a href=\"#focus-0\" class=\"transition-colors duration-200 focus-within:text-magenta block text-current relative\" data-sctrack=\"FocusGalleryImage.Reference\"><img fetchpriority=\"high\" data-testid=\"Opener.Image\" style=\"--lqipURL:url('https:\/\/images.t-online.de\/2025\/07\/abkA8hdycaB6\/0x226:4000x2250\/fit-in\/150x0\/filters:blur(25)\/record-date-not-stated-drohnenshow-rheinkirmes-kirmes-bei-nacht-nur-fuer-redaktionelle-zwecke-editorial-use-only-p-drohnenshow-am-samstag-den-12-072025-bei-der-rheinkirmes-in-duesseldorf-deutschland-nrw-duesseldorf-copyright-oleksandrxvoskresenskyi-drone-show-rheinkirmes-funfair-at-night-for-editorial-purposes-only-editorial-use-only-p-drone-show-on-saturday-12-07-2025-at-the-rheinkirmes-in-duesseldorf-germany-nrw-duesseldorf-copyright-oleksandrxvoskresenskyi-copyright-oleksandrxvoskresensky.jpg')\"   loading=\"eager\" src=\"https:\/\/www.europesays.com\/de\/wp-content\/uploads\/2025\/07\/record-date-not-stated-drohnenshow-rheinkirmes-kirmes-bei-nacht-nur-fuer-redaktionelle-zwecke-editor.jpeg\" alt=\"imago825450809\" title=\"imago825450809\" width=\"4000\" height=\"2250\" class=\"bg-[url:var(--lqipURL)] bg-cover bg-center flex h-full w-full max-w-full\" decoding=\"async\"\/><img style=\"--width:32;--height:32\" loading=\"lazy\" src=\"https:\/\/www.t-online.de\/s\/paper\/_next\/static\/media\/zoom-in.f7dae02f.svg\" alt=\"Vergr\u00f6\u00dfern des Bildes\" title=\"Vergr\u00f6\u00dfern des Bildes\" class=\"block h-[calc(var(--height)_\/_16_*_1rem)] w-[calc(var(--width)_\/_16_*_1rem)] max-w-none absolute bottom-8 right-8 rounded-4 bg-snow p-8\" decoding=\"async\"\/><\/a><\/p>\n<p>Ein Herz aus Drohnen: Zum Auftakt der Rheinkirmes fand bereits eine erste Drohnenshow statt. (Quelle: Oleksandr Voskresenskyi\/imago)<\/p>\n<p class=\"font-bold text-18 leading-17\">Auf der D\u00fcsseldorfer Rheinkirmes steht der H\u00f6hepunkt bevor: Am Freitagabend gibt es zun\u00e4chst eine zweite Drohnenshow und anschlie\u00dfend das gro\u00dfe Feuerwerk.<\/p>\n<p class=\"text-18 leading-17\">Die Rheinkirmes steht vor einem spektakul\u00e4ren Abschlusswochenende. Am Freitagabend (18. Juli) wird es nicht nur wie jedes Jahr das gro\u00dfe Feuerwerk geben, sondern vorab auch zus\u00e4tzlich eine zweite Drohenshow \u2013 zum Kirmesstart fand eine Drohnenshow-Premiere statt, die fast \u00fcberall Begeisterung ausl\u00f6ste.<\/p>\n<p class=\"text-18 leading-17\">Nach Angaben eines Kirmessprechers werden am Freitag wieder Hunderttausende Menschen zur Kirmes und wegen des Doppel-Spektakels am Himmel erwartet. Die Drohnenshow wird um 22.15 Uhr beginnen und das anschlie\u00dfende Feuerwerk einleiten. \u00dcber den Tag verteilt k\u00f6nnten mehr als eine halbe Million Menschen an den Rhein nach <a class=\"transition-colors duration-200 cursor-pointer text-inherit no-underline text-salemsfur md:hover:text-magenta md:hover:border-magenta md:focus:text-magenta border-current border-b border-solid break-words\" href=\"https:\/\/www.t-online.de\/region\/duesseldorf\/\" data-sctrack=\"BodyAnchor\" rel=\"nofollow noopener\" target=\"_blank\">D\u00fcsseldorf<\/a> kommen.<\/p>\n<p class=\"text-18 leading-17\">Um den zahlreichen Zuschauern der Drohnenshow und des Feuerwerks abseits der Festwiese ausreichend Raum zu bieten, werden umfangreiche Stra\u00dfensperrungen eingerichtet. So wird es in Oberkassel eine Sperrung der Luegallee ab dem Belsenplatz geben. Ebenso werden die Oberkasseler Br\u00fccke sowie s\u00e4mtliche Zufahrten in beide Fahrtrichtungen voll gesperrt. Die Sperrungen werden erfahrungsgem\u00e4\u00df gegen 20 Uhr eingerichtet.<\/p>\n<p class=\"text-18 leading-17\">Auch die Rheinkniebr\u00fccke ist von den Sperrungen betroffen. So wird die Fahrbahn in Fahrtrichtung stadtausw\u00e4rts ebenfalls vollst\u00e4ndig gesperrt. Die Fahrbahn in Fahrtrichtung Innenstadt wird auf einen Fahrstreifen verengt.<\/p>\n<p class=\"text-18 leading-17\">Um das Verkehrsaufkommen in Richtung Innenstadt so gering wie m\u00f6glich zu halten, wird bereits am &#8222;Heerdter Dreieck&#8220; der Abzweig Oberkassel-Rheinalleetunnel gesperrt und der Verkehr \u00fcber die Theodor-Heuss-Br\u00fccke abgeleitet. Auch der Innenstadtbereich wird von zahlreichen Sperrungen betroffen sein. Aufgrund der Sperrma\u00dfnahmen ist mit erheblichen Beeintr\u00e4chtigungen des Individualverkehrs zu rechnen.<\/p>\n<p class=\"text-18 leading-17\">Die Polizei empfiehlt, am Freitagabend verst\u00e4rkt den \u00f6ffentlichen Personennahverkehr zu nutzen. Damit nicht nur die motorisierten Verkehrsteilnehmer, sondern auch die Fu\u00dfg\u00e4nger sicher und schnell durch die Altstadt und zu den bekannten Haltestellen an der Heinrich-Heine-Allee gelangen k\u00f6nnen, wird die Polizei die Personendichten besonders im Fokus halten. Bedarfsweise kann es auch hier tempor\u00e4r zu entsprechenden Sperrungen kommen. <a class=\"transition-colors duration-200 cursor-pointer text-inherit no-underline text-salemsfur md:hover:text-magenta md:hover:border-magenta md:focus:text-magenta border-current border-b border-solid break-words\" href=\"https:\/\/www.t-online.de\/region\/duesseldorf\/id_100822678\/rheinkirmes-duesseldorf-parken-stadt-mit-verkehrskonzept-bisher-zufrieden.html\" data-sctrack=\"BodyAnchor\" rel=\"nofollow noopener\" target=\"_blank\">Wer mit dem Auto anreist, sollte m\u00f6glichst ein kostenloses Parkhaus ansteuern.<\/a><\/p>\n","protected":false},"excerpt":{"rendered":"Rheinkirmes D\u00fcsseldorf Hunderttausende zu Drohnenshow und Feuerwerk erwartet 17.07.2025 &#8211; 17:05 UhrLesedauer: 2 Min. Ein Herz aus Drohnen:&hellip;\n","protected":false},"author":2,"featured_media":272652,"comment_status":"","ping_status":"","sticky":false,"template":"","format":"standard","meta":{"footnotes":""},"categories":[1831],"tags":[3364,29,1478,29083,3405,4851,30,30974,61188,1209,25022,5206,39173],"class_list":{"0":"post-272651","1":"post","2":"type-post","3":"status-publish","4":"format-standard","5":"has-post-thumbnail","7":"category-duesseldorf","8":"tag-de","9":"tag-deutschland","10":"tag-drohne","11":"tag-drohnenshow","12":"tag-duesseldorf","13":"tag-feuerwerk","14":"tag-germany","15":"tag-groesste-kirmes-am-rhein","16":"tag-hoehenfeuerwerk","17":"tag-nordrhein-westfalen","18":"tag-oberkassel","19":"tag-rhein","20":"tag-rheinkirmes"},"share_on_mastodon":{"url":"https:\/\/pubeurope.com\/@de\/114869227462804216","error":""},"_links":{"self":[{"href":"https:\/\/www.europesays.com\/de\/wp-json\/wp\/v2\/posts\/272651","targetHints":{"allow":["GET"]}}],"collection":[{"href":"https:\/\/www.europesays.com\/de\/wp-json\/wp\/v2\/posts"}],"about":[{"href":"https:\/\/www.europesays.com\/de\/wp-json\/wp\/v2\/types\/post"}],"author":[{"embeddable":true,"href":"https:\/\/www.europesays.com\/de\/wp-json\/wp\/v2\/users\/2"}],"replies":[{"embeddable":true,"href":"https:\/\/www.europesays.com\/de\/wp-json\/wp\/v2\/comments?post=272651"}],"version-history":[{"count":0,"href":"https:\/\/www.europesays.com\/de\/wp-json\/wp\/v2\/posts\/272651\/revisions"}],"wp:featuredmedia":[{"embeddable":true,"href":"https:\/\/www.europesays.com\/de\/wp-json\/wp\/v2\/media\/272652"}],"wp:attachment":[{"href":"https:\/\/www.europesays.com\/de\/wp-json\/wp\/v2\/media?parent=272651"}],"wp:term":[{"taxonomy":"category","embeddable":true,"href":"https:\/\/www.europesays.com\/de\/wp-json\/wp\/v2\/categories?post=272651"},{"taxonomy":"post_tag","embeddable":true,"href":"https:\/\/www.europesays.com\/de\/wp-json\/wp\/v2\/tags?post=272651"}],"curies":[{"name":"wp","href":"https:\/\/api.w.org\/{rel}","templated":true}]}}