{"id":272694,"date":"2025-07-17T15:35:11","date_gmt":"2025-07-17T15:35:11","guid":{"rendered":"https:\/\/www.europesays.com\/de\/272694\/"},"modified":"2025-07-17T15:35:11","modified_gmt":"2025-07-17T15:35:11","slug":"babylon-in-berlin-anime-berlin-eigakai-the-glassworker","status":"publish","type":"post","link":"https:\/\/www.europesays.com\/de\/272694\/","title":{"rendered":"BABYLON in Berlin &#8211; Anime Berlin: EIGAKAI: The Glassworker"},"content":{"rendered":"<p>\t\t\t\t\t\t\t <img decoding=\"async\" src=\"https:\/\/www.europesays.com\/de\/wp-content\/uploads\/2025\/07\/The-Glassworker-1_cweb500.jpg\" alt=\"\" itemprop=\"image\"\/> <\/p>\n<p>\t\t<strong>2 DAY PREMIERE: Do, 17.07. 19:30 <\/strong><\/p>\n<p><strong>&amp;\u00a0 Sa, 19.07. 17:45 EIGAKAI: Quiz &amp; The Glassworker [OmU, English with German Subtitles Deutschlandpremiere]<\/strong> Pakistan 2024, R: Usman Riaz mit Art Malik, Sacha Dhawan, Anjli Mohindra, Tony Jayawardena, 98 Min<\/p>\n<p>The Guardian calls The Glassworker \u201ca landmark in the history of Pakistani cinema\u2026 with glimmers of brilliance.\u201d<\/p>\n<p>Read more: <a href=\"https:\/\/www.theguardian.com\/film\/2025\/apr\/16\/the-glassworker-studio-ghibli-movie-sbs-on-demand-pakistan\" rel=\"nofollow noopener\" target=\"_blank\"> https:\/\/www.theguardian.com<\/a><\/p>\n<p>FOR English Description SCROLL DOWN<\/p>\n<p>Der Junge Vincent und sein Vater Tomas betreiben die beste Glasmanufaktur des Landes, als ein schwelender Krieg, mit dem sie nichts zu tun haben wollen, ihr Leben von Grund auf ver\u00e4ndert.<\/p>\n<p>Zur selben Zeit r\u00fcttelt die Einkehr eines Obersts der Armee und seiner gleichaltrigen Tochter, der talentierten Geigerin Alliz, kr\u00e4ftig an den Leitplanken ihrer Realit\u00e4t und stellt die Beziehung zwischen Vater und Sohn auf eine harte Probe.<\/p>\n<p>W\u00e4hrend sich Vincent und Alliz n\u00e4herkommen, stellen die unterschiedlichen Weltanschauungen ihrer beiden V\u00e4ter die junge Liebe immer wieder in Frage. In einer Zeit, in der Patriotismus und gesellschaftliches Ansehen schwerer wiegen als freie Gedanken und die Ambitionen von K\u00fcnstlern. Eine Zeit, in der f\u00fcr die Liebe einfach kein Platz ist.<\/p>\n<p>Trailer:\u00a0<\/p>\n<\/p>\n<p>ENGL.<\/p>\n<p>Vincent and his father Tomas run the best glass factory in the country when a smouldering war, with which they want nothing to do, changes their lives completely.<br \/>&#13;<br \/>\nAt the same time, the arrival of an army colonel and his daughter, the talented violinist Alliz, who is the same age as Vincent, shakes the foundations of their reality and puts the relationship between father and son to the test.<br \/>&#13;<br \/>\nAs Vincent and Alliz grow closer, the differing worldviews of their two fathers repeatedly call their young love into question. In a time when patriotism and social standing carry more weight than free thought and the ambitions of artists. A time when there is simply no room for love.<\/p>\n<p>\u00a0<\/p>\n","protected":false},"excerpt":{"rendered":"2 DAY PREMIERE: Do, 17.07. 19:30 &amp;\u00a0 Sa, 19.07. 17:45 EIGAKAI: Quiz &amp; The Glassworker [OmU, English with&hellip;\n","protected":false},"author":2,"featured_media":272695,"comment_status":"","ping_status":"","sticky":false,"template":"","format":"standard","meta":{"footnotes":""},"categories":[1771],"tags":[27921,27669,296,1778,27919,29,214,5561,30,27920,95,27924,27922,1777,27925,27923,27926,215,3699],"class_list":{"0":"post-272694","1":"post","2":"type-post","3":"status-publish","4":"format-standard","5":"has-post-thumbnail","7":"category-kino","8":"tag-anime","9":"tag-babylon","10":"tag-berlin","11":"tag-cinema","12":"tag-cinemaperitivo","13":"tag-deutschland","14":"tag-entertainment","15":"tag-festival","16":"tag-germany","17":"tag-indogerman","18":"tag-kino","19":"tag-kino-babylon","20":"tag-kinoorgel","21":"tag-movie","22":"tag-rosa-luxemburg-strasse-30","23":"tag-stummfilm","24":"tag-timothy-grossman","25":"tag-unterhaltung","26":"tag-veranstaltung"},"share_on_mastodon":{"url":"https:\/\/pubeurope.com\/@de\/114869313570311088","error":""},"_links":{"self":[{"href":"https:\/\/www.europesays.com\/de\/wp-json\/wp\/v2\/posts\/272694","targetHints":{"allow":["GET"]}}],"collection":[{"href":"https:\/\/www.europesays.com\/de\/wp-json\/wp\/v2\/posts"}],"about":[{"href":"https:\/\/www.europesays.com\/de\/wp-json\/wp\/v2\/types\/post"}],"author":[{"embeddable":true,"href":"https:\/\/www.europesays.com\/de\/wp-json\/wp\/v2\/users\/2"}],"replies":[{"embeddable":true,"href":"https:\/\/www.europesays.com\/de\/wp-json\/wp\/v2\/comments?post=272694"}],"version-history":[{"count":0,"href":"https:\/\/www.europesays.com\/de\/wp-json\/wp\/v2\/posts\/272694\/revisions"}],"wp:featuredmedia":[{"embeddable":true,"href":"https:\/\/www.europesays.com\/de\/wp-json\/wp\/v2\/media\/272695"}],"wp:attachment":[{"href":"https:\/\/www.europesays.com\/de\/wp-json\/wp\/v2\/media?parent=272694"}],"wp:term":[{"taxonomy":"category","embeddable":true,"href":"https:\/\/www.europesays.com\/de\/wp-json\/wp\/v2\/categories?post=272694"},{"taxonomy":"post_tag","embeddable":true,"href":"https:\/\/www.europesays.com\/de\/wp-json\/wp\/v2\/tags?post=272694"}],"curies":[{"name":"wp","href":"https:\/\/api.w.org\/{rel}","templated":true}]}}