{"id":272726,"date":"2025-07-17T15:51:14","date_gmt":"2025-07-17T15:51:14","guid":{"rendered":"https:\/\/www.europesays.com\/de\/272726\/"},"modified":"2025-07-17T15:51:14","modified_gmt":"2025-07-17T15:51:14","slug":"songwriter-mit-seele-dein-song-startet-neue-staffel-in-wiesbaden","status":"publish","type":"post","link":"https:\/\/www.europesays.com\/de\/272726\/","title":{"rendered":"Songwriter mit Seele: \u201eDein Song\u201c startet neue Staffel in Wiesbaden"},"content":{"rendered":"<p>\t\t\t\t\t\t\t<img decoding=\"async\" id=\"metis-img-pixel\" src=\"https:\/\/www.europesays.com\/de\/wp-content\/uploads\/2025\/07\/a4795aab45824a04975ed7fc6a9c7a57.gif\"\/><br \/>\n<strong>\u201eDein Song\u201c dreht wieder im Schloss Biebrich \u2013 mit 15 jungen Songwriting-Talenten wie Luis Diaz und ganz viel Gef\u00fchl.<\/strong><\/p>\n<p>Es ist ein Morgen wie gemalt. Auf der einen Seite glitzert der Rhein, auf der anderen rauscht der Schlosspark \u2013 mittendrin: Schloss Biebrich. Aus der Rotunde dringen Beats, Klavierkl\u00e4nge und zaghafte Stimmen nach drau\u00dfen. Seit 18 Jahren in Wiesbaden und seit 16 Jahren im Schloss produziert der Kinderkanal <strong>KiKA<\/strong> hier seine Erfolgsreihe <strong>Dein Song<\/strong>. Mit der 18. Staffel wird deutlich: Diese Location lebt Musik.<\/p>\n<p>200 Bewerbungen trudelten dieses Jahr ein \u2013 geh\u00f6rt, nicht gesehen. In einer Art Blind Audition lauscht das Redaktionsteam zuerst den Aufnahmen. 40 schaffen es in die n\u00e4chste Runde, 15 Talente bleiben schlie\u00dflich \u00fcbrig \u2013 13 Solotalente, ein Duo. <strong>Sie schreiben, komponieren, singen<\/strong>. Und bringen eigene Geschichten mit. Von Liebe. Von Verlust. Von Social Media, Diversit\u00e4t und dem Leben dazwischen.<\/p>\n<p>Kein Casting wie jedes andere<\/p>\n<p>\u201eWir suchen keine Showtalente \u2013 wir suchen Songs, die ber\u00fchren\u201c, erkl\u00e4rt Jurorin <strong>Madeline Juno<\/strong>. Zusammen mit Revolverheld-S\u00e4nger <strong>Johannes Strate<\/strong> und <strong>Aisha Vibes<\/strong>, Musikerin zwischen den Genres, bildet sie die neue D<strong>ein Song-Jury.<\/strong> Die drei achten auf Tiefe, auf Text, auf Melodie. Weniger auf Performance. \u201eEin Song muss funktionieren, auch wenn man ihn im Dunkeln h\u00f6rt,\u201c wirft Johannes Strate ein.<\/p>\n<p>Und das tun sie. Manche Songs ber\u00fchren so sehr, dass manchmal Tr\u00e4nen flie\u00dfen. Nicht nur auf Seiten der Jury, \u2013 sondern ebenso beim Nachwuchstalent und dann manchmal auch im ganzen Set.<\/p>\n<p>Luis aus Eltville \u2013 mit Herz und Haltung<\/p>\n<p>Einer von ihnen ist <strong>Luis Diaz<\/strong>. Der 16-J\u00e4hrige aus Eltville steht mit schmaler Silhouette in der Schloss-Rotunde und singt. Sein Song:\u00a0\u201eIrgendwo dazwischen\u201c. Thema: Eine zerbrochene Beziehung, das Ringen mit dem Verlust, das Nicht-loslassen-K\u00f6nnen. Er braucht keine gro\u00dfe Geste, kein Pathos. Nur seine Stimme \u2013 und seine Geschichte. In der Rotunde  steht er ruhig, singt mit klarer Stimme \u2013 und trifft mitten ins Herz.<\/p>\n<p>Wenn er nicht singt, sprintet Luis \u00fcber die Laufbahn. Er ist Leichtathlet, trainiert in seinem Heimatverein sogar den Nachwuchs. Ob er Musiker wird? \u201eVielleicht. Ich wei\u00df es nicht. Ich bin offen. Aber ich wei\u00df, dass es schwer ist.\u201c Seine Zweifel wirken bodenst\u00e4ndig, seine Tr\u00e4ume gro\u00df.<\/p>\n<p>Dabei bringt er beste Voraussetzungen mit: Nach <strong>The Voice Kids<\/strong> nun also <strong>Dein Song<\/strong>. Und egal, wie weit er kommt \u2013 der Weg geht weiter. Das Format l\u00e4sst niemanden allein. Auch nach der Staffel bietet das Dein Song-Team F\u00f6rderung und Coachings. F\u00fcr Finalisten winken ein Preisgeld, Studiozeit \u2013 und m\u00f6glicherweise der erste Schritt in eine echte Karriere<\/p>\n<p><img loading=\"lazy\" data-recalc-dims=\"1\" decoding=\"async\" width=\"800\" height=\"534\" data-attachment-id=\"134988\" data-permalink=\"https:\/\/wiesbaden-lebt.de\/songwriter-mit-seele-dein-song-startet-neue-staffel-in-wiesbaden\/dein-song-jury\" data-orig-file=\"https:\/\/i0.wp.com\/wiesbaden-lebt.de\/wp-content\/uploads\/2025\/07\/Dein-Song-Jury.jpg?fit=1140%2C760&amp;ssl=1\" data-orig-size=\"1140,760\" data-comments-opened=\"1\" data-image-meta=\"{&quot;aperture&quot;:&quot;0&quot;,&quot;credit&quot;:&quot;&quot;,&quot;camera&quot;:&quot;&quot;,&quot;caption&quot;:&quot;&quot;,&quot;created_timestamp&quot;:&quot;0&quot;,&quot;copyright&quot;:&quot;Wiesdaden lebt! 0179-2293254&quot;,&quot;focal_length&quot;:&quot;0&quot;,&quot;iso&quot;:&quot;0&quot;,&quot;shutter_speed&quot;:&quot;0&quot;,&quot;title&quot;:&quot;&quot;,&quot;orientation&quot;:&quot;0&quot;}\" data-image-title=\"Dein-Song-Jury\" data-image-description=\"\" data-image-caption=\"\" data-medium-file=\"https:\/\/i0.wp.com\/wiesbaden-lebt.de\/wp-content\/uploads\/2025\/07\/Dein-Song-Jury.jpg?fit=300%2C200&amp;ssl=1\" data-large-file=\"https:\/\/i0.wp.com\/wiesbaden-lebt.de\/wp-content\/uploads\/2025\/07\/Dein-Song-Jury.jpg?fit=800%2C534&amp;ssl=1\" src=\"https:\/\/www.europesays.com\/de\/wp-content\/uploads\/2025\/07\/Dein-Song-Jury.jpg\" alt=\"Madeline Juno. Zusammen mit Revolverheld-S\u00e4nger Johannes Strate und Aisha Vibes.\" class=\"wp-image-134988\"  \/>Madeline Juno. Zusammen mit Revolverheld-S\u00e4nger Johannes Strate und Aisha Vibes. \u00a92025 Volker Watschounek<\/p>\n<p>Mehr als nur Fernsehen<\/p>\n<p>Nach 18 Jahren ist <strong>Dein Song<\/strong> l\u00e4ngst mehr als ein TV-Format. Die KiKa-Sendung ist eine B\u00fchne, ein Netzwerk und kann zum echten Sprungbrett werden. Ehemalige Nachwuchstalente wie <strong>Tom Hengelbrok<\/strong> schreiben heute Hits f\u00fcr Nina Chuba, Wincent Weiss oder Montez. <strong>Lina Larissa Strahl<\/strong>, die Hauptdarstellerin von Bini &amp; Tina wurde bei den Dreharbeiten entdeckt. Und R\u00fcckkehrer wie Richard aus Essen zeigen: Die Reise h\u00f6rt nicht mit einer Staffel auf. Nach sechs Jahren betritt er mit seinem Song Summers of the Past zum zweiten mal die B\u00fchne im Schloss Biebrich. <\/p>\n<p>Moderiert wird auch in diesem Jahr von <strong>Luca H\u00e4nni<\/strong> und <strong>Jeannie Wagner<\/strong> \u2013 charmant, nahbar, mittendrin. Die neue Staffel l\u00e4uft ab Fr\u00fchjahr 2026 auf KiKA. Ob Luis es ins Finale schafft? Das bleibt offen. Die Musik bleibt.<\/p>\n<p>Bild \u2013 Luis Diaz auf dem Weg zur Audition \u00a92024 Volker Watschounek<\/p>\n<p>Weitere Nachrichten aus dem <strong>Stadtteil Biebrich<\/strong> <a href=\"https:\/\/wiesbaden-lebt.de\/tag\/biebrich\" rel=\"nofollow noopener\" target=\"_blank\">lesen Sie hier<\/a>.<\/p>\n<p>Mehr von <strong><a href=\"https:\/\/www.kika.de\/dein-song\/songwriter-gesucht-100\" target=\"_blank\" rel=\"noreferrer noopener nofollow\">Dein Song<\/a><\/strong> und KiKa.<\/p>\n","protected":false},"excerpt":{"rendered":"\u201eDein Song\u201c dreht wieder im Schloss Biebrich \u2013 mit 15 jungen Songwriting-Talenten wie Luis Diaz und ganz viel&hellip;\n","protected":false},"author":2,"featured_media":272727,"comment_status":"","ping_status":"","sticky":false,"template":"","format":"standard","meta":{"footnotes":""},"categories":[1847],"tags":[3364,29,548,663,3934,30,13,2052,14,15,12,4544],"class_list":{"0":"post-272726","1":"post","2":"type-post","3":"status-publish","4":"format-standard","5":"has-post-thumbnail","7":"category-wiesbaden","8":"tag-de","9":"tag-deutschland","10":"tag-eu","11":"tag-europa","12":"tag-europe","13":"tag-germany","14":"tag-headlines","15":"tag-hessen","16":"tag-nachrichten","17":"tag-news","18":"tag-schlagzeilen","19":"tag-wiesbaden"},"share_on_mastodon":{"url":"https:\/\/pubeurope.com\/@de\/114869376433036086","error":""},"_links":{"self":[{"href":"https:\/\/www.europesays.com\/de\/wp-json\/wp\/v2\/posts\/272726","targetHints":{"allow":["GET"]}}],"collection":[{"href":"https:\/\/www.europesays.com\/de\/wp-json\/wp\/v2\/posts"}],"about":[{"href":"https:\/\/www.europesays.com\/de\/wp-json\/wp\/v2\/types\/post"}],"author":[{"embeddable":true,"href":"https:\/\/www.europesays.com\/de\/wp-json\/wp\/v2\/users\/2"}],"replies":[{"embeddable":true,"href":"https:\/\/www.europesays.com\/de\/wp-json\/wp\/v2\/comments?post=272726"}],"version-history":[{"count":0,"href":"https:\/\/www.europesays.com\/de\/wp-json\/wp\/v2\/posts\/272726\/revisions"}],"wp:featuredmedia":[{"embeddable":true,"href":"https:\/\/www.europesays.com\/de\/wp-json\/wp\/v2\/media\/272727"}],"wp:attachment":[{"href":"https:\/\/www.europesays.com\/de\/wp-json\/wp\/v2\/media?parent=272726"}],"wp:term":[{"taxonomy":"category","embeddable":true,"href":"https:\/\/www.europesays.com\/de\/wp-json\/wp\/v2\/categories?post=272726"},{"taxonomy":"post_tag","embeddable":true,"href":"https:\/\/www.europesays.com\/de\/wp-json\/wp\/v2\/tags?post=272726"}],"curies":[{"name":"wp","href":"https:\/\/api.w.org\/{rel}","templated":true}]}}