{"id":272752,"date":"2025-07-17T16:05:09","date_gmt":"2025-07-17T16:05:09","guid":{"rendered":"https:\/\/www.europesays.com\/de\/272752\/"},"modified":"2025-07-17T16:05:09","modified_gmt":"2025-07-17T16:05:09","slug":"warum-die-drohnen-praesenz-den-russischen-vormarsch-verlangsamt-hat","status":"publish","type":"post","link":"https:\/\/www.europesays.com\/de\/272752\/","title":{"rendered":"Warum die Drohnen-Pr\u00e4senz den russischen Vormarsch verlangsamt hat"},"content":{"rendered":"<p class=\"tspB0l1 tspB0l2\"><strong>Im Juni hatte Russland seine Sommeroffensive im Krieg gegen die Ukraine gestartet.<\/strong> Meist erobert die Armee seither D\u00f6rfer und kleinere Orte, aber so stark wie in der Anfangsphase des Krieges kommen die Russen nicht voran. Das k\u00f6nnte auch an der massiven Drohnenpr\u00e4senz in diesem bewaffneten Konflikt liegen, schreibt der<a href=\"https:\/\/www.independent.co.uk\/news\/world\/europe\/ukraine-russia-war-drones-trump-frontline-update-b2790625.html\" target=\"_blank\" rel=\"noopener nofollow\" class=\"link link--external\" data-gtm-class=\"article-text-link\" data-gtm-val=\"external\" aria-describedby=\"message-target-blank\"> \u201eIndependent\u201c<\/a>. <\/p>\n<p class=\"tspB0l1\"><strong>Am Himmel \u00fcber der Ukraine wimmele es an Kamikaze-, \u00dcberwachungs-, Bomber- und Anti-Drohnen-Drohnen<\/strong>, schreibt der \u201eIndependent\u201c. Die unbemannten Flugobjekte seien so weit verbreitet, dass ukrainische Soldaten einen zehn Kilometer langen Korridor auf beiden Seiten der Kontaktlinie als \u201eKill Zone\u201c bezeichneten. Das bedeutet: Ziele auf beiden Seiten werden schnell ausgemacht und neutralisiert.<\/p>\n<p>Ukraine-Update<\/p>\n<p class=\"tspCHnx\"> Mit unserem Update-Newsletter zum Ukraine-Krieg erhalten Sie aktuelle Nachrichten, wichtige Hintergr\u00fcnde und exklusive Analysen von den Expertinnen und Experten des Tagesspiegels. <\/p>\n<p class=\"tspB0l1\">Ukrainische Kommandeure sagten dem Portal,<strong> dass diese Entwicklung Russlands F\u00e4higkeit beeintr\u00e4chtigt habe, seine \u00dcberlegenheit bei der Truppenst\u00e4rke und Artillerie effektiv auszunutzen<\/strong>. Jedes gro\u00dfe Fahrzeug in N\u00e4he der Front sei nun ein offensichtliches Ziel, weshalb die Russen nicht mehr so schnell vorr\u00fccken k\u00f6nnten.<\/p>\n<p class=\"tspB0l1\"><strong>Entsprechend habe Russland seine Taktik ge\u00e4ndert und greife nun in der Regel in kleinen Gruppen von f\u00fcnf bis sechs Soldaten an <\/strong>\u2013 zu Fu\u00df, auf Motorr\u00e4dern oder Quads. Diese Soldaten sollen die Ukrainer aus ihren Stellungen locken, damit dann die Russen wiederum mit Drohnen zur\u00fcckschlagen k\u00f6nnten.<\/p>\n<p class=\"tspB0l1\"><strong>Die Offensive der russischen Armee hat sich dadurch zwar verlangsamt, aber nach wie vor haben ihre Soldaten auf dem Schlachtfeld die Oberhand. <\/strong>Der polnische Milit\u00e4ranalyst Konrad Muzyka sagte dem \u201eIndependent\u201c, dass die Ukraine in einem langen Zerm\u00fcrbungskrieg wohl unterlegen w\u00e4re, auch wenn Drohnen das Schlachtfeld ver\u00e4ndert h\u00e4tten. <\/p>\n<p class=\"tspB0l1\"><strong>Muzyka warnt jedoch davor, deren F\u00e4higkeiten \u00fcberzubewerten.<\/strong> \u201eUm einem Ziel den Schaden zuzuf\u00fcgen, den eine Artilleriegranate anrichtet, m\u00fcsste man Dutzende von Drohnen starten\u201c, sagte er. \u201eDrohnen k\u00f6nnen die L\u00fccken bis zu einem gewissen Grad f\u00fcllen und einen gewissen Spielraum schaffen, aber sie sind kein Ersatz f\u00fcr Artillerie.\u201c<\/p>\n<p> Die wichtigsten Nachrichten des Tages: <\/p>\n<ul data-qa-hook=\"story-list-ul\" class=\"tspCLon\">\n<li class=\"tspCLjt tspCLjt\"><strong>Russland hat nach offiziellen Angaben die\u00a0Leichen von 1000 ukrainischen Soldaten an Kiew \u00fcbergeben.\u00a0<\/strong>Damit setze Moskau weiter die Vereinbarungen der Verhandlungen von Istanbul um, teilte der russische Chefunterh\u00e4ndler mit. Moskau hat im Gegenzug seiner Darstellung nach 19 russische K\u00e4mpfer zur\u00fcckerhalten. <a href=\"https:\/\/www.tagesspiegel.de\/internationales\/in-kuhllastwagen-deponiert-russland-ubergibt-1000-weitere-leichen-an-die-ukraine-14039639.html\" target=\"_blank\" rel=\"noopener nofollow\" class=\"link link--external\" data-gtm-class=\"article-text-link\" data-gtm-val=\"external\" aria-describedby=\"message-target-blank\">Mehr hier.<\/a><\/li>\n<li class=\"tspCLjt tspCLjt\"><strong>Auf einem \u00dcbungsplatz im Nordosten der Ukraine hat ein Rekrut zwei Ausbilder erschossen<\/strong>. Der Verd\u00e4chtige habe aus einer automatischen Waffe\u00a0Sch\u00fcsse in Richtung mehrerer Vorgesetzter abgegeben, teilte die Polizei des Gebiets Tschernihiw mit. <a href=\"https:\/\/www.tagesspiegel.de\/internationales\/wahrend-einer-schiessubung-ukrainischer-rekrut-totet-zwei-seiner-militarausbilder-14040554.html\" target=\"_blank\" rel=\"noopener nofollow\" class=\"link link--external\" data-gtm-class=\"article-text-link\" data-gtm-val=\"external\" aria-describedby=\"message-target-blank\">Mehr hier.<\/a><\/li>\n<li class=\"tspCLjt tspCLjt\"><strong>Der fr\u00fchere russische Pr\u00e4sident Dmitri Medwedew wettert erneut gegen die Nato und Europa.<\/strong> Auf die j\u00fcngsten Entwicklungen will Medwedew \u201ein vollem Umfang reagieren\u201c \u2013 rudert im gleichen Statement allerdings wieder zur\u00fcck. <a href=\"https:\/\/www.tagesspiegel.de\/internationales\/wenn-notig-praventivschlage-durchfuhren-medwedew-will-westen-mit-voller-harte-antworten--und-widerspricht-sich-dann-14039042.html\" target=\"_blank\" rel=\"noopener nofollow\" class=\"link link--external\" data-gtm-class=\"article-text-link\" data-gtm-val=\"external\" aria-describedby=\"message-target-blank\">Mehr hier.<\/a><\/li>\n<li class=\"tspCLjt tspCLjt\"><strong>Der Kreml hat Br\u00fcssel und Kiew daf\u00fcr verantwortlich gemacht, dass der russische Angriffskrieg gegen die Ukraine immer noch l\u00e4uft. <\/strong>Sprecher Dmitri Peskow warf den europ\u00e4ischen L\u00e4ndern offenen Militarismus vor. Diese g\u00e4ben Unsummen f\u00fcr Waffen aus, um den Krieg weiter zu befeuern. <a href=\"https:\/\/www.tagesspiegel.de\/internationales\/russischer-angriffskrieg-kreml-klagt-uber-europa-und-ukraine-kiew-wechselt-regierung-14030618.html\" target=\"_blank\" rel=\"noopener nofollow\" class=\"link link--external\" data-gtm-class=\"article-text-link\" data-gtm-val=\"external\" aria-describedby=\"message-target-blank\">Mehr hier.<\/a><\/li>\n<li class=\"tspCLjt tspCLjt\"><strong>Die Nato treibt die von US-Pr\u00e4sident Donald Trump angesto\u00dfene Lieferung weiterer Patriot-Flugabwehrsysteme an die Ukraine voran. <\/strong>Die Vorbereitungen f\u00fcr eine schnelle Verlegung liefen, sagte der milit\u00e4rische Oberbefehlshaber der Nato, Alexus Grynkewich. <a href=\"https:\/\/www.tagesspiegel.de\/internationales\/liveblog\/wir-arbeiten-sehr-eng-mit-den-deutschen-zusammen-nato-bereitet-verlegung-von-patriot-systemen-in-die-ukraine-vor-4309180.html\" target=\"_blank\" rel=\"noopener nofollow\" class=\"link link--external\" data-gtm-class=\"article-text-link\" data-gtm-val=\"external\" aria-describedby=\"message-target-blank\">Mehr im Newsblog.<\/a><\/li>\n<li class=\"tspCLjt tspCLjt\"><strong>Das ukrainische Parlament ernennt den scheidenden Ministerpr\u00e4sidenten Denys Schmyhal zum neuen Verteidigungsminister. <\/strong>Dies teilt der Abgeordnete Jaroslaw Schelesnjak mit.<\/li>\n<li class=\"tspCLjt tspCLjt\"><strong>Am Donnerstagmorgen sollen russische Truppen einen\u00a0massiven Artillerieangriff auf die Stadt Konstantinowka in der umk\u00e4mpften Region Donezk\u00a0durchgef\u00fchrt haben.<\/strong> Das\u00a0teilte der Leiter der regionalen Milit\u00e4rverwaltung, Sergij Gorbunow,\u00a0via Facebook mit.\u00a0<\/li>\n<li class=\"tspCLjt tspCLjt\"><strong>Litauen hat wegen einer \u00fcber dem Land abgest\u00fcrzten Drohne einen belarussischen Diplomaten einbestellt.<\/strong> In einer \u00fcberreichten Note sei der\u00a0\u201estarke Protest gegen das unrechtm\u00e4\u00dfige Eindringen\u201c des unbemannten Flugobjekts<strong>\u00a0<\/strong>in den litauischen Luftraum zum Ausdruck gebracht worden.\u00a0<\/li>\n<li class=\"tspCLjt tspCLjt\"><strong>Der ukrainische Pr\u00e4sident Wolodymyr Selenskyj hat die Politikerin\u00a0Olga Stefanishyna zur neuen Botschafterin der Ukraine in den USA ernannt.<\/strong>\u00a0Via Telegram teilte Selenskyj mit, er habe ein entsprechendes Dekret unterzeichnet.<\/li>\n<li class=\"tspCLjt tspCLjt\"><strong>Bei einem russischen Drohnenangriff auf die ukrainische Gro\u00dfstadt Dnipro sind laut Beh\u00f6rden mindestens ein Mensch get\u00f6tet und f\u00fcnf weitere verletzt worden. <\/strong>Es seien mehrere Br\u00e4nde ausgebrochen, teilte der Milit\u00e4rgouverneur des s\u00fcdostukrainischen Gebiets, Serhij Lyssak, mit.<\/li>\n<li class=\"tspCLjt tspCLjt\"><strong>Russland hat nach Angaben aus Moskau 122 ukrainische Drohnen abgefangen. <\/strong>Die meisten Drohnen seien in Regionen im S\u00fcdwesten in der N\u00e4he zur Ukraine abgefangen und zerst\u00f6rt worden, erkl\u00e4rte das russische Verteidigungsministerium am Donnerstag im Onlinedienst Telegram.<\/li>\n<\/ul>\n<p> Hintergrund und Analyse <a href=\"https:\/\/www.tagesspiegel.de\/internationales\/ukraine-bekommt-neue-regierungschefin-was-dahinter-steckt--und-was-trump-damit-zu-tun-hat-14035817.html?icid=single-topic_14043560___\" data-gtm-class=\"article-mzt-link\" class=\"tspB6mk\" rel=\"nofollow noopener\" target=\"_blank\">Ukraine bekommt neue Regierungschefin Was dahinter steckt \u2013 und was Trump damit zu tun hat <\/a><a href=\"https:\/\/www.tagesspiegel.de\/internationales\/putins-wohnung-im-kreml-journalisten-analysieren-details-aus-propaganda-film-14041097.html?icid=single-topic_14043560___\" data-gtm-class=\"article-mzt-link\" class=\"tspB6mk\" rel=\"nofollow noopener\" target=\"_blank\">Putins Wohnung im Kreml Journalisten analysieren Details aus Propaganda-Film <\/a><\/p>\n","protected":false},"excerpt":{"rendered":"Im Juni hatte Russland seine Sommeroffensive im Krieg gegen die Ukraine gestartet. Meist erobert die Armee seither D\u00f6rfer&hellip;\n","protected":false},"author":2,"featured_media":272753,"comment_status":"","ping_status":"","sticky":false,"template":"","format":"standard","meta":{"footnotes":""},"categories":[4012],"tags":[331,332,13,14,1159,15,307,12,317,312],"class_list":{"0":"post-272752","1":"post","2":"type-post","3":"status-publish","4":"format-standard","5":"has-post-thumbnail","7":"category-ukraine","8":"tag-aktuelle-nachrichten","9":"tag-aktuelle-news","10":"tag-headlines","11":"tag-nachrichten","12":"tag-nato","13":"tag-news","14":"tag-russland","15":"tag-schlagzeilen","16":"tag-ukraine","17":"tag-ukrainekrieg"},"share_on_mastodon":{"url":"https:\/\/pubeurope.com\/@de\/114869431484925462","error":""},"_links":{"self":[{"href":"https:\/\/www.europesays.com\/de\/wp-json\/wp\/v2\/posts\/272752","targetHints":{"allow":["GET"]}}],"collection":[{"href":"https:\/\/www.europesays.com\/de\/wp-json\/wp\/v2\/posts"}],"about":[{"href":"https:\/\/www.europesays.com\/de\/wp-json\/wp\/v2\/types\/post"}],"author":[{"embeddable":true,"href":"https:\/\/www.europesays.com\/de\/wp-json\/wp\/v2\/users\/2"}],"replies":[{"embeddable":true,"href":"https:\/\/www.europesays.com\/de\/wp-json\/wp\/v2\/comments?post=272752"}],"version-history":[{"count":0,"href":"https:\/\/www.europesays.com\/de\/wp-json\/wp\/v2\/posts\/272752\/revisions"}],"wp:featuredmedia":[{"embeddable":true,"href":"https:\/\/www.europesays.com\/de\/wp-json\/wp\/v2\/media\/272753"}],"wp:attachment":[{"href":"https:\/\/www.europesays.com\/de\/wp-json\/wp\/v2\/media?parent=272752"}],"wp:term":[{"taxonomy":"category","embeddable":true,"href":"https:\/\/www.europesays.com\/de\/wp-json\/wp\/v2\/categories?post=272752"},{"taxonomy":"post_tag","embeddable":true,"href":"https:\/\/www.europesays.com\/de\/wp-json\/wp\/v2\/tags?post=272752"}],"curies":[{"name":"wp","href":"https:\/\/api.w.org\/{rel}","templated":true}]}}