{"id":272851,"date":"2025-07-17T16:58:14","date_gmt":"2025-07-17T16:58:14","guid":{"rendered":"https:\/\/www.europesays.com\/de\/272851\/"},"modified":"2025-07-17T16:58:14","modified_gmt":"2025-07-17T16:58:14","slug":"deichbrand-2025-inklusive-umstrittenem-macklemore-auftritt","status":"publish","type":"post","link":"https:\/\/www.europesays.com\/de\/272851\/","title":{"rendered":"Deichbrand 2025: Inklusive umstrittenem Macklemore-Auftritt"},"content":{"rendered":"<p>        <img decoding=\"async\" src=\"https:\/\/www.europesays.com\/de\/wp-content\/uploads\/2025\/07\/macklemore266.webp\" alt=\"Macklemore auf der B\u00fchne.\" title=\"Macklemore auf der B\u00fchne. | picture alliance \/ Rolf Vennenbernd\/dpa, Rolf Vennenbernd\" class=\"responsive\"\/><\/p>\n<p>\n            Stand: 17.07.2025 00:01 Uhr<\/p>\n<p class=\"preface\">Heute startet das Deichbrand Festival bei Cuxhaven. Doch die Partystimmung wird von bundesweiter Kritik \u00fcberschattet. Grund ist der Auftritt des US-Rappers Macklemore: Ihm wird Antisemitismus vorgeworfen.<\/p>\n<p class=\"textauthor\">von Viktoria Koenigs<\/p>\n<p class=\"\">\n60.000 Besuchende und 120 K\u00fcnstlerinnen und K\u00fcnstler werden an diesem Wochenende zur 20. Ausgabe des Deichbrand Festivals erwartet. Am Sonntag soll Macklemore als Headliner auf der B\u00fchne stehen. Doch seit Wochen reist die Kritik an seinem Auftritt nicht ab. Deutliche Vorw\u00fcrfe kommen nicht nur von Seiten der Politik, sondern auch vom Zentralrat der Juden und dem Antisemitismusbeauftragten der Bundesregierung.<\/p>\n<p>    Deswegen wird Macklemore Antisemitismus vorgeworfen<\/p>\n<p class=\"\">\nDem Musiker aus Seattle, der mit b\u00fcrgerlichem Namen Benjamin Haggerty hei\u00dft, wird von mehreren Seiten Antisemitismus vorgeworfen, unter anderem wegen seiner neuesten Songs &#8222;Hind&#8217;s Hall&#8220; und &#8222;Fucked up&#8220;. Der Vorwurf: In diesen Liedern werfe er Israel einen V\u00f6lkermord vor, blende dabei den Terror der Hamas aus. In einem Musikvideo werde \u00fcberdies eine Parallele zwischen einem historischen Bild eines Jungen aus dem Warschauer Ghetto und dem eines pal\u00e4stinensischen Jungen im Westjordanland gezogen.<\/p>\n<p>\n            <strong>Video:<\/strong><br \/>\n            Zentralrat der Juden kritisiert Deichbrand-Festival (2 Min)\n        <\/p>\n<p>    Kritik an Macklemore<\/p>\n<p class=\"\">\nDer Antisemitismusbeauftragte der Bundesregierung, Felix Klein, h\u00e4lt den Auftritt des Rappers beim Deichbrand f\u00fcr &#8222;unertr\u00e4glich&#8220;. Von Seiten des Zentralrats der Juden kommt ebenfalls starke Kritik. Pr\u00e4sident Josef Schuster spricht von einer brandgef\u00e4hrlichen Propaganda, die von Macklemore ausgeht und kritisiert, dass das Festival ihm dennoch eine B\u00fchne bietet: &#8222;Wer solche K\u00fcnstler einl\u00e4dt, tr\u00e4gt zur Normalisierung des Hasses gegen Israel und Juden bei.&#8220; Denn der Israel- und Judenhass von Macklemore sei offensichtlich: &#8222;Er relativiert die Schoa und verbreitet antij\u00fcdische Verschw\u00f6rungen, wie eine angeblich j\u00fcdische Kontrolle \u00fcber Politik und Medien&#8220;, sagt Schuster. Auch die Bildungsst\u00e4tte Anne Frank spricht von &#8222;eindeutig antisemitischen Stereotypen und Narrativen&#8220;, die weit hinausgehen w\u00fcrden \u00fcber &#8222;v\u00f6llig legitime Solidarit\u00e4t&#8220; mit Pal\u00e4stinenserinnen und Pal\u00e4stinensern.<\/p>\n<p>\n            <strong>Video:<\/strong><br \/>\n            Landesbeauftragter f\u00fcr Antisemitismus kritisiert Rapper (1 Min)\n        <\/p>\n<p>    Festivalleitung setzt auf Schulungen und Awareness<\/p>\n<p class=\"\">\nDie Veranstalter des Deichbrand-Festivals haben auf die Vorw\u00fcrfe reagiert und sich bei der Bildungsst\u00e4tte Anne Frank Unterst\u00fctzung geholt. In gemeinsamen Workshops wurde das Festival-Team im Umgang mit israelbezogenem Antisemitismus geschult. Au\u00dferdem soll es zu Beginn des Festivals eine Erkl\u00e4rung gegen Antisemitismus geben. Auch Macklemore werde ein \u00e4hnlicher Text vorgelegt, den er w\u00e4hrend seiner Performance vortragen soll. Eine Expertengruppe will den Auftritt genau beobachten. F\u00fcr den Zentralrat der Juden gehe dieser Schritt jedoch nicht weit genug: &#8222;Die Ma\u00dfnahmen des Festivals k\u00f6nnen hilfreich sein, sie \u00e4ndern aber nichts an der brandgef\u00e4hrlichen Propaganda des US-Rappers, der hier eine B\u00fchne bekommt&#8220;, sagt Schuster.<\/p>\n<p>    Macklemore sollte nicht ausgeladen werden<\/p>\n<p class=\"\">\nTrotz der Kritik, die die Bildungsst\u00e4tte Anne Frank an Macklemore ge\u00e4u\u00dfert hat, warnt ihr Leiter, Meron Mendel, vor Auftrittsverboten f\u00fcr K\u00fcnstler, die sich antisemitisch, rassistisch, sexistisch oder homofeindlich \u00e4u\u00dfern. Das sei nicht mit den Prinzipien einer liberalen Demokratie vereinbar. Zudem k\u00f6nnten Auftrittsverbote auch kontraproduktiv sein. &#8222;Die betroffenen K\u00fcnstler k\u00f6nnen sich als Opfer einer vermeintlichen Cancel Culture darstellen &#8211; das spielt am Ende den Antisemiten in die H\u00e4nde&#8220;, sagt Mendel. Den Auftritt von Macklemore m\u00fcsste man folglich hinnehmen. &#8222;Das ist der Preis, den wir daf\u00fcr zahlen, dass wir in einer freien Gesellschaft leben d\u00fcrfen.&#8220;<\/p>\n<p>    Veranstalter hoffen auf friedliches Festival<\/p>\n<p class=\"\">\nTrotz der anhaltenden Debatte betonen die Veranstalter ihre klare Ablehnung von Hass, Diskriminierung und Gewalt. Wie schon in den Vorjahren solle eng mit Beh\u00f6rden und Sicherheitskr\u00e4ften zusammengearbeitet werden, um einen sicheren und diskriminierungsfreien Besuch des Festivals zu garantieren. Die Tickets f\u00fcr das Deichbrand sind fast ausverkauft &#8211; fast 120 Acts stehen auf dem Programm, darunter K.I.Z., Deichkind, Kontra K und Timmy Trumpet.<\/p>\n<p>        <img decoding=\"async\" src=\"https:\/\/www.europesays.com\/de\/wp-content\/uploads\/2025\/07\/macklemore368.webp\" alt=\"Der Rapper Macklemore steht mit erhobenen Armen auf einer B\u00fchne im Sonnenuntergang\" title=\"Macklemore bei Rock in Rio in Lissabon | picture alliance, Nuno Cruz\" class=\"responsive\" loading=\"lazy\"\/><\/p>\n<p>Der Landesbeauftragte f\u00fcr Antisemitismus kritisiert den Headliner. Die Veranstalter halten am umstrittenen Auftritt fest.<\/p>\n<p>        <img decoding=\"async\" src=\"https:\/\/www.europesays.com\/de\/wp-content\/uploads\/2025\/07\/deichbrand-100.webp\" alt=\"Besucher in kaki W\u00fcstenbekleidung schauen mit Ferngl\u00e4sern nach oben links w\u00e4hrend des Deichbrand Festivals 2024\" title=\"Besucher in kaki W\u00fcstenbekleidung schauen mit Ferngl\u00e4sern nach oben links w\u00e4hrend des Deichbrand Festivals 2024 | AlexanderSchliephake\/Deichbrand Festival\" class=\"responsive\" loading=\"lazy\"\/><\/p>\n<p>Bis Sonntag l\u00e4uft das Deichbrand &#8211; unter anderem treten K.I.Z., Kontra K, Paula Hartmann und Macklemore auf.<\/p>\n<p>        <img decoding=\"async\" src=\"https:\/\/www.europesays.com\/de\/wp-content\/uploads\/2025\/07\/macklemore370.webp\" alt=\"Der US-Rapper Macklemore singt in ein Mikrofon auf einer B\u00fchne vor lilafarbenem Hintergrund.\" title=\"Der US-Rapper Macklemore singt in ein Mikrofon auf einer B\u00fchne vor lilafarbenem Hintergrund. | picture alliance \/ ZUMAPRESS.com , Daniel DeSlover\" class=\"responsive\" loading=\"lazy\"\/><\/p>\n<p>Wegen antisemitischer Aussagen ist der Auftritt des US-Rappers Macklemore umstritten. Kritik gibt es aber auch daran, ihn wieder auszuladen.<\/p>\n","protected":false},"excerpt":{"rendered":"Stand: 17.07.2025 00:01 Uhr Heute startet das Deichbrand Festival bei Cuxhaven. Doch die Partystimmung wird von bundesweiter Kritik&hellip;\n","protected":false},"author":2,"featured_media":272852,"comment_status":"","ping_status":"","sticky":false,"template":"","format":"standard","meta":{"footnotes":""},"categories":[155],"tags":[712,12690,27353,19590,29,214,5561,30,411,1597,1310,28357,810,215],"class_list":{"0":"post-272851","1":"post","2":"type-post","3":"status-publish","4":"format-standard","5":"has-post-thumbnail","7":"category-unterhaltung","8":"tag-antisemitismus","9":"tag-auftritt","10":"tag-cuxhaven","11":"tag-deichbrand","12":"tag-deutschland","13":"tag-entertainment","14":"tag-festival","15":"tag-germany","16":"tag-israel","17":"tag-juden","18":"tag-konzert","19":"tag-macklemore","20":"tag-musik","21":"tag-unterhaltung"},"share_on_mastodon":{"url":"https:\/\/pubeurope.com\/@de\/114869640054322624","error":""},"_links":{"self":[{"href":"https:\/\/www.europesays.com\/de\/wp-json\/wp\/v2\/posts\/272851","targetHints":{"allow":["GET"]}}],"collection":[{"href":"https:\/\/www.europesays.com\/de\/wp-json\/wp\/v2\/posts"}],"about":[{"href":"https:\/\/www.europesays.com\/de\/wp-json\/wp\/v2\/types\/post"}],"author":[{"embeddable":true,"href":"https:\/\/www.europesays.com\/de\/wp-json\/wp\/v2\/users\/2"}],"replies":[{"embeddable":true,"href":"https:\/\/www.europesays.com\/de\/wp-json\/wp\/v2\/comments?post=272851"}],"version-history":[{"count":0,"href":"https:\/\/www.europesays.com\/de\/wp-json\/wp\/v2\/posts\/272851\/revisions"}],"wp:featuredmedia":[{"embeddable":true,"href":"https:\/\/www.europesays.com\/de\/wp-json\/wp\/v2\/media\/272852"}],"wp:attachment":[{"href":"https:\/\/www.europesays.com\/de\/wp-json\/wp\/v2\/media?parent=272851"}],"wp:term":[{"taxonomy":"category","embeddable":true,"href":"https:\/\/www.europesays.com\/de\/wp-json\/wp\/v2\/categories?post=272851"},{"taxonomy":"post_tag","embeddable":true,"href":"https:\/\/www.europesays.com\/de\/wp-json\/wp\/v2\/tags?post=272851"}],"curies":[{"name":"wp","href":"https:\/\/api.w.org\/{rel}","templated":true}]}}