{"id":272892,"date":"2025-07-17T17:20:09","date_gmt":"2025-07-17T17:20:09","guid":{"rendered":"https:\/\/www.europesays.com\/de\/272892\/"},"modified":"2025-07-17T17:20:09","modified_gmt":"2025-07-17T17:20:09","slug":"die-feuerwehr-ist-in-der-werbeoffensive","status":"publish","type":"post","link":"https:\/\/www.europesays.com\/de\/272892\/","title":{"rendered":"Die Feuerwehr ist in der Werbeoffensive"},"content":{"rendered":"<p class=\"text_ohne_einzug richtext text-em-55 !leading-serif mx-6 desktop:mx-0\">Die Feuerwehr W\u00fclfrath ist aktuell stark im Gespr\u00e4ch \u2013 und das zum Gl\u00fcck nicht nur wegen der Diskussion um die Standortfrage f\u00fcr die Feuer- und Rettungswache (Kostenpflichtiger Inhalt <a href=\"https:\/\/rp-online.de\/nrw\/staedte\/wuelfrath\/wuelfrath-politik-hinterfragt-neuen-standort-feuerwehr_aid-130797789\" target=\"_blank\" rel=\"noopener\">wir berichteten<\/a>). Die Brandbek\u00e4mpfer fahren n\u00e4mlich in diesem Jahr verst\u00e4rkt eine \u00d6ffentlichkeitsoffensive, werben daf\u00fcr, Teil der ehrenamtlichen Feuerwehrgemeinschaft zu werden.<\/p>\n","protected":false},"excerpt":{"rendered":"Die Feuerwehr W\u00fclfrath ist aktuell stark im Gespr\u00e4ch \u2013 und das zum Gl\u00fcck nicht nur wegen der Diskussion&hellip;\n","protected":false},"author":2,"featured_media":272893,"comment_status":"","ping_status":"","sticky":false,"template":"","format":"standard","meta":{"footnotes":""},"categories":[1840],"tags":[27946,37123,3364,29,5393,72713,588,81882,74359,9032,81880,8393,987,985,81883,81878,81881,22951,81877,30,17760,11073,1209,7540,81879,81876,36668,27167,4418],"class_list":{"0":"post-272892","1":"post","2":"type-post","3":"status-publish","4":"format-standard","5":"has-post-thumbnail","7":"category-wuppertal","8":"tag-aktiv","9":"tag-aktive","10":"tag-de","11":"tag-deutschland","12":"tag-ehrenamt","13":"tag-ehrenamtlichen","14":"tag-einsatz","15":"tag-einsatzabteilung","16":"tag-einsatzaufkommen","17":"tag-einsatzkraefte","18":"tag-einsatzsituationen","19":"tag-einsatzwagen","20":"tag-feuer","21":"tag-feuerwehr","22":"tag-feuerwehrfrauen","23":"tag-feuerwehrgemeinschaft","24":"tag-feuerwehrmitglieder","25":"tag-freiwillige","26":"tag-freiwilligen","27":"tag-germany","28":"tag-jugendfeuerwehr","29":"tag-mitglied","30":"tag-nordrhein-westfalen","31":"tag-thw","32":"tag-uebungseinsatz","33":"tag-verstaerkt","34":"tag-wehr","35":"tag-wuelfrath","36":"tag-wuppertal"},"share_on_mastodon":{"url":"https:\/\/pubeurope.com\/@de\/114869726373718475","error":""},"_links":{"self":[{"href":"https:\/\/www.europesays.com\/de\/wp-json\/wp\/v2\/posts\/272892","targetHints":{"allow":["GET"]}}],"collection":[{"href":"https:\/\/www.europesays.com\/de\/wp-json\/wp\/v2\/posts"}],"about":[{"href":"https:\/\/www.europesays.com\/de\/wp-json\/wp\/v2\/types\/post"}],"author":[{"embeddable":true,"href":"https:\/\/www.europesays.com\/de\/wp-json\/wp\/v2\/users\/2"}],"replies":[{"embeddable":true,"href":"https:\/\/www.europesays.com\/de\/wp-json\/wp\/v2\/comments?post=272892"}],"version-history":[{"count":0,"href":"https:\/\/www.europesays.com\/de\/wp-json\/wp\/v2\/posts\/272892\/revisions"}],"wp:featuredmedia":[{"embeddable":true,"href":"https:\/\/www.europesays.com\/de\/wp-json\/wp\/v2\/media\/272893"}],"wp:attachment":[{"href":"https:\/\/www.europesays.com\/de\/wp-json\/wp\/v2\/media?parent=272892"}],"wp:term":[{"taxonomy":"category","embeddable":true,"href":"https:\/\/www.europesays.com\/de\/wp-json\/wp\/v2\/categories?post=272892"},{"taxonomy":"post_tag","embeddable":true,"href":"https:\/\/www.europesays.com\/de\/wp-json\/wp\/v2\/tags?post=272892"}],"curies":[{"name":"wp","href":"https:\/\/api.w.org\/{rel}","templated":true}]}}