{"id":272924,"date":"2025-07-17T17:38:37","date_gmt":"2025-07-17T17:38:37","guid":{"rendered":"https:\/\/www.europesays.com\/de\/272924\/"},"modified":"2025-07-17T17:38:37","modified_gmt":"2025-07-17T17:38:37","slug":"pol-du-marxloh-flucht-vor-der-polizei-wegen-lachgaskonsum","status":"publish","type":"post","link":"https:\/\/www.europesays.com\/de\/272924\/","title":{"rendered":"POL-DU: Marxloh: Flucht vor der Polizei wegen Lachgaskonsum"},"content":{"rendered":"<p class=\"date\">17.07.2025 \u2013 15:42<\/p>\n<p class=\"customer\">\n                        <a class=\"story-customer\" title=\"weiter zum newsroom von Polizei Duisburg\" href=\"https:\/\/www.presseportal.de\/blaulicht\/nr\/50510\" rel=\"nofollow noopener\" target=\"_blank\">Polizei Duisburg<\/a>\n                    <\/p>\n<p><a class=\"glightbox event-trigger\" href=\"https:\/\/cache.pressmailing.net\/thumbnail\/story_hires\/1df6cb14-9213-4a9f-a8de-a18ab0ac29d6\/Screenshot2025-07-17141720.jpg.jpg\" data-description=\"Lachgas\" data-category=\"medialightbox\" data-action=\"click\" data-label=\"single\" data-value=\"6878fdd7270000fd2cfd3a30\" rel=\"nofollow noopener\" target=\"_blank\"><img decoding=\"async\" height=\"540\" with=\"720\" src=\"https:\/\/www.europesays.com\/de\/wp-content\/uploads\/2025\/07\/pol-du-marxloh-flucht-vor-der-polizei-wegen-lachgaskonsum.jpeg\"   alt=\"POL-DU: Marxloh: Flucht vor der Polizei wegen Lachgaskonsum\" class=\"single\"\/><\/a><\/p>\n<p><a data-category=\"citylink-story-view\" data-action=\"click\" data-label=\"Citylink in Meldungsansicht\" class=\"story-city event-trigger\" href=\"https:\/\/www.presseportal.de\/regional\/Duisburg\" title=\"News aus Duisburg \" rel=\"nofollow noopener\" target=\"_blank\">Duisburg<\/a> (ots)<\/p>\n<p>Polizisten erblickten in der Nacht von Montag auf Dienstag (15. Juli) gegen 2 Uhr einen nicht angeschnallten Ford-Fahrer im Bereich der Weseler Stra\u00dfe und beabsichtigten ihn anzuhalten. Als der Mann die Beamten sah, gab er Gas und fuhr lautstark mit durchdrehenden Reifen in Richtung Getrudenstra\u00dfe. Das Licht an seinem Wagen schaltete er aus und fuhr teilweise \u00fcber Gehwege und Verkehrsinseln hinweg bis in die Wackerdonkstra\u00dfe.<\/p>\n<p>Weil es sich bei der Wackerdonkstra\u00dfe um eine Sackgasse handelt, kam der Mann dort mit seinem Fiesta zum Stehen und die Einsatzkr\u00e4fte stellten ihn. Der 20-J\u00e4hrige wirkte auf die Beamten berauscht. Er stimmte einem freiwilligen Alkohol- und Drogenvortest zu, das Ergebnis fiel jedoch negativ aus. Die Polizisten entdeckten dann im Fu\u00dfraum der Beifahrerseite eine Lachgasflasche. Sowohl diese als auch den F\u00fchrerschein stellten die Beamten sicher.<\/p>\n<p>Ein Abschleppunternehmen brachte den Wagen zum Sicherstellungsgel\u00e4nde. Den 20-J\u00e4hrigen fuhren die Polizisten zur Wache Hamborn, wo ihm ein Arzt eine Blutprobe wegen des Verdachts auf Lachgaskonsum entnahm.<\/p>\n<p>Das Verkehrskommissariat 21 hat die Ermittlungen aufgenommen. Der 20-j\u00e4hrige Duisburger muss sich nun mit einem Strafverfahren auseinandersetzen.<\/p>\n<p>Die Polizei Duisburg warnt: Lachgas wird oft als harmloses Partygas betrachtet, aber die Risiken werden deutlich untersch\u00e4tzt. Das Gas f\u00fchrt zu einem Sauerstoffmangel im Gehirn. Das kann zu langfristigen neurologischen Sch\u00e4den oder zur Bewusstlosigkeit f\u00fchren und beeintr\u00e4chtigt die Fahrtauglichkeit.<\/p>\n<p class=\"contact-headline\">Journalisten wenden sich mit R\u00fcckfragen bitte an:<\/p>\n<p class=\"contact-text\">Polizei Duisburg<br \/>&#8211; Pressestelle &#8211;<br \/>Polizei Duisburg<br \/>Telefon: 0203 280 -1041, -1045, -1046, -1047<br \/>Fax: 0203 280 1049<br \/>E-Mail: <a href=\"https:\/\/www.presseportal.de\/blaulicht\/pm\/50510\/mailto: pressestelle.duisburg@polizei.nrw.de\" class=\"uri-mailto\" rel=\"nofollow noopener\" target=\"_blank\"> pressestelle.duisburg@polizei.nrw.de<\/a><br \/><a target=\"_blank\" class=\"uri-ext outbound\" rel=\"noopener nofollow\" href=\"https:\/\/duisburg.polizei.nrw\">https:\/\/duisburg.polizei.nrw<\/a><\/p>\n<p>au\u00dferhalb der B\u00fcrodienstzeiten:<br \/>Polizei Duisburg<br \/>Telefon: 0203 2800<\/p>\n<p class=\"originator\">Original-Content von: Polizei Duisburg, \u00fcbermittelt durch news aktuell<\/p>\n","protected":false},"excerpt":{"rendered":"17.07.2025 \u2013 15:42 Polizei Duisburg Duisburg (ots) Polizisten erblickten in der Nacht von Montag auf Dienstag (15. Juli)&hellip;\n","protected":false},"author":2,"featured_media":272925,"comment_status":"","ping_status":"","sticky":false,"template":"","format":"standard","meta":{"footnotes":""},"categories":[1838],"tags":[3364,29,3715,30,177,1209,176,121,178,180,179,181],"class_list":{"0":"post-272924","1":"post","2":"type-post","3":"status-publish","4":"format-standard","5":"has-post-thumbnail","7":"category-duisburg","8":"tag-de","9":"tag-deutschland","10":"tag-duisburg","11":"tag-germany","12":"tag-kriminalitt","13":"tag-nordrhein-westfalen","14":"tag-nrw","15":"tag-polizei","16":"tag-presse","17":"tag-pressemeldung","18":"tag-pressemitteilung","19":"tag-pressemitteilungen"},"share_on_mastodon":{"url":"https:\/\/pubeurope.com\/@de\/114869797074332899","error":""},"_links":{"self":[{"href":"https:\/\/www.europesays.com\/de\/wp-json\/wp\/v2\/posts\/272924","targetHints":{"allow":["GET"]}}],"collection":[{"href":"https:\/\/www.europesays.com\/de\/wp-json\/wp\/v2\/posts"}],"about":[{"href":"https:\/\/www.europesays.com\/de\/wp-json\/wp\/v2\/types\/post"}],"author":[{"embeddable":true,"href":"https:\/\/www.europesays.com\/de\/wp-json\/wp\/v2\/users\/2"}],"replies":[{"embeddable":true,"href":"https:\/\/www.europesays.com\/de\/wp-json\/wp\/v2\/comments?post=272924"}],"version-history":[{"count":0,"href":"https:\/\/www.europesays.com\/de\/wp-json\/wp\/v2\/posts\/272924\/revisions"}],"wp:featuredmedia":[{"embeddable":true,"href":"https:\/\/www.europesays.com\/de\/wp-json\/wp\/v2\/media\/272925"}],"wp:attachment":[{"href":"https:\/\/www.europesays.com\/de\/wp-json\/wp\/v2\/media?parent=272924"}],"wp:term":[{"taxonomy":"category","embeddable":true,"href":"https:\/\/www.europesays.com\/de\/wp-json\/wp\/v2\/categories?post=272924"},{"taxonomy":"post_tag","embeddable":true,"href":"https:\/\/www.europesays.com\/de\/wp-json\/wp\/v2\/tags?post=272924"}],"curies":[{"name":"wp","href":"https:\/\/api.w.org\/{rel}","templated":true}]}}