{"id":272975,"date":"2025-07-17T18:06:11","date_gmt":"2025-07-17T18:06:11","guid":{"rendered":"https:\/\/www.europesays.com\/de\/272975\/"},"modified":"2025-07-17T18:06:11","modified_gmt":"2025-07-17T18:06:11","slug":"krimi-bestseller-adaption-wird-immer-spannender-zu-oscar-gewinnern-stoesst-nun-ein-star-einer-der-aktuell-besten-agenten-serien-serien-news","status":"publish","type":"post","link":"https:\/\/www.europesays.com\/de\/272975\/","title":{"rendered":"Krimi-Bestseller-Adaption wird immer spannender: Zu Oscar-Gewinnern st\u00f6\u00dft nun ein Star einer der aktuell besten Agenten-Serien &#8211; Serien News"},"content":{"rendered":"<p>Nicht nur die spannende Handlung im Berlin der Goldenen Zwanziger, auch die beteiligten Namen wecken Vorfreude auf das neueste Serien-Projekt von Apple \u2013 neben Hollywood-Gr\u00f6\u00dfe Tom Hanks als Produzent wurde nun auch der erste Darsteller verk\u00fcndet.<\/p>\n<p>    <img loading=\"lazy\" decoding=\"async\" class=\"article-figure-img\" width=\"654\" height=\"368\" src=\"https:\/\/www.europesays.com\/de\/wp-content\/uploads\/2025\/07\/086c779014a9396304e9ae6cb2d0c65d.jpg\"\/><\/p>\n<p>        Apple TV+<\/p>\n<p class=\"bo-p\">Berlin in den Goldenen Zwanzigern, ein junger Kommissar und jede Menge kriminelle Machenschaften: Das Erfolgsrezept von \u201eBabylon Berlin\u201c d\u00fcrfte auch f\u00fcr das neueste Serienprojekt von Apple gelten \u2013 nur wird es in diesem vermutlich d\u00fcsterer zugehen.<\/p>\n<p class=\"bo-p\">Im April wurde bereits bekannt, dass es eine <b>Serien-Adaption der international erfolgreichen \u201eBerlin Noir\u201c-Kriminalroman-Reihe von <\/b><a href=\"https:\/\/www.filmstarts.de\/personen\/492532.html\" class=\"bo-link\" rel=\"nofollow noopener\" target=\"_blank\"><b>Philip Kerr<\/b><\/a><b> <\/b>geben soll, basierend auf dem zuletzt erschienenen, zeitlich jedoch zuerst stattfindenden 14. Band \u201eMetropolis\u201c.<\/p>\n<p class=\"bo-p\">Wie Deadline nun verk\u00fcndete, ist das Team f\u00fcr die Verfilmung weiter gewachsen: <b>Der britische Schauspieler <\/b><a href=\"https:\/\/www.filmstarts.de\/personen\/659272.html\" class=\"bo-link\" rel=\"nofollow noopener\" target=\"_blank\"><b>Jack Lowden<\/b><\/a><b> wird die Hauptrolle in der noch titellosen Adaption \u00fcbernehmen, und Serienmacher <\/b><a href=\"https:\/\/www.filmstarts.de\/personen\/201065.html\" class=\"bo-link\" rel=\"nofollow noopener\" target=\"_blank\"><b>Tom Shankland<\/b><\/a><b> die Regie.<\/b><\/p>\n<p>Vom impulsiven Agenten zum bissigen Privatdetektiv<\/p>\n<p class=\"bo-p\">Der 35-j\u00e4hrige Jack Lowden hat nach einer erfolgreichen Theater-Laufbahn bereits mit mehreren Film- und Serienauftritten Aufmerksamkeit erregen k\u00f6nnen, darunter diverse historische Stoffe \u2013 unter anderem \u00fcbernahm er Hauptrollen in \u201eDunkirk\u201c und \u201eMaria Stuart\u201c.<\/p>\n<p class=\"bo-p\"><b>Seit 2022 ist Lowden an der Seite von Gary Oldman im Agenten-Drama \u201e<\/b><a href=\"https:\/\/www.filmstarts.de\/serien\/25905.html\" class=\"bo-link\" rel=\"nofollow noopener\" target=\"_blank\"><b>Slow Horses<\/b><\/a><b>\u201c zu sehen, ebenfalls eine Apple TV-Produktion.<\/b> F\u00fcr seine Darstellung des zynischen und zeitweise leichtsinnigen Agenten River Cartwright erhielt er 2024 eine Emmy-Nominierung. Aktuell steht er gemeinsam mit Olivia Colman und Emma Corrin f\u00fcr die Netflix-Serienadaption von \u201eStolz und Vorurteil\u201c vor der Kamera.<\/p>\n<p class=\"bo-p\">Philip Kerrs \u201eBerlin Noir\u201c-Romane sind f\u00fcr ihre Mischung aus historischen Fakten, realen Pers\u00f6nlichkeiten, fiktiven Kriminalf\u00e4llen und eine packende d\u00fcstere Grundstimmung bekannt \u2013 sowie den zu Pessimismus neigenden, doch \u00e4u\u00dferst energischen Protagonisten Bernhard Gunther, den Lowden verk\u00f6rpern wird. <\/p>\n<p class=\"bo-p\"><b>Die Apple-Adaption wird sich dem 2019 nach Kerrs Tod posthum erschienenen 14. Band widmen, der die Vorgeschichte des Polizisten und sp\u00e4teren Privatdetektivs Bernhard \u201aBernie\u2018 Gunther in Berlin 1928 erz\u00e4hlt: <\/b>Frisch von der Mordkommission engagiert, sieht Bernie sich mit einer Serie von Todesf\u00e4llen konfrontiert, die Opfer allesamt gesellschaftliche Au\u00dfenseiter. Im unruhigen Klima der Stadt zwischen Dekadenz und drohenden politischen Umbr\u00fcchen versucht er, die Wahrheit aufzudecken\u2026 <\/p>\n<p>            \u201eMetropolis\u201c von Philip Kerr als Taschenbuch bei Amazon*<\/p>\n<p class=\"bo-p\">Tom Shankland, der gerade seine Arbeit an der kommenden Netflix-Serie \u201eHouse of Guinness\u201c abgeschlossen hat, wird neben der Regie auch als ausf\u00fchrender Produzent an der Serie beteiligt sein.<\/p>\n<p class=\"bo-p\">Bereits im April wurde verk\u00fcndet, dass sich<b> unter den Produzenten f\u00fcr die \u201eBerlin Noir\u201c-Adaption auch Hollywood-Gr\u00f6\u00dfe Tom Hanks und Oscar-Gewinner Peter Straughan (\u201eKonklave\u201c) befinden<\/b> \u2013 letzterer wird auch in gr\u00f6\u00dferem Umfang als Drehbuchautor und Showrunner an der Serienumsetzung beteiligt sein.<\/p>\n<p class=\"bo-p\"><b>Wann genau es mit der Produktion der Serie losgeht, und ob wir neben der Adaption von \u201eMetropolis\u201c weitere Teile der Reihe erwarten d\u00fcrfen, ist noch nicht bekannt.<\/b> Wo, ist allerdings bereits klar, und die Entscheidung d\u00fcrfte leicht gefallen sein \u2013 die Dreharbeiten werden in Berlin stattfinden.<\/p>\n<p class=\"bo-p\">Vorher k\u00f6nnt ihr Jack Lowden erstmal in der f\u00fcnften Staffel von \u201eSlow Horses\u201c erleben, die im September bei Apple TV+ startet \u2013 und falls die Serie um die eigenwillige Geheimdienst-Truppe bisher an euch vorbeigegangen ist, k\u00f6nnt ihr hier einmal die aktuellsten Entwicklungen nachlesen (und euch von den fantastischen Bewertungen \u00fcberzeugen lassen):<\/p>\n<p>    <a class=\"cms-see-also\" data-title=\"Auch interessant\" href=\"https:\/\/www.filmstarts.de\/nachrichten\/1000153559.html\" rel=\"nofollow noopener\" target=\"_blank\">Noch bevor Season 5 an den Start geht: Die vielleicht beste Agenten-Serie bekommt eine 7. Staffel spendiert<\/a><\/p>\n<p class=\"bo-p\">*Bei dem Link zum Angebot von Amazon handelt es sich um einen sogenannten Affiliate-Link. Bei einem Kauf \u00fcber diesen Link erhalten wir eine Provision.<\/p>\n","protected":false},"excerpt":{"rendered":"Nicht nur die spannende Handlung im Berlin der Goldenen Zwanziger, auch die beteiligten Namen wecken Vorfreude auf das&hellip;\n","protected":false},"author":2,"featured_media":272976,"comment_status":"","ping_status":"","sticky":false,"template":"","format":"standard","meta":{"footnotes":""},"categories":[1825],"tags":[1941,1939,296,1937,29,30,1940,1938],"class_list":{"0":"post-272975","1":"post","2":"type-post","3":"status-publish","4":"format-standard","5":"has-post-thumbnail","7":"category-berlin","8":"tag-aktuelle-nachrichten-aus-berlin","9":"tag-aktuelle-news-aus-berlin","10":"tag-berlin","11":"tag-berlin-news","12":"tag-deutschland","13":"tag-germany","14":"tag-nachrichten-aus-berlin","15":"tag-news-aus-berlin"},"share_on_mastodon":{"url":"https:\/\/pubeurope.com\/@de\/114869907252598491","error":""},"_links":{"self":[{"href":"https:\/\/www.europesays.com\/de\/wp-json\/wp\/v2\/posts\/272975","targetHints":{"allow":["GET"]}}],"collection":[{"href":"https:\/\/www.europesays.com\/de\/wp-json\/wp\/v2\/posts"}],"about":[{"href":"https:\/\/www.europesays.com\/de\/wp-json\/wp\/v2\/types\/post"}],"author":[{"embeddable":true,"href":"https:\/\/www.europesays.com\/de\/wp-json\/wp\/v2\/users\/2"}],"replies":[{"embeddable":true,"href":"https:\/\/www.europesays.com\/de\/wp-json\/wp\/v2\/comments?post=272975"}],"version-history":[{"count":0,"href":"https:\/\/www.europesays.com\/de\/wp-json\/wp\/v2\/posts\/272975\/revisions"}],"wp:featuredmedia":[{"embeddable":true,"href":"https:\/\/www.europesays.com\/de\/wp-json\/wp\/v2\/media\/272976"}],"wp:attachment":[{"href":"https:\/\/www.europesays.com\/de\/wp-json\/wp\/v2\/media?parent=272975"}],"wp:term":[{"taxonomy":"category","embeddable":true,"href":"https:\/\/www.europesays.com\/de\/wp-json\/wp\/v2\/categories?post=272975"},{"taxonomy":"post_tag","embeddable":true,"href":"https:\/\/www.europesays.com\/de\/wp-json\/wp\/v2\/tags?post=272975"}],"curies":[{"name":"wp","href":"https:\/\/api.w.org\/{rel}","templated":true}]}}