{"id":273026,"date":"2025-07-17T18:32:10","date_gmt":"2025-07-17T18:32:10","guid":{"rendered":"https:\/\/www.europesays.com\/de\/273026\/"},"modified":"2025-07-17T18:32:10","modified_gmt":"2025-07-17T18:32:10","slug":"juristin-katharina-dahm-hueffelsheimerin-wird-praesidentin-der-hochschule-mainz-oeffentlicher-anzeiger","status":"publish","type":"post","link":"https:\/\/www.europesays.com\/de\/273026\/","title":{"rendered":"Juristin Katharina Dahm: H\u00fcffelsheimerin wird Pr\u00e4sidentin der Hochschule Mainz &#8211; Oeffentlicher Anzeiger"},"content":{"rendered":"<p>Juristin Katharina Dahm<\/p>\n<p>H\u00fcffelsheimerin wird Pr\u00e4sidentin der Hochschule Mainz<\/p>\n<p><img loading=\"lazy\" decoding=\"async\" src=\"https:\/\/www.europesays.com\/de\/wp-content\/uploads\/2025\/07\/4112297_1_figurenolazy_rzmki-katharinadahm.jpeg\" alt=\"\" title=\"\" width=\"960\" height=\"540\" class=\"img-fluid\"\/>iKatharina Dahm aus H\u00fcffelsheim wurde zur neuen Pr\u00e4sidentin der Hochschule Mainz gew\u00e4hlt. Im November hatte sie die Landratswahl vergleichsweise knapp verloren. Das damals aufgebaute Netzwerk m\u00f6chte sie in ihrer neuen Funktion nutzen. Markus Kilian<\/p>\n<p class=\"teaser\">Im vergangenen November hat sie sich um das Amt der Landr\u00e4tin beworben, ab kommendem M\u00e4rz leitet sie fast 6000 Studierende. Welche Parallelen es dazwischen gibt und wie Wissenschaft und Gesellschaft mehr zusammenfinden sollen.<\/p>\n<p>\n Eine F\u00fchrungsposition nicht in der kommunalpolitischen, daf\u00fcr in der akademischen Laufbahn: Die ehemalige Landratskandidatin Katharina Dahm wird die neue Pr\u00e4sidentin der Hochschule Mainz. Der Senat hat die Juraprofessorin aus H\u00fcffelsheim in das neue Amt gew\u00e4hlt, das sie zum M\u00e4rz 2026 antreten wird.\n<\/p>\n<p>Artikel teilen <\/p>\n","protected":false},"excerpt":{"rendered":"Juristin Katharina Dahm H\u00fcffelsheimerin wird Pr\u00e4sidentin der Hochschule Mainz iKatharina Dahm aus H\u00fcffelsheim wurde zur neuen Pr\u00e4sidentin der&hellip;\n","protected":false},"author":2,"featured_media":273027,"comment_status":"","ping_status":"","sticky":false,"template":"","format":"standard","meta":{"footnotes":""},"categories":[1847],"tags":[3364,29,548,663,3934,30,13,2052,81900,1427,14,15,12,4544],"class_list":{"0":"post-273026","1":"post","2":"type-post","3":"status-publish","4":"format-standard","5":"has-post-thumbnail","7":"category-wiesbaden","8":"tag-de","9":"tag-deutschland","10":"tag-eu","11":"tag-europa","12":"tag-europe","13":"tag-germany","14":"tag-headlines","15":"tag-hessen","16":"tag-hueffelsheim","17":"tag-mainz","18":"tag-nachrichten","19":"tag-news","20":"tag-schlagzeilen","21":"tag-wiesbaden"},"share_on_mastodon":{"url":"https:\/\/pubeurope.com\/@de\/114870009520040753","error":""},"_links":{"self":[{"href":"https:\/\/www.europesays.com\/de\/wp-json\/wp\/v2\/posts\/273026","targetHints":{"allow":["GET"]}}],"collection":[{"href":"https:\/\/www.europesays.com\/de\/wp-json\/wp\/v2\/posts"}],"about":[{"href":"https:\/\/www.europesays.com\/de\/wp-json\/wp\/v2\/types\/post"}],"author":[{"embeddable":true,"href":"https:\/\/www.europesays.com\/de\/wp-json\/wp\/v2\/users\/2"}],"replies":[{"embeddable":true,"href":"https:\/\/www.europesays.com\/de\/wp-json\/wp\/v2\/comments?post=273026"}],"version-history":[{"count":0,"href":"https:\/\/www.europesays.com\/de\/wp-json\/wp\/v2\/posts\/273026\/revisions"}],"wp:featuredmedia":[{"embeddable":true,"href":"https:\/\/www.europesays.com\/de\/wp-json\/wp\/v2\/media\/273027"}],"wp:attachment":[{"href":"https:\/\/www.europesays.com\/de\/wp-json\/wp\/v2\/media?parent=273026"}],"wp:term":[{"taxonomy":"category","embeddable":true,"href":"https:\/\/www.europesays.com\/de\/wp-json\/wp\/v2\/categories?post=273026"},{"taxonomy":"post_tag","embeddable":true,"href":"https:\/\/www.europesays.com\/de\/wp-json\/wp\/v2\/tags?post=273026"}],"curies":[{"name":"wp","href":"https:\/\/api.w.org\/{rel}","templated":true}]}}