{"id":273110,"date":"2025-07-17T19:19:09","date_gmt":"2025-07-17T19:19:09","guid":{"rendered":"https:\/\/www.europesays.com\/de\/273110\/"},"modified":"2025-07-17T19:19:09","modified_gmt":"2025-07-17T19:19:09","slug":"taenzerin-jillian-davis-vom-complexions-ballett-new-york-ueber-staerken-und-mindset","status":"publish","type":"post","link":"https:\/\/www.europesays.com\/de\/273110\/","title":{"rendered":"T\u00e4nzerin Jillian Davis vom Complexions-Ballett New York \u00fcber St\u00e4rken und Mindset"},"content":{"rendered":"<p class=\" richtext text-em-55 !leading-serif mx-6 desktop:mx-0\">Davis Ich bin auf einem Milchbauernhof in einer Kleinstadt aufgewachsen, also nicht in einer typischen Ballett-Umgebung. Aber in meinem Elternhaus wurde immer viel Musik gespielt. Ich habe immer meine Aufgaben so schnell erledigt, wie ich konnte, um dann unter dem Lautsprecher zu tanzen. Also beschlossen meine Eltern: \u201eHey, es gibt ein Tanzstudio etwa 15 Minuten entfernt. Wir schicken sie einmal pro Woche zum Unterricht.\u201c Das war f\u00fcr mich die beste Zeit. Ich liebte das Lernen, das Tanzen f\u00fchlte sich f\u00fcr mich nat\u00fcrlich an. Mit etwa sieben Jahren sollte ich mich zwischen <a href=\"https:\/\/rp-online.de\/thema\/ballett\/\" target=\"_blank\" rel=\"noopener\">Ballett<\/a> und anderen Stilen wie Jazzdance und Hiphop entscheiden. Ich entschied mich, ohne zu z\u00f6gern, f\u00fcr Ballett. Ich hatte daf\u00fcr eine ganz nat\u00fcrliche Koordination. Ich konnte alles machen, ohne gro\u00df dar\u00fcber nachzudenken. Mit elf hatte ich das gro\u00dfe Gl\u00fcck, eine Lehrerin zu finden, die das erkannte. Sie ermutigte meine Eltern und mich, in der Stadt <a href=\"https:\/\/rp-online.de\/thema\/philadelphia\/\" target=\"_blank\" rel=\"noopener\">Philadelphia<\/a> nach mehr Kursen zu schauen. Also gingen wir dorthin. Wir erkundeten Kurse, Lehrer und Stile. Und da habe ich mit elf Jahren gemerkt, dass ich das f\u00fcr immer machen kann und will.<\/p>\n","protected":false},"excerpt":{"rendered":"Davis Ich bin auf einem Milchbauernhof in einer Kleinstadt aufgewachsen, also nicht in einer typischen Ballett-Umgebung. Aber in&hellip;\n","protected":false},"author":2,"featured_media":273111,"comment_status":"","ping_status":"","sticky":false,"template":"","format":"standard","meta":{"footnotes":""},"categories":[1828],"tags":[14068,43340,16104,81921,81925,81922,81917,81916,29,81919,30,25165,33127,29268,56304,1420,81918,1461,81923,81927,81926,81924,1209,9768,14143,81920,14146,81928],"class_list":{"0":"post-273110","1":"post","2":"type-post","3":"status-publish","4":"format-standard","5":"has-post-thumbnail","7":"category-koeln","8":"tag-lernen","9":"tag-ballet","10":"tag-ballett","11":"tag-ballettkompanie","12":"tag-ballettstuecke","13":"tag-ballettunterricht","14":"tag-complexions","15":"tag-davis","16":"tag-deutschland","17":"tag-erkannte","18":"tag-germany","19":"tag-glueck","20":"tag-gluecklich","21":"tag-grosse","22":"tag-groessere","23":"tag-koeln","24":"tag-kompanie","25":"tag-koerper","26":"tag-koerpergroesse","27":"tag-koerperspannung","28":"tag-mittaenzerinnen","29":"tag-mittaenzern","30":"tag-nordrhein-westfalen","31":"tag-tanzen","32":"tag-taenzer","33":"tag-taenzerin","34":"tag-taenzerinnen","35":"tag-ungluecklicher"},"share_on_mastodon":{"url":"https:\/\/pubeurope.com\/@de\/114870194340101382","error":""},"_links":{"self":[{"href":"https:\/\/www.europesays.com\/de\/wp-json\/wp\/v2\/posts\/273110","targetHints":{"allow":["GET"]}}],"collection":[{"href":"https:\/\/www.europesays.com\/de\/wp-json\/wp\/v2\/posts"}],"about":[{"href":"https:\/\/www.europesays.com\/de\/wp-json\/wp\/v2\/types\/post"}],"author":[{"embeddable":true,"href":"https:\/\/www.europesays.com\/de\/wp-json\/wp\/v2\/users\/2"}],"replies":[{"embeddable":true,"href":"https:\/\/www.europesays.com\/de\/wp-json\/wp\/v2\/comments?post=273110"}],"version-history":[{"count":0,"href":"https:\/\/www.europesays.com\/de\/wp-json\/wp\/v2\/posts\/273110\/revisions"}],"wp:featuredmedia":[{"embeddable":true,"href":"https:\/\/www.europesays.com\/de\/wp-json\/wp\/v2\/media\/273111"}],"wp:attachment":[{"href":"https:\/\/www.europesays.com\/de\/wp-json\/wp\/v2\/media?parent=273110"}],"wp:term":[{"taxonomy":"category","embeddable":true,"href":"https:\/\/www.europesays.com\/de\/wp-json\/wp\/v2\/categories?post=273110"},{"taxonomy":"post_tag","embeddable":true,"href":"https:\/\/www.europesays.com\/de\/wp-json\/wp\/v2\/tags?post=273110"}],"curies":[{"name":"wp","href":"https:\/\/api.w.org\/{rel}","templated":true}]}}