{"id":273267,"date":"2025-07-17T20:47:14","date_gmt":"2025-07-17T20:47:14","guid":{"rendered":"https:\/\/www.europesays.com\/de\/273267\/"},"modified":"2025-07-17T20:47:14","modified_gmt":"2025-07-17T20:47:14","slug":"kennen-sie-dieses-berliner-tanz-spektakel-an-der-havel","status":"publish","type":"post","link":"https:\/\/www.europesays.com\/de\/273267\/","title":{"rendered":"Kennen Sie dieses Berliner Tanz-Spektakel an der Havel?"},"content":{"rendered":"<p class=\"tspB0l1\">In der Wasserstadt von <a href=\"https:\/\/www.tagesspiegel.de\/berlin\/bezirke\/spandau\/\" target=\"_blank\" rel=\"noopener nofollow\" class=\"link link--external\" data-gtm-class=\"article-text-link\" data-gtm-val=\"external\" aria-describedby=\"message-target-blank\">Berlin-Spandau<\/a> beginnt am Wochenende der beliebte <strong>\u201eTanzsommer an der Havel\u201c<\/strong>. Wann? Ab 19. Juli, 19 Uhr, wird auf der gro\u00dfen <strong>\u00f6ffentlichen Terrasse am Havelufer<\/strong> getanzt \u2013 jeden Sonnabend bis in den Sp\u00e4tsommer.  <\/p>\n<p><a href=\"https:\/\/www.tagesspiegel.de\/berlin\/bezirke\/spandau\/konigliche-ruine-in-berlin-spandau-ein-neuer-plan-fur-eine-ganze-alte-immobilie-14007017.html?icid=single-topic_14027234___\" data-gtm-class=\"article-mzt-link\" class=\"tspB6mk\" rel=\"nofollow noopener\" target=\"_blank\">K\u00f6nigliche Ruine in Berlin-Spandau Ein neuer Plan f\u00fcr eine ganze alte Immobilie <\/a><\/p>\n<p class=\"tspB0l1\">Die Stimmung ist fr\u00f6hlich, das<strong> Panorama super<\/strong>. Nicht alle kommen nur zum Tanz ins Neubaugebiet: Viele G\u00e4ste setzen sich einfach mit einer Decke und einem Glas Wei\u00dfwein auf die Betonstufen an der Terrasse und genie\u00dfen neben dem Tanzvergn\u00fcgen den <strong>Sonnenuntergang auf der anderen Seite<\/strong> der Havel.<\/p>\n<p><a href=\"https:\/\/www.tagesspiegel.de\/berlin\/bezirke\/spandau\/berlin-findet-den-lichtschalter-so-soll-die-spandauer-see-brucke-wieder-leuchten-13907032.html?icid=single-topic_14027234___\" data-gtm-class=\"article-mzt-link\" class=\"tspB6mk\" rel=\"nofollow noopener\" target=\"_blank\">Berlin findet den Lichtschalter! So soll die Spandauer-See-Br\u00fccke wieder leuchten  <\/a><\/p>\n<p class=\"tspB0l1\">Ob<strong> Discofox, Standard oder Latein<\/strong> \u2013 musikalisch ist f\u00fcr jeden Geschmack etwas dabei\u201c, schrieb mir jetzt die Gewobag. Hinter dem Fest stecken neben der Gewobag u.a. der Tanzsportclub Askania (gibt\u2019s seit 1979) und die Tanzschule Broadway vom Askanierring (gibt\u2019s seit 1978). Eintritt frei. Havelpromenade\/Schwielowseestra\u00dfe 29.<\/p>\n<p><img decoding=\"async\" src=\"https:\/\/www.europesays.com\/de\/wp-content\/uploads\/2025\/07\/blick-auf-die-wasserstadt-von-der-spandauer-see-brucke.jpeg\"   alt=\"\" aria-labelledby=\"caption-14027177\" width=\"440\" height=\"330\" loading=\"lazy\" class=\"tspBMkv\"\/> Blick auf die Wasserstadt von der Spandauer-See-Br\u00fccke. <\/p>\n<p class=\"tspAFf5\"> \u00a9 Andr\u00e9 G\u00f6rke <\/p>\n<p> Lesen Sie mehr im neuen Spandau-Newsletter des Tagesspiegels <\/p>\n<p class=\"tspB0l1\">Viele Termine, viele Tipps, viele Nachrichten: <a href=\"https:\/\/abo.tagesspiegel.de\/kampagne\/2f2-tspe-tspd?bezuggrd=LEU&amp;amp%3Bsource=https%3A%2F%2Fnl.tagesspiegel.de%2Fform.action%3FagnCI%3D875%26agnFN%3DlastNewsletter%26agnML%3D32075&amp;amp%3Butm_source=leute-spandau&amp;amp%3Butm_campaign=LEU-2025-01-TSPD-2f2-Standardangebot&amp;amp%3Butm_medium=Conversion-Banner-Footer-Kurzversion&amp;utm_referrer=newsletter&amp;utm_source=leute-spandau\" target=\"_blank\" rel=\"noopener nofollow\" class=\"link link--external\" data-gtm-class=\"article-text-link\" data-gtm-val=\"external\" aria-describedby=\"message-target-blank\">Der <strong>Spandau-Newslette<\/strong>r geh\u00f6rt zu unserem Tagesspiegel-Plus-Angebot<\/a>. Hier einige Schlagzeilen, was in dieser Woche Thema ist.<\/p>\n<ul data-qa-hook=\"story-list-ul\" class=\"tspCLon\">\n<li class=\"tspCLjt tspCLjt\">Interview mit der Chefin der<strong> \u201eKonditorei Fester\u201c<\/strong><\/li>\n<li class=\"tspCLjt tspCLjt\"><strong>Hubschrauber<\/strong> suchen Kladower M\u00e4dchen<\/li>\n<li class=\"tspCLjt tspCLjt\">Millionen f\u00fcr die <strong>Bruno-Gehrke-Halle<\/strong><\/li>\n<li class=\"tspCLjt tspCLjt\">Neubauten an der Daumstra\u00dfe: Duftet bald die <strong>Wasserstadt?<\/strong><\/li>\n<li class=\"tspCLjt tspCLjt\">News zum<strong> Schulschwimmen<\/strong> &#8211; und zu Spandaus drei Schwimmhallen<\/li>\n<li class=\"tspCLjt tspCLjt\"><strong>Schnatterbank<\/strong> in Kladow und noch viel mehr Kurz-Nachrichten<\/li>\n<li class=\"tspCLjt tspCLjt\">Staaken: So wird der <strong>Bahnhof umgebaut<\/strong><\/li>\n<li class=\"tspCLjt tspCLjt\">Viele Tipps und Termine: Tanz, Musik, Jubil\u00e4en&#8230;<\/li>\n<li class=\"tspCLjt tspCLjt\">Und nat\u00fcrlich viel Sport: u.a. <strong>Spandauer SV<\/strong> gegen Spandauer BC<\/li>\n<li class=\"tspCLjt tspCLjt\"><a href=\"https:\/\/abo.tagesspiegel.de\/kampagne\/2f2-tspe-tspd?bezuggrd=LEU&amp;amp%3Bsource=https%3A%2F%2Fnl.tagesspiegel.de%2Fform.action%3FagnCI%3D875%26agnFN%3DlastNewsletter%26agnML%3D32075&amp;amp%3Butm_source=leute-spandau&amp;amp%3Butm_campaign=LEU-2025-01-TSPD-2f2-Standardangebot&amp;amp%3Butm_medium=Conversion-Banner-Footer-Kurzversion&amp;utm_referrer=newsletter&amp;utm_source=leute-spandau\" target=\"_blank\" rel=\"noopener nofollow\" class=\"link link--external\" data-gtm-class=\"article-text-link\" data-gtm-val=\"external\" aria-describedby=\"message-target-blank\">Den Spandau-Newsletter gibt es in voller L\u00e4nge hier<\/a>. <strong>Danke f\u00fcr Ihre Unterst\u00fctzung<\/strong> und Ihre Wertsch\u00e4tzung unserer Arbeit!<\/li>\n<\/ul>\n<p> Lesen Sie mehr aktuelle News aus Spandau im Tagesspiegel <a href=\"https:\/\/www.tagesspiegel.de\/berlin\/bezirke\/spandau\/neues-berliner-milieuschutzgebiet-verdrangung-in-spandau-fruhzeitig-verhindern-14026991.html?icid=topic-list_14027234___\" data-gtm-class=\"article-mzt-link\" class=\"tspB6mk\" rel=\"nofollow noopener\" target=\"_blank\">Neues Berliner Milieuschutzgebiet \u201eVerdr\u00e4ngung in Spandau fr\u00fchzeitig verhindern\u201c <\/a><a href=\"https:\/\/www.tagesspiegel.de\/berlin\/bezirke\/spandau\/traditionsreicher-berliner-boxtreff-frisches-geld-fur-diese-klapprige-sporthalle-14026409.html?icid=topic-list_14027234___\" data-gtm-class=\"article-mzt-link\" class=\"tspB6mk\" rel=\"nofollow noopener\" target=\"_blank\">Traditionsreicher Berliner Boxtreff Frisches Geld f\u00fcr diese klapprige Sporthalle <\/a><a href=\"https:\/\/www.tagesspiegel.de\/berlin\/bezirke\/spandau\/fur-2000-spandauer-kinder-mit-dem-schwimmbus-zum-nachsten-hallenbad-14026739.html?icid=topic-list_14027234___\" data-gtm-class=\"article-mzt-link\" class=\"tspB6mk\" rel=\"nofollow noopener\" target=\"_blank\">F\u00fcr 2000 Spandauer Kinder Mit dem Schwimmbus zum n\u00e4chsten Hallenbad <\/a><a href=\"https:\/\/www.tagesspiegel.de\/berlin\/bezirke\/spandau\/spandauer-sind-lecker-das-susse-geback-aus-danemark--mit-berliner-namen-14025164.html?icid=topic-list_14027234___\" data-gtm-class=\"article-mzt-link\" class=\"tspB6mk\" rel=\"nofollow noopener\" target=\"_blank\">\u201eSpandauer sind lecker\u201c Das s\u00fc\u00dfe Geb\u00e4ck aus D\u00e4nemark \u2013 mit Berliner Namen <\/a><\/p>\n<p class=\"tspB0l1\"><strong>Mehr aus Spandau<\/strong> lesen Sie <strong>in unserem Bezirksnewsletter<\/strong>, der zu unserem digitalen Angebot<strong> Tagesspiegel Plus (T+)<\/strong> geh\u00f6rt \u2013 wie die Newsletter-Ausgaben aus den anderen elf Berliner Bezirken. <strong>Bestellbar <\/strong><a href=\"https:\/\/leute.tagesspiegel.de\/\" target=\"_blank\" rel=\"noopener nofollow\" class=\"link link--external\" data-gtm-class=\"article-text-link\" data-gtm-val=\"external\" aria-describedby=\"message-target-blank\"><strong>unter diesem Link <\/strong>hier<\/a>.<\/p>\n","protected":false},"excerpt":{"rendered":"In der Wasserstadt von Berlin-Spandau beginnt am Wochenende der beliebte \u201eTanzsommer an der Havel\u201c. Wann? Ab 19. Juli,&hellip;\n","protected":false},"author":2,"featured_media":273268,"comment_status":"","ping_status":"","sticky":false,"template":"","format":"standard","meta":{"footnotes":""},"categories":[1825],"tags":[296,5006,29,17445,30,529,3866],"class_list":{"0":"post-273267","1":"post","2":"type-post","3":"status-publish","4":"format-standard","5":"has-post-thumbnail","7":"category-berlin","8":"tag-berlin","9":"tag-bezirke","10":"tag-deutschland","11":"tag-fest","12":"tag-germany","13":"tag-spandau","14":"tag-veranstaltungen"},"share_on_mastodon":{"url":"https:\/\/pubeurope.com\/@de\/114870540276424233","error":""},"_links":{"self":[{"href":"https:\/\/www.europesays.com\/de\/wp-json\/wp\/v2\/posts\/273267","targetHints":{"allow":["GET"]}}],"collection":[{"href":"https:\/\/www.europesays.com\/de\/wp-json\/wp\/v2\/posts"}],"about":[{"href":"https:\/\/www.europesays.com\/de\/wp-json\/wp\/v2\/types\/post"}],"author":[{"embeddable":true,"href":"https:\/\/www.europesays.com\/de\/wp-json\/wp\/v2\/users\/2"}],"replies":[{"embeddable":true,"href":"https:\/\/www.europesays.com\/de\/wp-json\/wp\/v2\/comments?post=273267"}],"version-history":[{"count":0,"href":"https:\/\/www.europesays.com\/de\/wp-json\/wp\/v2\/posts\/273267\/revisions"}],"wp:featuredmedia":[{"embeddable":true,"href":"https:\/\/www.europesays.com\/de\/wp-json\/wp\/v2\/media\/273268"}],"wp:attachment":[{"href":"https:\/\/www.europesays.com\/de\/wp-json\/wp\/v2\/media?parent=273267"}],"wp:term":[{"taxonomy":"category","embeddable":true,"href":"https:\/\/www.europesays.com\/de\/wp-json\/wp\/v2\/categories?post=273267"},{"taxonomy":"post_tag","embeddable":true,"href":"https:\/\/www.europesays.com\/de\/wp-json\/wp\/v2\/tags?post=273267"}],"curies":[{"name":"wp","href":"https:\/\/api.w.org\/{rel}","templated":true}]}}