{"id":273481,"date":"2025-07-17T22:42:09","date_gmt":"2025-07-17T22:42:09","guid":{"rendered":"https:\/\/www.europesays.com\/de\/273481\/"},"modified":"2025-07-17T22:42:09","modified_gmt":"2025-07-17T22:42:09","slug":"brand-in-einer-tiefgarage-radio-rsg","status":"publish","type":"post","link":"https:\/\/www.europesays.com\/de\/273481\/","title":{"rendered":"Brand in einer Tiefgarage &#8211; Radio RSG"},"content":{"rendered":"<p class=\"small date article__date\">Ver\u00f6ffentlicht:\u00a0Donnerstag, 17.07.2025 22:10<\/p>\n<p class=\"article__teaser flow-text abstract\">Wuppertal (ots) &#8211; <\/p>\n<p><img decoding=\"async\" alt=\"\" src=\"https:\/\/www.europesays.com\/de\/wp-content\/uploads\/2025\/07\/1752792129_795_nachrichten2_2000px.jpg&#038;crop=0x164x3650x2281&#038;resize=1280x799&#038;dt=202404251012090.jpeg\" data-size=\"1280x799\"\/><\/p>\n<p>Die Feuerwehr wurde am Donnerstagnachmittag zu einem Brand in der Adolf-Vorwerk-Stra\u00dfe gerufen. Die ersten R\u00fcckmeldungen best\u00e4tigten das Feuer vor Ort in einer Tiefgarage. Bei Eintreffen der ersten Brandschutzkr\u00e4fte drang bereits dunkler Rauch aus der Zufahrt der Tiefgarage und Feuerschein war in ca. 5 m nach dem Einfahrtstor sichtbar. Mittels eines Schl\u00fcssels eines Anwohners konnte die Feuerwehr sich schnell Zugang zu der Tiefgarage verschaffen und das Tor der Garage \u00f6ffnen. Der Brand konnte vorerst von au\u00dfen und im weiteren Verlauf von innen durch zwei Atemschutztrupps schnell gel\u00f6scht werden. Verletzt wurde niemand. Die H\u00e4user, welche an der Tiefgarage angeschlossen sind, wurden durchgehend kontrolliert. Umfangreiche L\u00fcftungsma\u00dfnahmen wurden eingeleitet und konnten nach ca. 4 Stunden abgeschlossen werden. Die Bewohner konnten wieder in ihre Wohnungen. Vor Ort wurde Kr\u00e4fte der Berufsfeuerwehr sowie der Freiwilligen Feuerwehr Wuppertal Hahnerberg und Ronsdorf t\u00e4tig.<\/p>\n<p>R\u00fcckfragen bitte an:<\/p>\n<p>Feuerwehr Wuppertal Leitstelle Telefon: 0202-563 1111 E-Mail: leitstelle.feuerwehr@stadt.wuppertal.de https:\/\/www.wuppertal.de\/feuerwehr<\/p>\n<p> Original-Content von: Feuerwehr Wuppertal, \u00fcbermittelt durch news aktuell<\/p>\n","protected":false},"excerpt":{"rendered":"Ver\u00f6ffentlicht:\u00a0Donnerstag, 17.07.2025 22:10 Wuppertal (ots) &#8211; Die Feuerwehr wurde am Donnerstagnachmittag zu einem Brand in der Adolf-Vorwerk-Stra\u00dfe gerufen.&hellip;\n","protected":false},"author":2,"featured_media":76510,"comment_status":"","ping_status":"","sticky":false,"template":"","format":"standard","meta":{"footnotes":""},"categories":[1840],"tags":[3364,29,30,1209,12925,4418],"class_list":{"0":"post-273481","1":"post","2":"type-post","3":"status-publish","4":"format-standard","5":"has-post-thumbnail","7":"category-wuppertal","8":"tag-de","9":"tag-deutschland","10":"tag-germany","11":"tag-nordrhein-westfalen","12":"tag-polizeimeldungen","13":"tag-wuppertal"},"share_on_mastodon":{"url":"https:\/\/pubeurope.com\/@de\/114870992576308646","error":""},"_links":{"self":[{"href":"https:\/\/www.europesays.com\/de\/wp-json\/wp\/v2\/posts\/273481","targetHints":{"allow":["GET"]}}],"collection":[{"href":"https:\/\/www.europesays.com\/de\/wp-json\/wp\/v2\/posts"}],"about":[{"href":"https:\/\/www.europesays.com\/de\/wp-json\/wp\/v2\/types\/post"}],"author":[{"embeddable":true,"href":"https:\/\/www.europesays.com\/de\/wp-json\/wp\/v2\/users\/2"}],"replies":[{"embeddable":true,"href":"https:\/\/www.europesays.com\/de\/wp-json\/wp\/v2\/comments?post=273481"}],"version-history":[{"count":0,"href":"https:\/\/www.europesays.com\/de\/wp-json\/wp\/v2\/posts\/273481\/revisions"}],"wp:featuredmedia":[{"embeddable":true,"href":"https:\/\/www.europesays.com\/de\/wp-json\/wp\/v2\/media\/76510"}],"wp:attachment":[{"href":"https:\/\/www.europesays.com\/de\/wp-json\/wp\/v2\/media?parent=273481"}],"wp:term":[{"taxonomy":"category","embeddable":true,"href":"https:\/\/www.europesays.com\/de\/wp-json\/wp\/v2\/categories?post=273481"},{"taxonomy":"post_tag","embeddable":true,"href":"https:\/\/www.europesays.com\/de\/wp-json\/wp\/v2\/tags?post=273481"}],"curies":[{"name":"wp","href":"https:\/\/api.w.org\/{rel}","templated":true}]}}