{"id":273599,"date":"2025-07-17T23:46:23","date_gmt":"2025-07-17T23:46:23","guid":{"rendered":"https:\/\/www.europesays.com\/de\/273599\/"},"modified":"2025-07-17T23:46:23","modified_gmt":"2025-07-17T23:46:23","slug":"die-zukunft-von-postfilialen-in-halle","status":"publish","type":"post","link":"https:\/\/www.europesays.com\/de\/273599\/","title":{"rendered":"Die Zukunft von Postfilialen in Halle"},"content":{"rendered":"<p class=\"fp-paragraph\"><strong>Halle (Saale)\/ MZ.<\/strong> &#8211; Noch schnell Briefmarken besorgen, damit die Sendung in den Postkasten kann \u2013 das funktioniert inzwischen online gut. Einfach kaufen und ausdrucken. Auch f\u00fcr Pakete kann man das machen. Wer das lieber in Person macht, damit beim Versand alles funktioniert, l\u00e4uft zur n\u00e4chsten <a href=\"https:\/\/www.mz.de\/lokal\/halle-saale\/deutsche-post-beschwerde-fristen-paket-zustellung-verbraucherschutz-4083918\" rel=\"nofollow noopener\" target=\"_blank\">Post<\/a>. Doch im Filialnetz in Halle herrscht aktuell Bewegung.<\/p>\n","protected":false},"excerpt":{"rendered":"Halle (Saale)\/ MZ. &#8211; Noch schnell Briefmarken besorgen, damit die Sendung in den Postkasten kann \u2013 das funktioniert&hellip;\n","protected":false},"author":2,"featured_media":273600,"comment_status":"","ping_status":"","sticky":false,"template":"","format":"standard","meta":{"footnotes":""},"categories":[1860],"tags":[3364,29,548,663,3934,30,4062,17332,13,14,15,17331,860,12],"class_list":{"0":"post-273599","1":"post","2":"type-post","3":"status-publish","4":"format-standard","5":"has-post-thumbnail","7":"category-halle-saale","8":"tag-de","9":"tag-deutschland","10":"tag-eu","11":"tag-europa","12":"tag-europe","13":"tag-germany","14":"tag-halle","15":"tag-halle-saale","16":"tag-headlines","17":"tag-nachrichten","18":"tag-news","19":"tag-saale","20":"tag-sachsen-anhalt","21":"tag-schlagzeilen"},"share_on_mastodon":{"url":"https:\/\/pubeurope.com\/@de\/114871244076192270","error":""},"_links":{"self":[{"href":"https:\/\/www.europesays.com\/de\/wp-json\/wp\/v2\/posts\/273599","targetHints":{"allow":["GET"]}}],"collection":[{"href":"https:\/\/www.europesays.com\/de\/wp-json\/wp\/v2\/posts"}],"about":[{"href":"https:\/\/www.europesays.com\/de\/wp-json\/wp\/v2\/types\/post"}],"author":[{"embeddable":true,"href":"https:\/\/www.europesays.com\/de\/wp-json\/wp\/v2\/users\/2"}],"replies":[{"embeddable":true,"href":"https:\/\/www.europesays.com\/de\/wp-json\/wp\/v2\/comments?post=273599"}],"version-history":[{"count":0,"href":"https:\/\/www.europesays.com\/de\/wp-json\/wp\/v2\/posts\/273599\/revisions"}],"wp:featuredmedia":[{"embeddable":true,"href":"https:\/\/www.europesays.com\/de\/wp-json\/wp\/v2\/media\/273600"}],"wp:attachment":[{"href":"https:\/\/www.europesays.com\/de\/wp-json\/wp\/v2\/media?parent=273599"}],"wp:term":[{"taxonomy":"category","embeddable":true,"href":"https:\/\/www.europesays.com\/de\/wp-json\/wp\/v2\/categories?post=273599"},{"taxonomy":"post_tag","embeddable":true,"href":"https:\/\/www.europesays.com\/de\/wp-json\/wp\/v2\/tags?post=273599"}],"curies":[{"name":"wp","href":"https:\/\/api.w.org\/{rel}","templated":true}]}}