{"id":273649,"date":"2025-07-18T00:14:16","date_gmt":"2025-07-18T00:14:16","guid":{"rendered":"https:\/\/www.europesays.com\/de\/273649\/"},"modified":"2025-07-18T00:14:16","modified_gmt":"2025-07-18T00:14:16","slug":"extremsportler-felix-baumgartner-toedlich-verunglueckt-panorama","status":"publish","type":"post","link":"https:\/\/www.europesays.com\/de\/273649\/","title":{"rendered":"Extremsportler Felix Baumgartner t\u00f6dlich verungl\u00fcckt &#8211; Panorama"},"content":{"rendered":"<p data-manual=\"teaserText\" data-schema-org-speakable=\"true\">Der \u00f6sterreichische Extremsportler hat viele spektakul\u00e4re Aktionen \u00fcberstanden. Nun ist er bei einem Paragliding-Unfall in Italien ums Leben gekommen. Er wurde 56 Jahre alt.<\/p>\n<p data-manual=\"paragraph\" data-schema-org-speakable=\"true\" class=\"css-4bdi0k\">Get\u00f6se war sein Metier. Der L\u00e4rm des Flugzeugs, das Brausen des Winds. Und auch Get\u00f6se in den Medien, wenn diesem Mann wieder etwas gelang, das den Menschen tief unter ihm auf der Erde unm\u00f6glich erschien. Am 14. Oktober 2012 kulminierte die Karriere des Extremfallschirmspringers Felix Baumgartner in einem Sprungversuch aus der Stratosph\u00e4re. Genauer aus 39 045 Metern H\u00f6he.<\/p>\n","protected":false},"excerpt":{"rendered":"Der \u00f6sterreichische Extremsportler hat viele spektakul\u00e4re Aktionen \u00fcberstanden. Nun ist er bei einem Paragliding-Unfall in Italien ums Leben&hellip;\n","protected":false},"author":2,"featured_media":273650,"comment_status":"","ping_status":"","sticky":false,"template":"","format":"standard","meta":{"footnotes":""},"categories":[5],"tags":[331,332,3364,29,33184,33738,30,13,14,15,1974,12,149],"class_list":{"0":"post-273649","1":"post","2":"type-post","3":"status-publish","4":"format-standard","5":"has-post-thumbnail","7":"category-nachrichten","8":"tag-aktuelle-nachrichten","9":"tag-aktuelle-news","10":"tag-de","11":"tag-deutschland","12":"tag-extremsport","13":"tag-fallschirmspringen","14":"tag-germany","15":"tag-headlines","16":"tag-nachrichten","17":"tag-news","18":"tag-panorama","19":"tag-schlagzeilen","20":"tag-sueddeutsche-zeitung"},"share_on_mastodon":{"url":"https:\/\/pubeurope.com\/@de\/114871354245731262","error":""},"_links":{"self":[{"href":"https:\/\/www.europesays.com\/de\/wp-json\/wp\/v2\/posts\/273649","targetHints":{"allow":["GET"]}}],"collection":[{"href":"https:\/\/www.europesays.com\/de\/wp-json\/wp\/v2\/posts"}],"about":[{"href":"https:\/\/www.europesays.com\/de\/wp-json\/wp\/v2\/types\/post"}],"author":[{"embeddable":true,"href":"https:\/\/www.europesays.com\/de\/wp-json\/wp\/v2\/users\/2"}],"replies":[{"embeddable":true,"href":"https:\/\/www.europesays.com\/de\/wp-json\/wp\/v2\/comments?post=273649"}],"version-history":[{"count":0,"href":"https:\/\/www.europesays.com\/de\/wp-json\/wp\/v2\/posts\/273649\/revisions"}],"wp:featuredmedia":[{"embeddable":true,"href":"https:\/\/www.europesays.com\/de\/wp-json\/wp\/v2\/media\/273650"}],"wp:attachment":[{"href":"https:\/\/www.europesays.com\/de\/wp-json\/wp\/v2\/media?parent=273649"}],"wp:term":[{"taxonomy":"category","embeddable":true,"href":"https:\/\/www.europesays.com\/de\/wp-json\/wp\/v2\/categories?post=273649"},{"taxonomy":"post_tag","embeddable":true,"href":"https:\/\/www.europesays.com\/de\/wp-json\/wp\/v2\/tags?post=273649"}],"curies":[{"name":"wp","href":"https:\/\/api.w.org\/{rel}","templated":true}]}}