{"id":273721,"date":"2025-07-18T00:55:19","date_gmt":"2025-07-18T00:55:19","guid":{"rendered":"https:\/\/www.europesays.com\/de\/273721\/"},"modified":"2025-07-18T00:55:19","modified_gmt":"2025-07-18T00:55:19","slug":"fans-feiern-betties-schampus-aktion-nach-villa-rausschmiss","status":"publish","type":"post","link":"https:\/\/www.europesays.com\/de\/273721\/","title":{"rendered":"Fans feiern Betties Schampus-Aktion nach Villa-Rausschmiss"},"content":{"rendered":"<p style=\"order:0\" class=\"spanFix max-w-[750px] leading-[30px] sm:text-[22px] sm:leading-[38px] sm:text-[22px] sm:leading-[38px]\"><a target=\"_self\" data-google-interstitial=\"true\" href=\"https:\/\/www.promiflash.de\/thema\/bettie-ballhaus\/\" rel=\"nofollow noopener\">Bettie Ballhaus<\/a> (47) sorgte nach ihrem Aus in der zweiten Folge von &#8222;Villa der Versuchung&#8220; f\u00fcr einen unvergesslichen Moment: Aus Rache schnappte sich das einstige Nacktmodel eine der Champagnerflaschen, verursachte damit einen Abzug von 5.000 Euro von der gemeinsamen Gewinnsumme und kippte einen Teil des Inhalts demonstrativ in den Pool. Einigen ihrer Mitstreiter gefiel diese Aktion gar nicht \u2013 den Fans hingegen umso mehr. &#8222;Die Schampus-Aktion war super. H\u00e4tte noch alle Zigaretten in den Pool geworfen&#8220;, kommentiert etwa ein Nutzer auf Instagram. Ein anderer schreibt: <b>&#8222;Ich h\u00e4tte mehr Sektflaschen hineingesch\u00fcttet \u2013 so viele ich tragen kann \u2013 und dann alles rein. Klasse Aktion!&#8220;<\/b><\/p>\n<p style=\"order:3\" class=\"spanFix max-w-[750px] leading-[30px] sm:text-[22px] sm:leading-[38px] sm:text-[22px] sm:leading-[38px]\">Die Meinung der Zuschauer scheint eindeutig zu sein: Sie stehen klar auf Betties Seite \u2013 und sind mindestens genauso entt\u00e4uscht dar\u00fcber, dass sie von den \u00fcbrigen Kandidaten herausgew\u00e4hlt wurde. &#8222;Habe mich extrem gefreut, sie mal wieder in einem Format zu sehen. Schade, dass sie schon raus ist&#8220;, bringt ein User seine Entt\u00e4uschung zum Ausdruck. Gleichzeitig sind sich viele jedoch einig, dass Betties Exit wom\u00f6glich das Beste f\u00fcr sie war. <b>&#8222;Sie kann froh sein, dass sie da raus ist. Noch zwei Wochen \u2013 oder noch l\u00e4nger \u2013 mit manchen Leuten da, und sie w\u00e4re f\u00fcrs Leben traumatisiert&#8220;<\/b>, kommentiert ein anderer Nutzer deutlich.<\/p>\n<p style=\"order:6\" class=\"spanFix max-w-[750px] leading-[30px] sm:text-[22px] sm:leading-[38px] sm:text-[22px] sm:leading-[38px]\">Die 47-J\u00e4hrige war die erste Prominente, die <a target=\"_self\" data-google-interstitial=\"true\" href=\"https:\/\/www.promiflash.de\/news\/2025\/07\/14\/villa-der-versuchung-stars-kicken-sparsamsten-promi-raus.html\" rel=\"nofollow noopener\">das Luxus-Domizil verlassen<\/a> musste \u2013 und das, obwohl sie die sparsamste Person im Haus war. W\u00e4hrend <a target=\"_self\" data-google-interstitial=\"true\" href=\"https:\/\/www.promiflash.de\/thema\/luigi-birofio\/\" rel=\"nofollow noopener\">Luigi Birofio<\/a> (26), Brenda Brinkmann, <a target=\"_self\" data-google-interstitial=\"true\" href=\"https:\/\/www.promiflash.de\/thema\/kevin-schaefer\/\" rel=\"nofollow noopener\">Kevin Sch\u00e4fer<\/a> und <a target=\"_self\" data-google-interstitial=\"true\" href=\"https:\/\/www.promiflash.de\/thema\/kate-merlan\/\" rel=\"nofollow noopener\">Kate Merlan<\/a> (38) Immunit\u00e4t genossen, fiel die Entscheidung letztlich zwischen Bettie, <a target=\"_self\" data-google-interstitial=\"true\" href=\"https:\/\/www.promiflash.de\/thema\/ronald-schill\/\" rel=\"nofollow noopener\">Ronald Schill<\/a> (66) und Steven Graf Bernadotte von Wisborg. Mit vier Stimmen gleichauf war es schlie\u00dflich <a target=\"_self\" data-google-interstitial=\"true\" href=\"https:\/\/www.promiflash.de\/thema\/georgina-fleur\/\" rel=\"nofollow noopener\">Georgina Fleur<\/a> (35), die den Exit besiegelte. Dabei schien Betties sparsamer Umgang mit den im Haus bereitgestellten Mitteln ebenso eine Rolle gespielt zu haben wie ihr offenbar niedriger &#8222;Entertainment&#8220;-Faktor. Doch Bettie ging nicht leise \u2013 im Gegenteil: Mit ihrer Schampus-Attacke setzte sie ein un\u00fcbersehbares Ausrufezeichen. <b>&#8222;Jetzt k\u00f6nnt ihr euer Entertainment haben!&#8220;<\/b>, wetterte sie.<\/p>\n<p><img class=\"top-0  absolute h-full w-full object-cover\" alt=\"Der &quot;Villa der Versuchung&quot;-Cast von Staffel 1\" width=\"854\" height=\"480\" decoding=\"async\"  loading=\"lazy\" style=\"background-size:cover;background-position:50% 50%;background-repeat:no-repeat;background-image:url(&quot;data:image\/svg+xml;charset=utf-8,%3Csvg xmlns='http:\/\/www.w3.org\/2000\/svg' viewBox='0 0 640 640'%3E%3Cfilter id='b' color-interpolation-filters='sRGB'%3E%3CfeGaussianBlur stdDeviation='20'\/%3E%3CfeColorMatrix values='1 0 0 0 0 0 1 0 0 0 0 0 1 0 0 0 0 0 100 -1' result='s'\/%3E%3CfeFlood x='0' y='0' width='100%25' height='100%25'\/%3E%3CfeComposite operator='out' in='s'\/%3E%3CfeComposite in2='SourceGraphic'\/%3E%3CfeGaussianBlur stdDeviation='20'\/%3E%3C\/filter%3E%3Cimage width='100%25' height='100%25' x='0' y='0' preserveAspectRatio='none' style='filter: url(%23b);' href='data:image\/png;base64,iVBORw0KGgoAAAANSUhEUgAAABAAAAAQCAYAAAAf8\/9hAAAEG0lEQVR4AQEQBO\/7AESEaf9JiGz\/VpJ0\/2iffv98rIj\/kLaP\/6K8k\/+xvZT\/u7iQ\/76viP+5onv\/rZFs\/5d+WP95aED\/UFQj\/wlDAP8AU4hu\/1eMcP9hlXf\/caGA\/4OsiP+VtY\/\/prqT\/7S7k\/+8t4\/\/v66I\/7qifP+ukW3\/mX9b\/3xrRv9XWC3\/J0kP\/wBxknn\/c5R7\/3ubf\/+Go4T\/lKyK\/6Ozjv+wt5H\/u7eR\/8Gzjv\/Cq4j\/vaB+\/7GScv+egmP\/hXJT\/2hjQv9LWDP\/AI6dhv+Qn4f\/lqKI\/56niv+pq4z\/tK+N\/72xjv\/FsY7\/ya2M\/8iniP\/CnoL\/t5R5\/6aHbv+Se2H\/fHBV\/2loTP8ApqeR\/6enkf+sqJD\/s6mO\/7yqjf\/Eqoz\/y6qM\/9CpjP\/Rp4z\/z6KK\/8ichv+9lYD\/r4x4\/5+Dbv+Oe2T\/gnZd\/wC1rZf\/t6yW\/7yrlP\/DqZD\/y6aM\/9Kkiv\/Xo4r\/2qKL\/9qgjP\/Xnoz\/z5uL\/8WWh\/+4kID\/qop3\/52Dbv+Uf2b\/AL2tl\/+\/rJb\/xKmT\/8uljv\/UoYr\/256I\/+CciP\/jm4r\/4puN\/96bkP\/Xmo\/\/zJeM\/8CShf+0jHv\/qIZx\/6CCaP8AvKeR\/76lkP\/Eoo3\/zZ6I\/9aahf\/fl4T\/5ZWG\/+mWi\/\/omI\/\/5JmT\/92Zk\/\/Tlo7\/xpKG\/7qLev+uhW3\/pn9i\/wC0m4X\/t5qE\/76Xgf\/IlH\/\/1JF+\/96Pf\/\/mkIT\/65KK\/+yVkP\/pl5T\/4ZeT\/9eUjv\/KjoT\/vIZ1\/69+ZP+md1X\/AKeLc\/+qi3L\/s4lx\/7+Hcf\/MhnP\/2Yd5\/+OKgP\/qjoj\/7JKP\/+qUk\/\/jk5H\/2I+K\/8qIff+7fmv\/rHNU\/6FqP\/8Al3ld\/5t5Xf+leV7\/s3ph\/8J8Z\/\/RgHD\/3YV6\/+WKg\/\/pjov\/55CN\/+GOi\/\/WiIL\/x35z\/7ZyXf+lZD\/\/mFkX\/wCIaEP\/jGhE\/5dqSP+mbk\/\/t3JZ\/8Z4ZP\/Uf3D\/3YR7\/+KIgv\/iiYT\/3IWB\/9F+d\/\/Bcmb\/r2NM\/5xSIv+NRAD\/AH1aKf+BXCv\/jF8y\/5tkPP+sa0n\/vHJW\/8l4Y\/\/UfW3\/2YB0\/9l\/dv\/UenP\/yXJo\/7lkVv+lUzj\/kT8A\/4ArAP8AeFQP\/3xVE\/+GWR3\/k14q\/6NlOP+ybEb\/v3FS\/8l1XP\/PdmP\/z3Nl\/8ptYf+\/Y1b\/r1VD\/5tCIP+FKgD\/dAUA\/wB4UwD\/e1QD\/4NXDf+PXBr\/nGIn\/6pnNP+2aj\/\/wGxJ\/8VrT\/\/GaFD\/wWBN\/7ZVQ\/+mRi\/\/kTEA\/3wRAP9pAAD\/AHpUA\/99VQP\/g1gF\/41cDP+ZYBf\/pWQi\/7BmLf+5Zjb\/vmM8\/79ePv+6Vjr\/r0ow\/586G\/+LIwD\/dQAA\/2IAAP86g5YLVknPIAAAAABJRU5ErkJggg=='\/%3E%3C\/svg%3E&quot;)\" src=\"https:\/\/www.europesays.com\/de\/wp-content\/uploads\/2025\/07\/der-villa-der-versuchung-cast.jpg\" fetchpriority=\"auto\"\/>Joyn \/ Michael de Boer<img decoding=\"async\" alt=\"Bilder Gallerie Button\" class=\"absolute bottom-[7px] right-[3px] w-[54px] h-[54px] group-hover:scale-110 transition-transform duration-300\" src=\"https:\/\/www.europesays.com\/de\/wp-content\/uploads\/2025\/03\/galerie_button.png\" loading=\"lazy\"\/>Der &#8222;Villa der Versuchung&#8220;-Cast von Staffel 1<img class=\"top-0  absolute h-full w-full object-cover\" alt=\"Bettie Ballhaus, &quot;Villa der Versuchung&quot;-Kandidatin\" width=\"854\" height=\"480\" decoding=\"async\"  loading=\"lazy\" style=\"background-size:cover;background-position:50% 50%;background-repeat:no-repeat;background-image:url(&quot;data:image\/svg+xml;charset=utf-8,%3Csvg xmlns='http:\/\/www.w3.org\/2000\/svg' viewBox='0 0 640 640'%3E%3Cfilter id='b' color-interpolation-filters='sRGB'%3E%3CfeGaussianBlur stdDeviation='20'\/%3E%3CfeColorMatrix values='1 0 0 0 0 0 1 0 0 0 0 0 1 0 0 0 0 0 100 -1' result='s'\/%3E%3CfeFlood x='0' y='0' width='100%25' height='100%25'\/%3E%3CfeComposite operator='out' in='s'\/%3E%3CfeComposite in2='SourceGraphic'\/%3E%3CfeGaussianBlur stdDeviation='20'\/%3E%3C\/filter%3E%3Cimage width='100%25' height='100%25' x='0' y='0' preserveAspectRatio='none' style='filter: url(%23b);' href='data:image\/png;base64,iVBORw0KGgoAAAANSUhEUgAAABAAAAAQCAYAAAAf8\/9hAAAEG0lEQVR4AQEQBO\/7AKyZff+ql3v\/pJJ1\/5yMbf+Xhmb\/loRm\/5yHbf+mjnj\/s5iF\/72hj\/\/EqJT\/xauU\/8Krjf+6p4L\/sKN1\/6ifaf8ArJl+\/6mXe\/+jknX\/nIts\/5WFZv+UgmX\/moVs\/6WNeP+xl4X\/vKGQ\/8Oolf\/Fq5X\/wquP\/7uohP+xpHf\/qqBr\/wCrmH\/\/qZZ9\/6KQdv+ZiGz\/koFk\/5B+Y\/+WgWr\/oYp4\/66Vhv+6oJH\/wqiY\/8WsmP\/DrZP\/vaqJ\/7WmfP+uo3H\/AKuXgv+plX\/\/oY53\/5eFbf+OfWT\/i3li\/498af+bhnj\/qpKH\/7eflP\/BqJz\/xa6d\/8Wvmf\/ArY\/\/uqqE\/7Smef8ArZiG\/6qWg\/+ijnv\/loNw\/4p5Zv+FdGP\/iXhr\/5WCef+lkIr\/tJ6X\/7+poP\/GsKL\/x7Ke\/8Sxlv++rYv\/uqqC\/wCym4z\/rpmJ\/6WQgf+XhXb\/iXls\/4Fzaf+Edm\/\/kIF9\/6GQjf+ynpv\/v6qk\/8axpv\/JtKP\/x7Oc\/8Oxkv+\/ron\/ALihk\/+1npD\/qpWI\/5uJfv+LfnX\/gHZy\/4F4d\/+NgoP\/n5GS\/7Cgnv++q6f\/x7Op\/8q2pv\/JtZ\/\/xbOW\/8Gwjv8AwaeZ\/72kl\/+xnJD\/oZGH\/4+FgP+DfX3\/gn6B\/42Hi\/+elJf\/sKGh\/7+sqP\/ItKr\/y7an\/8m2of\/Fs5j\/wbCR\/wDJrp\/\/xKyd\/7mkmP+omZD\/lo2K\/4iGiP+FhYr\/j4yS\/6CXm\/+xo6P\/v62p\/8ezqv\/Ktab\/x7Sg\/8OxmP++rpH\/AM+0pP\/LsqL\/v6qd\/66gl\/+clZL\/jY6Q\/4qMkv+SkZf\/oZqe\/7KkpP++raj\/xrGn\/8ezo\/\/DsZz\/va2U\/7iqjv8A07im\/8+1pf\/Er6H\/s6Wc\/6Cbl\/+Sk5X\/jZGW\/5SVmv+inJ\/\/saSk\/72rpf\/DrqT\/wq6f\/72rl\/+2p4\/\/r6OI\/wDVuaf\/0bel\/8Wwov+1p53\/o52Z\/5WVl\/+Qk5f\/lpWa\/6Kbn\/+voqL\/uaii\/76qoP+8qZr\/taSR\/6yfh\/+kmoD\/ANO4pf\/PtqT\/xK+g\/7Wmm\/+jnJf\/lpSU\/5GRlf+Vk5j\/oJmc\/6yfn\/+1o5\/\/t6Sc\/7SilP+snIr\/oZZ\/\/5eQdv8Az7Wj\/8yzof\/BrJ3\/sqOX\/6KZkv+VkY\/\/kI6Q\/5SPk\/+elZj\/qJub\/6+enP+xn5j\/rJuP\/6KVhP+VjHb\/ioZr\/wDLsqD\/yK+e\/76pmf+vn5P\/oJSM\/5OMif+OiYr\/kYuO\/5qQlP+klpj\/qpqZ\/6qalf+klYz\/mY5+\/4uEb\/9\/fGL\/AMivnv\/ErZz\/u6WW\/62bj\/+dkIj\/kYiE\/4yFhf+Qh4r\/mI2R\/6GTlv+ml5f\/ppaT\/5+Rif+TiXv\/hH5q\/3d2W\/94h9MEdh4fcwAAAABJRU5ErkJggg=='\/%3E%3C\/svg%3E&quot;)\" src=\"https:\/\/www.europesays.com\/de\/wp-content\/uploads\/2025\/07\/bettie-ballhaus-villa-der-versuchung-kandidatin.jpg\" fetchpriority=\"auto\"\/>Joyn \/ Michael de Boer<img decoding=\"async\" alt=\"Bilder Gallerie Button\" class=\"absolute bottom-[7px] right-[3px] w-[54px] h-[54px] group-hover:scale-110 transition-transform duration-300\" src=\"https:\/\/www.europesays.com\/de\/wp-content\/uploads\/2025\/03\/galerie_button.png\" loading=\"lazy\"\/>Bettie Ballhaus, &#8222;Villa der Versuchung&#8220;-Kandidatin<img class=\"top-0  absolute h-full w-full object-cover\" alt=\"Georgina Fleur, TV-Bekanntheit\" width=\"854\" height=\"480\" decoding=\"async\"  loading=\"lazy\" style=\"background-size:cover;background-position:50% 50%;background-repeat:no-repeat;background-image:url(&quot;data:image\/svg+xml;charset=utf-8,%3Csvg xmlns='http:\/\/www.w3.org\/2000\/svg' viewBox='0 0 640 640'%3E%3Cfilter id='b' color-interpolation-filters='sRGB'%3E%3CfeGaussianBlur stdDeviation='20'\/%3E%3CfeColorMatrix values='1 0 0 0 0 0 1 0 0 0 0 0 1 0 0 0 0 0 100 -1' result='s'\/%3E%3CfeFlood x='0' y='0' width='100%25' height='100%25'\/%3E%3CfeComposite operator='out' in='s'\/%3E%3CfeComposite in2='SourceGraphic'\/%3E%3CfeGaussianBlur stdDeviation='20'\/%3E%3C\/filter%3E%3Cimage width='100%25' height='100%25' x='0' y='0' preserveAspectRatio='none' style='filter: url(%23b);' href='data:image\/png;base64,iVBORw0KGgoAAAANSUhEUgAAABAAAAAQCAYAAAAf8\/9hAAAEG0lEQVR4AQEQBO\/7AHpjn\/98ZJ\/\/g2qf\/4xxn\/+Wep\/\/n4Kf\/6WJoP+pjaL\/qY+j\/6WOpf+fiqb\/loKm\/4p5pv9+bab\/cmKm\/2lapf8Ae2Of\/31ln\/+DaZ7\/jHCd\/5V4nP+df5z\/o4ad\/6eKnv+njJ\/\/pIuh\/56Io\/+VgaT\/inel\/35tpf9yYqX\/alql\/wB+ZZ\/\/gGWe\/4VonP+MbZn\/k3KW\/5p4lP+ffZP\/ooGT\/6KElf+ghJf\/moGa\/5J8nf+IdKD\/fWuh\/3Niov9sW6P\/AINlnv+EZZ3\/h2aZ\/4tolP+Rao7\/lm6I\/5pyhP+cdoP\/nHiF\/5p6iP+VeY7\/j3WT\/4ZvmP99aJz\/dGGe\/21boP8AhmSd\/4dkm\/+JZJb\/jWOO\/5Bkhf+UZnz\/l2h1\/5lrcv+YbnP\/lnB4\/5Fvf\/+LbYf\/hGmO\/3xklf90X5r\/b1uc\/wCHYJr\/iGCY\/4thk\/+PYov\/lGOB\/5hld\/+aZ23\/m2ln\/5lqZv+Wa2r\/kGpy\/4pofP+CZYX\/e2GO\/3Vdlf9xW5n\/AIdalv+JXJX\/jmCR\/5Vli\/+ba4P\/oW96\/6Nycf+jc2r\/oHJm\/5tvZv+Ua2z\/jGd1\/4Njf\/98X4n\/dlyR\/3Jalv8AhlWS\/4lZkv+RYpH\/nG6P\/6Z4i\/+tgIb\/sYWA\/7GFef+tgnP\/pn1w\/5x2cP+Sbnb\/h2d+\/35hh\/94XY\/\/dFyU\/wCHVZH\/i1uR\/5ZplP+kepb\/somX\/7yUl\/\/BmpT\/wpuO\/72XiP+0kIL\/qYZ+\/5x7f\/+PcYP\/hGmJ\/3xjkP94YJT\/AItekv+QZZT\/nXWZ\/66In\/+9maT\/yaan\/9Cupv\/RsKP\/zaye\/8Sll\/+3mpH\/qY2O\/5uBjv+OdpH\/hG2U\/35ol\/8AlG+Z\/5l1m\/+mhKD\/t5eo\/8eor\/\/UtbT\/2762\/97BtP\/bv7H\/07ir\/8eupf+4oaD\/qZOd\/5uGm\/+PfJv\/h3Sc\/wCihqP\/poqk\/7GVqf\/ApLD\/zrO2\/9vAvP\/jyb\/\/583B\/+XNv\/\/fybz\/1cC3\/8i0sv+5p63\/qZio\/5yMpP+SgqL\/ALGcr\/+0n7D\/vKay\/8ewtv\/TvLv\/3sbA\/+fPxP\/s1sj\/7djK\/+nWyf\/i0Mf\/1sbC\/8i5vP+4qrX\/qZyu\/56Rqf8AwLG7\/8Kyu\/\/Gtbv\/zbq7\/9XBvP\/eycD\/59LF\/+7ayv\/x39D\/8eDT\/+zd0\/\/i1c\/\/1cnJ\/8W6wP+1qrf\/qZ6w\/wDMwcX\/zcDE\/87Awf\/Rwb7\/1sS8\/93Kvv\/l0sP\/7dvL\/\/Pj0\/\/259n\/8+bb\/+zg2f\/f1dP\/z8XJ\/761vv+xqLb\/ANTLzP\/Uysr\/08fF\/9PFv\/\/Wxbv\/28q7\/+PSwP\/s3Mr\/9OXU\/\/jr3P\/47OD\/8eff\/+bc2f\/Wzc\/\/xbzD\/7evuf+qDNWhtw5\/gAAAAABJRU5ErkJggg=='\/%3E%3C\/svg%3E&quot;)\" src=\"https:\/\/www.europesays.com\/de\/wp-content\/uploads\/2025\/07\/georgina-fleur-posiert-39.jpg\" fetchpriority=\"auto\"\/>Nicole Kubelka \/ Future Image \/ ActionPress<img decoding=\"async\" alt=\"Bilder Gallerie Button\" class=\"absolute bottom-[7px] right-[3px] w-[54px] h-[54px] group-hover:scale-110 transition-transform duration-300\" src=\"https:\/\/www.europesays.com\/de\/wp-content\/uploads\/2025\/03\/galerie_button.png\" loading=\"lazy\"\/>Georgina Fleur, TV-Bekanntheit<\/p>\n<p>Was denkt ihr \u00fcber Betties Rauswahl?<\/p>\n<p>Ergebnis anzeigen<\/p>\n","protected":false},"excerpt":{"rendered":"Bettie Ballhaus (47) sorgte nach ihrem Aus in der zweiten Folge von &#8222;Villa der Versuchung&#8220; f\u00fcr einen unvergesslichen&hellip;\n","protected":false},"author":2,"featured_media":273722,"comment_status":"","ping_status":"","sticky":false,"template":"","format":"standard","meta":{"footnotes":""},"categories":[1773],"tags":[29,214,30,471,1780,215],"class_list":{"0":"post-273721","1":"post","2":"type-post","3":"status-publish","4":"format-standard","5":"has-post-thumbnail","7":"category-serien","8":"tag-deutschland","9":"tag-entertainment","10":"tag-germany","11":"tag-serien","12":"tag-series","13":"tag-unterhaltung"},"share_on_mastodon":{"url":"https:\/\/pubeurope.com\/@de\/114871515603348895","error":""},"_links":{"self":[{"href":"https:\/\/www.europesays.com\/de\/wp-json\/wp\/v2\/posts\/273721","targetHints":{"allow":["GET"]}}],"collection":[{"href":"https:\/\/www.europesays.com\/de\/wp-json\/wp\/v2\/posts"}],"about":[{"href":"https:\/\/www.europesays.com\/de\/wp-json\/wp\/v2\/types\/post"}],"author":[{"embeddable":true,"href":"https:\/\/www.europesays.com\/de\/wp-json\/wp\/v2\/users\/2"}],"replies":[{"embeddable":true,"href":"https:\/\/www.europesays.com\/de\/wp-json\/wp\/v2\/comments?post=273721"}],"version-history":[{"count":0,"href":"https:\/\/www.europesays.com\/de\/wp-json\/wp\/v2\/posts\/273721\/revisions"}],"wp:featuredmedia":[{"embeddable":true,"href":"https:\/\/www.europesays.com\/de\/wp-json\/wp\/v2\/media\/273722"}],"wp:attachment":[{"href":"https:\/\/www.europesays.com\/de\/wp-json\/wp\/v2\/media?parent=273721"}],"wp:term":[{"taxonomy":"category","embeddable":true,"href":"https:\/\/www.europesays.com\/de\/wp-json\/wp\/v2\/categories?post=273721"},{"taxonomy":"post_tag","embeddable":true,"href":"https:\/\/www.europesays.com\/de\/wp-json\/wp\/v2\/tags?post=273721"}],"curies":[{"name":"wp","href":"https:\/\/api.w.org\/{rel}","templated":true}]}}