{"id":273819,"date":"2025-07-18T01:50:16","date_gmt":"2025-07-18T01:50:16","guid":{"rendered":"https:\/\/www.europesays.com\/de\/273819\/"},"modified":"2025-07-18T01:50:16","modified_gmt":"2025-07-18T01:50:16","slug":"das-ruhrgebiet-spricht-dialogprojekt-der-kirchenkreise-auf-dem-opernvorplatz","status":"publish","type":"post","link":"https:\/\/www.europesays.com\/de\/273819\/","title":{"rendered":"\u201eDas Ruhrgebiet spricht\u201c: Dialogprojekt der Kirchenkreise auf dem Opernvorplatz"},"content":{"rendered":"<p>Das Ruhrgebiet spricht\u201c erm\u00f6glicht den Dialog unter Mitmenschen nach dem Vorbild von \u201eDeutschland spricht\u201c. Ab sofort k\u00f6nnen sich Bu\u0308rger*innen f\u00fcr das Dialogevent auf dem Opernvorplatz registrieren. In Eins-zu-Eins-Gespr\u00e4chen kommen sie u\u0308ber Zukunft, Gerechtigkeit, Politik und unser Zusammenleben ins Gespr\u00e4ch. Ziel des Projekts ist es, den gesellschaftlichen Zusammenhalt zu st\u00e4rken, demokratische Kultur zu f\u00f6rdern und ein sichtbares Zeichen gegen Polarisierung zu setzen.<\/p>\n<p>\u00dcber eine Online-Plattform beantworten Interessierte einige Fragen zu ihren Ansichten und zu aktuellen Themen im Ruhrgebiet. Ein Algorithmus verbindet sie dann mit einer Person, deren Meinung die gr\u00f6\u00dftm\u00f6glichen Unterschiede zur eigenen Position aufweist. Die anschlie\u00dfenden Gespr\u00e4che finden dann am 23. August von 11 bis 13 Uhr auf dem Opernvorplatz statt. Damit schlie\u00dft Dortmund gleichzeitig mit Duisburg an die Aktion am 22. August in Bochum und Essen an.<\/p>\n<p><img fetchpriority=\"high\" decoding=\"async\" class=\"size-full wp-image-282712\" src=\"data:image\/svg+xml,%3Csvg%20xmlns=\" http:=\"\" alt=\"\u201eDas Ruhrgebiet spricht\u201c: Dialogprojekt der Kirchenkreise auf dem Opernvorplatz\" width=\"2560\" height=\"1707\" title=\"\u201eDas Ruhrgebiet spricht\u201c: Dialogprojekt der Kirchenkreise auf dem Opernvorplatz\" data-lazy- data-lazy- data-lazy-src=\"https:\/\/www.europesays.com\/de\/wp-content\/uploads\/2025\/07\/03-2022-Platz-der-Alten-Synagoge-PS-scaled.jpg\"\/>\u201eDas Ruhrgebiet spricht\u201c findet auf dem Platz der Alten Synagoge statt. (Archivfoto: Wir in Dortmund)<\/p>\n<p>\u201eIn einer Zeit, in der scheinbar immer gr\u00f6\u00dfere Gr\u00e4ben unsere Gesellschaft spalten, ist der direkte und pers\u00f6nliche Dialog wichtiger denn je\u201c, erkl\u00e4rt die st\u00e4dteu\u0308bergreifende Projektgruppe. \u201eMit \u201aDas Ruhrgebiet spricht\u2018 schaffen wir R\u00e4ume der Begegnung. Hier ist es m\u00f6glich, einander zuzuh\u00f6ren, unterschiedliche Perspektiven zu verstehen und die Kraft des Gespr\u00e4chs wiederzuentdecken. Wir sind davon u\u0308berzeugt, dass pers\u00f6nlicher Austausch der Schlu\u0308ssel zu mehr Respekt und Verst\u00e4ndnis ist.\u201c<\/p>\n<p>Das Projekt wird von einem Netzwerk verschiedener Partner*innen unterstu\u0308tzt, die das Vorhaben mittragen. Dazu geh\u00f6ren:<\/p>\n<ul>\n<li>Die ZEIT Verlagsgruppe, die die technische Infrastruktur und Erfahrung aus \u201eDeutschland spricht\u201c bereitstellt, die Anmeldephase begleitet und Feedback einholen wird.<\/li>\n<li>Die Universit\u00e4t Duisburg-Essen (NRW School of Governance), die ma\u00dfgeblich an der Entwicklung des Fragenkatalogs fu\u0308r das Matching beteiligt ist.<\/li>\n<li>Lokale Unterstu\u0308tzer*innen aus unterschiedlichen Branchen, darunter der Regionalverband Ruhr, das Bistum Essen, die AWO Essen, die Diakonie Dortmund und das Diakoniewerk Essen, die Sparkasse Essen, das Netzwerk Common Purpose und das Theater Dortmund.<\/li>\n<\/ul>\n<p>Weitere Informationen zum Projekt und zur Registrierung sind unter <a href=\"http:\/\/dasruhrgebietspricht.de\" target=\"_blank\" rel=\"noopener nofollow\">dasruhrgebietspricht.de<\/a> erh\u00e4ltlich.<\/p>\n","protected":false},"excerpt":{"rendered":"Das Ruhrgebiet spricht\u201c erm\u00f6glicht den Dialog unter Mitmenschen nach dem Vorbild von \u201eDeutschland spricht\u201c. Ab sofort k\u00f6nnen sich&hellip;\n","protected":false},"author":2,"featured_media":273820,"comment_status":"","ping_status":"","sticky":false,"template":"","format":"standard","meta":{"footnotes":""},"categories":[1833],"tags":[3364,29,217,30,1209],"class_list":{"0":"post-273819","1":"post","2":"type-post","3":"status-publish","4":"format-standard","5":"has-post-thumbnail","7":"category-dortmund","8":"tag-de","9":"tag-deutschland","10":"tag-dortmund","11":"tag-germany","12":"tag-nordrhein-westfalen"},"share_on_mastodon":{"url":"https:\/\/pubeurope.com\/@de\/114871731785044439","error":""},"_links":{"self":[{"href":"https:\/\/www.europesays.com\/de\/wp-json\/wp\/v2\/posts\/273819","targetHints":{"allow":["GET"]}}],"collection":[{"href":"https:\/\/www.europesays.com\/de\/wp-json\/wp\/v2\/posts"}],"about":[{"href":"https:\/\/www.europesays.com\/de\/wp-json\/wp\/v2\/types\/post"}],"author":[{"embeddable":true,"href":"https:\/\/www.europesays.com\/de\/wp-json\/wp\/v2\/users\/2"}],"replies":[{"embeddable":true,"href":"https:\/\/www.europesays.com\/de\/wp-json\/wp\/v2\/comments?post=273819"}],"version-history":[{"count":0,"href":"https:\/\/www.europesays.com\/de\/wp-json\/wp\/v2\/posts\/273819\/revisions"}],"wp:featuredmedia":[{"embeddable":true,"href":"https:\/\/www.europesays.com\/de\/wp-json\/wp\/v2\/media\/273820"}],"wp:attachment":[{"href":"https:\/\/www.europesays.com\/de\/wp-json\/wp\/v2\/media?parent=273819"}],"wp:term":[{"taxonomy":"category","embeddable":true,"href":"https:\/\/www.europesays.com\/de\/wp-json\/wp\/v2\/categories?post=273819"},{"taxonomy":"post_tag","embeddable":true,"href":"https:\/\/www.europesays.com\/de\/wp-json\/wp\/v2\/tags?post=273819"}],"curies":[{"name":"wp","href":"https:\/\/api.w.org\/{rel}","templated":true}]}}