{"id":273823,"date":"2025-07-18T01:52:14","date_gmt":"2025-07-18T01:52:14","guid":{"rendered":"https:\/\/www.europesays.com\/de\/273823\/"},"modified":"2025-07-18T01:52:14","modified_gmt":"2025-07-18T01:52:14","slug":"ein-videoportraet-rueckt-die-georg-schumann-strasse-ins-bild-%c2%b7-leipziger-zeitung","status":"publish","type":"post","link":"https:\/\/www.europesays.com\/de\/273823\/","title":{"rendered":"Ein Videoportr\u00e4t r\u00fcckt die Georg-Schumann-Stra\u00dfe ins Bild \u00b7 Leipziger Zeitung"},"content":{"rendered":"<p>Ein neuer Kurzfilm stellt die Georg-Schumann-Stra\u00dfe vor und versucht erfahrbar zu machen, was sich hinter den Fassaden von Leipzigs gr\u00f6\u00dfter Durchfahrtsstra\u00dfe verbirgt. Die Produktion des Videos ist Teil des Gesch\u00e4ftsstra\u00dfenmanagements der Georg-Schumann-Stra\u00dfe, das von der Leipziger Unternehmensberatung GECKO.2 umgesetzt und durch das Amt f\u00fcr Wohnungsbau und Stadterneuerung der Stadt Leipzig im Rahmen des Bundesprogramms Zukunftsf\u00e4hige Innenst\u00e4dte und Zentren gef\u00f6rdert wird.<\/p>\n<p>15 Gewerbe und Vereine der Magistrale haben die Entstehung des Films unterst\u00fctzt und sind darin zu sehen: von Breakdance bis Tattoo-Stechen, von Fl\u00f6tenspiel bis Weinprobe zeigt Leipzigs l\u00e4ngste Stra\u00dfe sich in voller Vielfalt.<img decoding=\"async\" src=\"https:\/\/www.europesays.com\/de\/wp-content\/uploads\/2025\/07\/83ab87fdc4044c2a9fc8def77727add4.gif\" width=\"https:\/\/www.l-iz.de\/politik\/brennpunkt\/2025\/07\/1\" height=\"https:\/\/www.l-iz.de\/politik\/brennpunkt\/2025\/07\/1\" alt=\"\"\/><\/p>\n<p>\u201eDer Film ist kein klassisches Imagevideo, sondern f\u00e4ngt das Lebensgef\u00fchl der Georg-Schumann-Stra\u00dfe mit k\u00fcnstlerischen Mitteln ein\u201c, versucht die Gecko Two GmbH das Anliegen des Films zu beschreiben. \u201eDie Gro\u00dfstadt als M\u00f6glichkeit, als Potenzial zur Ver\u00e4nderung, als Projektionsfl\u00e4che f\u00fcr gegl\u00fcckte und gescheiterte Tr\u00e4ume, f\u00fcr unterschiedliche Lebensphasen, Entw\u00fcrfe und Aktivit\u00e4ten.<\/p>\n<p>Die Georg-Schumann-Stra\u00dfe wird zu nichts gemacht, was sie nicht ist. Stattdessen wird sie in all ihrer kuriosen Eigenheit vorgestellt. Die Botschaft lautet: die Georg-Schumann-Stra\u00dfe als das St\u00fcck Leipzigs, aus dem \u2018Du\u2019 noch was machen kannst!\u201c<\/p>\n<p>\u201eWir bedanken uns f\u00fcr die tolle und kooperative Zusammenarbeit mit den Gewerben auf der Georg-Schumann-Stra\u00dfe und den Beteiligten der Stadt Leipzig\u201c, l\u00e4sst sich Marleen Wagner, Projektleitung des Gesch\u00e4ftsstra\u00dfenmanagements, zitieren.<\/p>\n<p>Ob es die Macher des Videos geschafft haben, k\u00f6nnten am besten die Bewohner, Passanten und Gesch\u00e4ftstreibenden an der Georg-Schumann-Stra\u00dfe einsch\u00e4tzen.<\/p>\n<\/p>\n<p>Seit der Er\u00f6ffnung der neuen B6 im Jahr 2012 hatte die Stra\u00dfe nicht mehr den Status einer Bundesstra\u00dfe. Dies war \u2013 so betont die Stadt \u2013 eine wichtige Voraussetzung daf\u00fcr, die verkehrlichen, st\u00e4dtebaulichen und funktionalen Probleme der Stra\u00dfe l\u00f6sen zu k\u00f6nnen und die Stra\u00dfe nachhaltig zu revitalisieren. Den ganze Stra\u00dfenabschnitte waren regelrecht tot, reine Durchfahrtschneisen f\u00fcr den Verkehr. Es ging also darum, wieder Gesch\u00e4fte zu beleben, Gastronomie zu verankern und die Stra\u00dfe abschnittsweise wieder zu einer lebendigen Gesch\u00e4ftsstra\u00dfe zu machen.<\/p>\n<p>\u201eVor diesem Hintergrund wurde die Georg-Schumann-Stra\u00dfe auf Grundlage des Integrierten Stadtentwicklungskonzept Leipzig 2020 vom 20. Mai 2009 als priorit\u00e4rer Handlungsschwerpunkt definiert und war F\u00f6rdergebiet in den beiden Programmen Aktive Stadt- und Ortsteilzentren (2010-2020) und Stadtumbau (2012-2023). F\u00fcr die Entwicklung der Magistrale bedurfte es eines integrierten Magistralenansatzes.<\/p>\n<p>Seit dem Auftaktworkshop im August 2009 arbeitete das Amt f\u00fcr Wohnungsbau und Stadterneuerung bis zum 1. Halbjahr 2022 gemeinsam mit dem Magistralenmanagement, den lokalen Akteuren vor Ort, den Fach\u00e4mtern der Stadt Leipzig und der Politik an der Revitalisierung der Stra\u00dfe\u201c, <a href=\"http:\/\/www.leipzig.de\/bauen-und-wohnen\/foerdergebiete\/georg-schumann-strasse#c8737\" target=\"_blank\" rel=\"noopener\">erl\u00e4utert die Stadt auf ihrer Homepage das Projekt.<\/a><\/p>\n<p>\u201eDie grunds\u00e4tzliche Zielstellung f\u00fcr die Entwicklung der Magistrale war, den drohenden Funktionsverlust als Wohn- und Gesch\u00e4ftsstra\u00dfe abzuwenden, in dem st\u00e4dtebauliche Missst\u00e4nde in einem mittelfristigen Zeitraum behoben werden.\u201c<\/p>\n<p>Ein Problem freilich ist geblieben: In mehreren Abschnitten wartet die Georg-Schumann-Stra\u00dfe nun seit \u00fcber 20 Jahren auf einen grunds\u00e4tzlichen Umbau, verbunden mit einer Erneuerung der Stra\u00dfenbahntrasse. Doch dieser Umbau wird immer wieder verschoben \u2013 aktuell auch deshalb, weil die Stadt zu radikalen Haushaltseinsparungen verdonnert ist.<\/p>\n<p>Wobei der Clip auch die problematischen Seiten nicht ganz ausspart, indem er auch auf die Arbeitsagentur hinweist, die sich in der Georg-Schumann-Stra\u00dfe befindet, und die Menschen, die auf soziale Unterst\u00fctzung angewiesen sind<\/p>\n<p>Gesch\u00e4ftsstra\u00dfenmanagement der Georg-Schumann-Stra\u00dfe<\/p>\n<p>Das Gesch\u00e4ftsstra\u00dfenmanagement wird im Auftrag des Amts f\u00fcr Wohnungsbau und Stadterneuerung Leipzig von der Gecko Two GmbH durchgef\u00fchrt. Das Vorhaben wird gef\u00f6rdert aus dem Bundesprogramm \u201eZukunftsf\u00e4hige Innenst\u00e4dte und Zentren\u201c durch das Bundesministerium f\u00fcr Wohnen, Stadtentwicklung und Bauwesen.<\/p>\n","protected":false},"excerpt":{"rendered":"Ein neuer Kurzfilm stellt die Georg-Schumann-Stra\u00dfe vor und versucht erfahrbar zu machen, was sich hinter den Fassaden von&hellip;\n","protected":false},"author":2,"featured_media":273824,"comment_status":"","ping_status":"","sticky":false,"template":"","format":"standard","meta":{"footnotes":""},"categories":[1832],"tags":[3364,29,82085,30,9615,71,78932,859],"class_list":{"0":"post-273823","1":"post","2":"type-post","3":"status-publish","4":"format-standard","5":"has-post-thumbnail","7":"category-leipzig","8":"tag-de","9":"tag-deutschland","10":"tag-georg-schumann-strasse","11":"tag-germany","12":"tag-gohlis","13":"tag-leipzig","14":"tag-moeckern","15":"tag-sachsen"},"share_on_mastodon":{"url":"https:\/\/pubeurope.com\/@de\/114871739558032220","error":""},"_links":{"self":[{"href":"https:\/\/www.europesays.com\/de\/wp-json\/wp\/v2\/posts\/273823","targetHints":{"allow":["GET"]}}],"collection":[{"href":"https:\/\/www.europesays.com\/de\/wp-json\/wp\/v2\/posts"}],"about":[{"href":"https:\/\/www.europesays.com\/de\/wp-json\/wp\/v2\/types\/post"}],"author":[{"embeddable":true,"href":"https:\/\/www.europesays.com\/de\/wp-json\/wp\/v2\/users\/2"}],"replies":[{"embeddable":true,"href":"https:\/\/www.europesays.com\/de\/wp-json\/wp\/v2\/comments?post=273823"}],"version-history":[{"count":0,"href":"https:\/\/www.europesays.com\/de\/wp-json\/wp\/v2\/posts\/273823\/revisions"}],"wp:featuredmedia":[{"embeddable":true,"href":"https:\/\/www.europesays.com\/de\/wp-json\/wp\/v2\/media\/273824"}],"wp:attachment":[{"href":"https:\/\/www.europesays.com\/de\/wp-json\/wp\/v2\/media?parent=273823"}],"wp:term":[{"taxonomy":"category","embeddable":true,"href":"https:\/\/www.europesays.com\/de\/wp-json\/wp\/v2\/categories?post=273823"},{"taxonomy":"post_tag","embeddable":true,"href":"https:\/\/www.europesays.com\/de\/wp-json\/wp\/v2\/tags?post=273823"}],"curies":[{"name":"wp","href":"https:\/\/api.w.org\/{rel}","templated":true}]}}