{"id":273862,"date":"2025-07-18T02:13:41","date_gmt":"2025-07-18T02:13:41","guid":{"rendered":"https:\/\/www.europesays.com\/de\/273862\/"},"modified":"2025-07-18T02:13:41","modified_gmt":"2025-07-18T02:13:41","slug":"kuenstler-und-modellierer-schafft-skulpturen-und-stellt-derzeit-in-langen-aus","status":"publish","type":"post","link":"https:\/\/www.europesays.com\/de\/273862\/","title":{"rendered":"K\u00fcnstler und Modellierer schafft Skulpturen und stellt derzeit in Langen aus"},"content":{"rendered":"<ol class=\"id-DonaldBreadcrumb lp_west_breadcrumb id-DonaldBreadcrumb--default\" data-k5a-pos=\"west_breadcrumb\">\n<li class=\"id-Breadcrumb-item\"><a href=\"https:\/\/www.op-online.de\/\" class=\"id-Breadcrumb-link\" data-id-ec=\"{\" shn=\"\" textlink=\"\" data-k5a-pos=\"1_startseite\" rel=\"nofollow noopener\" target=\"_blank\">Startseite<\/a><\/li>\n<li class=\"id-Breadcrumb-item\"><a href=\"https:\/\/www.op-online.de\/region\/\" class=\"id-Breadcrumb-link\" data-id-ec=\"{\" shn=\"\" textlink=\"\" data-k5a-pos=\"2_region\" rel=\"nofollow noopener\" target=\"_blank\">Region<\/a><\/li>\n<li class=\"id-Breadcrumb-item\"><a href=\"https:\/\/www.op-online.de\/region\/langen\/\" class=\"id-Breadcrumb-link\" data-id-ec=\"{\" shn=\"\" textlink=\"\" data-k5a-pos=\"3_langen\" rel=\"nofollow noopener\" target=\"_blank\">Langen<\/a><\/li>\n<\/ol>\n<p class=\"id-Story-timestamp id-Story-timestamp--default\">Stand: 14.07.2025, 06:00 Uhr<\/p>\n<p class=\"id-Story-authors id-Story-authors--default\">Von: <a class=\"id-Story-authors-link lp_west_author\" href=\"https:\/\/www.op-online.de\/autor\/lara-joergens-bjkz983fw.html\" title=\"Zur Autorenseite von Lara J&#xF6;rgens\" data-id-ec=\"{\" shn=\"\" author-link=\"\" j=\"\" data-k5a-pos=\"west_author\" rel=\"nofollow noopener\" target=\"_blank\">Lara J\u00f6rgens<\/a><\/p>\n<p class=\"id-Story-interactionBar id-Story-interactionBar--default\">DruckenTeilen<\/p>\n<p><img decoding=\"async\" class=\"id-RatioPlaceholder-element wv_story_el_image\" src=\"https:\/\/www.europesays.com\/de\/wp-content\/uploads\/2025\/07\/38865098-kuenstler-joerg-braun-langen-1ffe.jpg\" loading=\"eager\" fetchpriority=\"high\"   height=\"619\" width=\"1100\" alt=\"J&#xF6;rg Braun K&#xFC;nstler Langen Photographiert von Marc Strohfeldt - www.nachelf.de - Ver&#xF6;ffentlichungen jeglicher Art honorarpflichtig und nur nach Absprache.\"\/>H\u00fcte als Lebenseinstellung: J\u00f6rg Braun hat das Modellieren \u2013 und Kopfbedeckungen \u2013 f\u00fcr sich entdeckt.  \u00a9\u00a0Marc Strohfeldt<\/p>\n<p class=\"id-StoryElement-leadText\">Modellierer J\u00f6rg Braun stellt derzeit Skulpturen aus Beton aus. Er hat ein Faible f\u00fcr H\u00fcte und bringt originelle Kreaturen in Form.<\/p>\n<p class=\"id-StoryElement-paragraph\">Langen &#8211; Erwartungsvoll steht J\u00f6rg Braun vor dem Haus an der August-Bebel-Stra\u00dfe 2, in dem seine Ausstellung stattfindet. Er schaut sich um, beobachtet das lebendige Treiben am gegen\u00fcberliegenden Platz. Sein Outfit ist abgestimmt: quietschgelbe Schuhe, dunkle kurze Hose, ein sehr buntes Hemd und passend zu den Schuhen ein gelber Hut \u2013 das f\u00fcr ihn wichtigste Accessoire. Seine farbenfrohe Erscheinung l\u00e4sst auf sein Hobby schlie\u00dfen: Modellieren. Erst vor Kurzem entdeckte der 58-J\u00e4hrige seine Leidenschaft.<\/p>\n<p>F\u00fcr jede Figur andere Inspiration<\/p>\n<p class=\"id-StoryElement-paragraph\">J\u00f6rg Braun bezeichnet sich selbst als \u201efreischaffender B\u00e4nker, aber das ist nat\u00fcrlich kein richtiger Begriff\u201c. Seit 2020 erschafft er auch frei Skulpturen und hat damit ein Hobby f\u00fcr sich entdeckt, das er intensiv auslebt. Mehrere Stunden am Tag verbringt er mit dem Modellieren. \u201eAngefangen hat alles mit einem Workshop beim Offenen Atelier S\u00fcdhessen in Dietzenbach mit dem K\u00fcnstler Thomas Stich\u201c, erl\u00e4utert Braun. Aus dem einen Kurs wurden mehrere und \u201eirgendwann kam dann die erste Ausstellung dazu\u201c. <\/p>\n<p class=\"id-StoryElement-paragraph\">Aus Knet- oder Modellierbeton fertigt er bunte Wesen, f\u00fcr jedes hat er eine andere Inspiration, mal den surrealistischen K\u00fcnstler Salvador Dal\u00ed, mal das Gem\u00e4lde einer Waldg\u00f6ttin. Aber f\u00fcr ihn ist klar: \u201eIm Kopf bin ich oft noch Kind, das nehme ich mit in den Gestaltungsprozess.\u201c<\/p>\n<p class=\"id-StoryElement-paragraph\">25 Skulpturen hat er in f\u00fcnf Jahren geschaffen, einige sind noch nicht fertig und stehen zu Hause in seiner Werkstatt. \u201eEs gibt noch ein paar mehr, aber die sind nichts f\u00fcr die \u00f6ffentliche Ausstellung\u201c, sagt er. Bei seiner Kunst arbeite er zun\u00e4chst mit Metallst\u00e4ben f\u00fcr die Stabilit\u00e4t und dann mit Knet- oder Modellierbeton. Dabei muss er immer Handschuhe tragen, denn der Beton greift die Haut an. Eine menschengro\u00dfe Figur habe er damit auch schon geschaffen, \u201eaber die hat einen kleinen H\u00fcftschaden\u201c, scherzt er. <\/p>\n<p class=\"id-StoryElement-paragraph\">Sie stehe daher nur zu Hause und dient als Huthalter, eine wichtige Funktion in Brauns Haus. \u201eIch bin passionierter Huttr\u00e4ger\u201c, berichtet er, \u201eab 50 St\u00fcck habe ich aufgeh\u00f6rt zu z\u00e4hlen\u201c. F\u00fcr mehr H\u00fcte habe er in seinem Haus in Langen keinen Platz. Bevor ich angefangen habe, selbst zu gestalten, habe ich mich lange mit Kunst besch\u00e4ftigt\u201c, sagt er. Einen Lieblingsk\u00fcnstler habe er nicht, \u201eich muss vor dem Bild oder der Skulptur stehen und es muss etwas in mir ausl\u00f6sen\u201c, res\u00fcmiert er.<\/p>\n<p>Formen und schwei\u00dfen<img decoding=\"async\" class=\"id-RatioPlaceholder-element wv_story_el_image\" src=\"https:\/\/www.europesays.com\/de\/wp-content\/uploads\/2025\/07\/38865134-kuenstler-joerg-braun-langen-Ffe.jpg\" loading=\"lazy\"   height=\"619\" width=\"1100\" alt=\"Skulpturen J&#xF6;rg Braun Photographiert von Marc Strohfeldt - www.nachelf.de - Ver&#xF6;ffentlichungen jeglicher Art honorarpflichtig und nur nach Absprache.\"\/>Mit Rost verziert und ideal f\u00fcr den Garten oder auch f\u00fcr den Innenraum: der sitzende Drollpatsch.  \u00a9\u00a0Marc Strohfeldt<\/p>\n<p class=\"id-StoryElement-paragraph\">Bunt m\u00fcssen die Gem\u00e4lde nicht immer sein, dennoch \u201eist bunt meine Lieblingsfarbe, egal welche: Hauptsache bunt\u201c, sagt er. Diese Vorliebe zeigt er auch mit seinen Skulpturen. W\u00e4hrend einige fr\u00fche Werke noch einfarbig oder zweifarbig sind, bieten neuere mehr Abwechslung mit Gold, Gr\u00fcn, Rot und Blau. Er verwendet verschiedene Farben, teilweise Betonfarbe, einige Figuren hat er mit Rostpartikeln versehen. Oft modelliert er Fabelwesen, etwa Drachen, Engel oder Teufel. \u201eBei einer Figur wollte ich erst ein Schaf kreieren und dann wurde es ein Hund, ich taufte ihn dann die europ\u00e4ische Wanderbulldogge\u201c, sagt der 58-J\u00e4hrige.<\/p>\n<p class=\"id-StoryElement-paragraph\">Seine Passion f\u00fcr H\u00fcte greift er auch in seinen Kreationen auf: Die europ\u00e4ische Wanderbulldogge tr\u00e4gt eine Kopfbedeckung sowie einige seiner menschlichen Figuren. Wer gut aufpasst, erkennt auch bei den Kartenhaltern die Hutform. Neben dem Modellieren hat er k\u00fcrzlich auch angefangen zu schwei\u00dfen. Das zeigt er etwa an seiner Figur \u201eder Unverw\u00fcstliche\u201c, bei der die St\u00fchle, zwischen denen die Figur einen Spagat macht, von ihm zusammengeschwei\u00dft wurden. Ein hoher Arbeitsaufwand. Etwa 25 Stunden arbeitete er daran.  <\/p>\n<p class=\"id-StoryElement-paragraph\">Wer J\u00f6rg Brauns Kunst bewundern will, kann dienstags von 18 bis 19.30 und samstags von 13.30 bis 15 Uhr in der August-Bebel-Stra\u00dfe 2 vorbeischauen \u2013 bis einschlie\u00dflich 26. Juli. Verkauft werden die Werke des Langeners ebenfalls, \u201edie Leute k\u00f6nnen einfach auf mich zukommen, dann k\u00f6nnen wir dar\u00fcber sprechen. Ich habe zwar eine Preisliste, aber ganz fix ist die nicht\u201c, sagt der K\u00fcnstler. <\/p>\n","protected":false},"excerpt":{"rendered":"Startseite Region Langen Stand: 14.07.2025, 06:00 Uhr Von: Lara J\u00f6rgens DruckenTeilen H\u00fcte als Lebenseinstellung: J\u00f6rg Braun hat das&hellip;\n","protected":false},"author":2,"featured_media":273863,"comment_status":"","ping_status":"","sticky":false,"template":"","format":"standard","meta":{"footnotes":""},"categories":[1775],"tags":[1793,29,214,30,1794,215],"class_list":{"0":"post-273862","1":"post","2":"type-post","3":"status-publish","4":"format-standard","5":"has-post-thumbnail","7":"category-kunst-und-design","8":"tag-art-and-design","9":"tag-deutschland","10":"tag-entertainment","11":"tag-germany","12":"tag-kunst-und-design","13":"tag-unterhaltung"},"share_on_mastodon":{"url":"https:\/\/pubeurope.com\/@de\/114871822411827658","error":""},"_links":{"self":[{"href":"https:\/\/www.europesays.com\/de\/wp-json\/wp\/v2\/posts\/273862","targetHints":{"allow":["GET"]}}],"collection":[{"href":"https:\/\/www.europesays.com\/de\/wp-json\/wp\/v2\/posts"}],"about":[{"href":"https:\/\/www.europesays.com\/de\/wp-json\/wp\/v2\/types\/post"}],"author":[{"embeddable":true,"href":"https:\/\/www.europesays.com\/de\/wp-json\/wp\/v2\/users\/2"}],"replies":[{"embeddable":true,"href":"https:\/\/www.europesays.com\/de\/wp-json\/wp\/v2\/comments?post=273862"}],"version-history":[{"count":0,"href":"https:\/\/www.europesays.com\/de\/wp-json\/wp\/v2\/posts\/273862\/revisions"}],"wp:featuredmedia":[{"embeddable":true,"href":"https:\/\/www.europesays.com\/de\/wp-json\/wp\/v2\/media\/273863"}],"wp:attachment":[{"href":"https:\/\/www.europesays.com\/de\/wp-json\/wp\/v2\/media?parent=273862"}],"wp:term":[{"taxonomy":"category","embeddable":true,"href":"https:\/\/www.europesays.com\/de\/wp-json\/wp\/v2\/categories?post=273862"},{"taxonomy":"post_tag","embeddable":true,"href":"https:\/\/www.europesays.com\/de\/wp-json\/wp\/v2\/tags?post=273862"}],"curies":[{"name":"wp","href":"https:\/\/api.w.org\/{rel}","templated":true}]}}