{"id":273925,"date":"2025-07-18T02:46:14","date_gmt":"2025-07-18T02:46:14","guid":{"rendered":"https:\/\/www.europesays.com\/de\/273925\/"},"modified":"2025-07-18T02:46:14","modified_gmt":"2025-07-18T02:46:14","slug":"slowakei-gibt-widerstand-gegen-eu-sanktionen-gegen-russland-auf","status":"publish","type":"post","link":"https:\/\/www.europesays.com\/de\/273925\/","title":{"rendered":"Slowakei gibt Widerstand gegen EU-Sanktionen gegen Russland auf"},"content":{"rendered":"<p><img src=\"https:\/\/www.europesays.com\/de\/wp-content\/uploads\/2025\/07\/slowakei-ministerpraesident-robert-fico-portrait-100~3840x2160\"  alt=\"Der slowakische Ministerpr\u00e4sident Robert Fico in Albanien im Mai 2025\" decoding=\"async\" loading=\"eager\"  style=\"object-fit:cover;object-position:center\" fetchpriority=\"high\" class=\"f1mqliu0\"\/><\/p>\n<p>Der slowakische Ministerpr\u00e4sident Robert Fico hatte sich wochenlang geweigert, dem 18. Sanktionspaket zuzustimmen.<\/p>\n<p>Quelle: AFP<\/p>\n<p>Der slowakische Ministerpr\u00e4sident Robert Fico hat \u00fcberraschend angek\u00fcndigt, die Blockade neuer Sanktionen der <a data-testid=\"richtext-link\" class=\"b7kurox _nl_\" id=\"a1852c86\" href=\"https:\/\/www.zdfheute.de\/thema\/europaeische-union-eu-100.html\" rel=\"nofollow noopener\" target=\"_blank\">Europ\u00e4ischen Union<\/a> gegen Russland zu beenden. <\/p>\n<p>Er habe den Vertretern der Slowakei die Anweisung gegeben, schon an diesem Freitag ihre Zustimmung zum 18. EU-Sanktionspaket zu erteilen, sagte er in einem Facebook-Video.<\/p>\n<p>Die Slowakei habe so viel wie m\u00f6glich erreicht, um sich gegen m\u00f6gliche negative Folgen der Sanktionen abzusichern, so Fico. Es w\u00e4re &#8222;kontraproduktiv&#8220; f\u00fcr die Interessen der Slowakei als EU-Mitglied, das Vorgehen weiter zu blockieren. Einzelheiten nannte Fico zun\u00e4chst nicht.<\/p>\n<blockquote class=\"bosa0j6\">\n<p class=\"tley63f hhhtovw\">Die best\u00e4tigten Garantien seitens der EU betreffen den Gaspreis und eventuelle Lieferengp\u00e4sse, Transitgeb\u00fchren sowie die M\u00f6glichkeit eine Krisensituation auszurufen, wenn es zu extremen Preisen oder Gasmangel kommt.<\/p>\n<p>\u201e<\/p><\/blockquote>\n<p class=\"abqjgdv m1lnp037\">Robert Fico, slowakischer Ministerpr\u00e4sident<\/p>\n<p><img decoding=\"async\" loading=\"lazy\" fetchpriority=\"low\" alt=\"15.07.2025, Belgien, Br\u00fcssel: Kaja Kallas, EU-Au\u00dfenbeauftragte, spricht mit Journalisten bei ihrer Ankunft zu einem Treffen der EU-Au\u00dfenminister im EU-Ratsgeb\u00e4ude.\" class=\"pei0kpe\"\/>Beim EU-Au\u00dfenministertreffen waren weitere Lieferungen von US-Patriot-Systemen an die Ukraine Thema. Ebenso: ein weiteres Sanktionspaket gegen Russland.15.07.2025 | 1:35 min<\/p>\n<p>Slowakei wollte Ausnahmeklausel f\u00fcr russisches Gas<\/p>\n<p>Am Mittwoch und Dienstag hatte die Slowakei die Verabschiedung der Sanktionen noch verhindert. Hintergrund von Ficos Blockade war ein Streit um eine EU-Verordnung, die einen v\u00f6lligen Gasimportstopp aus <a data-testid=\"richtext-link\" class=\"b7kurox _nl_\" id=\"ea352699\" href=\"https:\/\/www.zdfheute.de\/thema\/russland-324.html\" rel=\"nofollow noopener\" target=\"_blank\">Russland<\/a> ab 2028 zur Folge haben wird. <\/p>\n<p>Fico wollte urspr\u00fcnglich eine Ausnahmeklausel f\u00fcr sein Land durchsetzen, die es ihm erlaubt, einen Vertrag \u00fcber Erdgaslieferungen des russischen Staatskonzerns Gazprom bis zum Jahr 2034 laufen zu lassen.<\/p>\n<p><img decoding=\"async\" loading=\"lazy\" fetchpriority=\"low\" alt=\"Johann Wadephul in Brussels\" class=\"pei0kpe\"\/>Im Mai hatte die EU ihr 17. Sanktionspaket gegen Russland verabschiedet. 20.05.2025 | 3:21 min<\/p>\n<p>Auch Malta sieht Sanktionen skeptisch <\/p>\n<p>Die Sanktionen m\u00fcssen von allen 27 EU-Staaten einstimmig beschlossen werden. Auch Malta hatte Vorbehalte gegen die Ma\u00dfnahmen. <\/p>\n<p>Das Land bef\u00fcrchtet ungerecht gro\u00dfe Nachteile f\u00fcr heimische Schifffahrtsunternehmen, wenn der sogenannte \u00d6lpreisdeckel zu stark gesenkt wird. Diplomaten zeigten sich zuletzt aber zuversichtlich, dass Malta das Sanktionspaket am Ende nicht aufhalten werde.<\/p>\n<p><img decoding=\"async\" loading=\"lazy\" fetchpriority=\"low\" alt=\"Oberst Markus Reisner zu Gast bei ZDFheute live.\" class=\"pei0kpe\"\/>Um verteidigungsf\u00e4hig zu bleiben, br\u00e4uchte die Ukraine mehr als nur Patriot-Systeme, erkl\u00e4rt Oberst Reisner. Kiew m\u00fcsse Verteidigungsschwerpunkte setzen.  17.07.2025 | 22:22 min<\/p>\n<p>EU nimmt Energie, Banken und R\u00fcstung ins Visier<\/p>\n<p>Ziel der EU ist die Beendigung aller Gasimporte aus Russland bis zum 1. Januar 2028. Die EU-Kommission hatte vergangenen Monat das 18. Sanktionspaket gegen Russland wegen des <a data-testid=\"richtext-link\" class=\"b7kurox _nl_\" id=\"fe7f71e6\" href=\"https:\/\/www.zdfheute.de\/thema\/ukraine-198.html\" rel=\"nofollow noopener\" target=\"_blank\">Ukraine-Kriegs<\/a> vorgeschlagen. Ziel sind neben den russischen Exporten von Gas und \u00d6l auch russische Banken und die R\u00fcstungsindustrie.<\/p>\n<p>In Br\u00fcssel wurde nun damit gerechnet, dass das Sanktionspaket jetzt endlich beschlossen werden kann. Bereits an diesem Freitagmorgen k\u00f6nnten die st\u00e4ndigen Vertreter der Mitgliedstaaten zu einem Sondertreffen zusammenkommen, hie\u00df es am Abend aus EU-Kreisen.<\/p>\n<p>Aktuelle Meldungen zu Russlands Angriff auf die Ukraine finden Sie jederzeit in unserem Liveblog:<\/p>\n<p>Russland greift die Ukraine an <\/p>\n<p>:<a class=\"b7kurox f1mro3s7 l19gckv _nl_\" id=\"7062ba82\" href=\"https:\/\/www.zdfheute.de\/politik\/ausland\/ukraine-russland-konflikt-blog-102.html\" rel=\"nofollow noopener\" target=\"_blank\">Aktuelles zum Krieg in der Ukraine<\/a><\/p>\n<p>Seit Februar 2022 f\u00fchrt Russland einen Angriffskrieg gegen die Ukraine. Kiew hat eine Gegenoffensive gestartet, die K\u00e4mpfe dauern an. News und Hintergr\u00fcnde im Ticker.<\/p>\n<p><img src=\"https:\/\/www.europesays.com\/de\/wp-content\/uploads\/2025\/06\/russische-soldaten-116~2600x1300\"  alt=\"Russische Soldaten bereiten eine selbstfahrende Haubitze 2S1 Gvozdika zum Feuern vor, w\u00e4hrend die russische Milit\u00e4roperation in der Ukraine auf dem Gebiet der Region Cherson fortgesetzt wird\" decoding=\"async\" loading=\"lazy\"  style=\"object-fit:cover;object-position:center\" fetchpriority=\"low\" class=\"f1mqliu0\"\/><\/p>\n<p>Liveblog<\/p>\n<p>Quelle: dpa, Reuters<\/p>\n","protected":false},"excerpt":{"rendered":"Der slowakische Ministerpr\u00e4sident Robert Fico hatte sich wochenlang geweigert, dem 18. Sanktionspaket zuzustimmen. Quelle: AFP Der slowakische Ministerpr\u00e4sident&hellip;\n","protected":false},"author":2,"featured_media":273926,"comment_status":"","ping_status":"","sticky":false,"template":"","format":"standard","meta":{"footnotes":""},"categories":[4013],"tags":[331,332,13,14,15,4043,4044,850,307,12],"class_list":{"0":"post-273925","1":"post","2":"type-post","3":"status-publish","4":"format-standard","5":"has-post-thumbnail","7":"category-russland","8":"tag-aktuelle-nachrichten","9":"tag-aktuelle-news","10":"tag-headlines","11":"tag-nachrichten","12":"tag-news","13":"tag-russia","14":"tag-russian-federation","15":"tag-russische-foederation","16":"tag-russland","17":"tag-schlagzeilen"},"share_on_mastodon":{"url":"https:\/\/pubeurope.com\/@de\/114871952106148452","error":""},"_links":{"self":[{"href":"https:\/\/www.europesays.com\/de\/wp-json\/wp\/v2\/posts\/273925","targetHints":{"allow":["GET"]}}],"collection":[{"href":"https:\/\/www.europesays.com\/de\/wp-json\/wp\/v2\/posts"}],"about":[{"href":"https:\/\/www.europesays.com\/de\/wp-json\/wp\/v2\/types\/post"}],"author":[{"embeddable":true,"href":"https:\/\/www.europesays.com\/de\/wp-json\/wp\/v2\/users\/2"}],"replies":[{"embeddable":true,"href":"https:\/\/www.europesays.com\/de\/wp-json\/wp\/v2\/comments?post=273925"}],"version-history":[{"count":0,"href":"https:\/\/www.europesays.com\/de\/wp-json\/wp\/v2\/posts\/273925\/revisions"}],"wp:featuredmedia":[{"embeddable":true,"href":"https:\/\/www.europesays.com\/de\/wp-json\/wp\/v2\/media\/273926"}],"wp:attachment":[{"href":"https:\/\/www.europesays.com\/de\/wp-json\/wp\/v2\/media?parent=273925"}],"wp:term":[{"taxonomy":"category","embeddable":true,"href":"https:\/\/www.europesays.com\/de\/wp-json\/wp\/v2\/categories?post=273925"},{"taxonomy":"post_tag","embeddable":true,"href":"https:\/\/www.europesays.com\/de\/wp-json\/wp\/v2\/tags?post=273925"}],"curies":[{"name":"wp","href":"https:\/\/api.w.org\/{rel}","templated":true}]}}