{"id":274260,"date":"2025-07-18T05:57:09","date_gmt":"2025-07-18T05:57:09","guid":{"rendered":"https:\/\/www.europesays.com\/de\/274260\/"},"modified":"2025-07-18T05:57:09","modified_gmt":"2025-07-18T05:57:09","slug":"abschiebeflug-nach-afghanistan-aus-leipzig-geplant","status":"publish","type":"post","link":"https:\/\/www.europesays.com\/de\/274260\/","title":{"rendered":"Abschiebeflug nach Afghanistan aus Leipzig geplant"},"content":{"rendered":"<p class=\"text\">\nErstmals seit August 2024 soll am Morgen wieder ein Abschiebeflug nach Afghanistan starten. Nach Recherchen von MDR und NDR war der Start des Airbus A330 der Qatar Airways vom Flughafen Leipzig\/Halle f\u00fcr 7:15 Uhr erwartet worden, verz\u00f6gerte sich aber zun\u00e4chst.\n<\/p>\n<p class=\"text\">\nDen Recherchen zufolge war die Maschine extra f\u00fcr die Abschiebung gechartert worden und erst gestern um 16:21 Uhr in Leipzig gelandet. <\/p>\n<p>Wie viele Menschen an Bord sind und aus welchen Bundesl\u00e4ndern sie stammen, ist bislang nicht bekannt \u2013 ebenso, wie viele der Abgeschobenen auch verurteilte Straft\u00e4ter oder durch die Sicherheitsbeh\u00f6rden als Gef\u00e4hrder eingestuft worden sind. Nach <a href=\"https:\/\/taz.de\/Migrationspolitik-von-Schwarz-Rot-\/!6100637\/\" title=\"taz.de: Erneut Abschiebungen nach Afghanistan\" data-ctrl-link=\"{&#039;id&#039;: &#039;e4f3554a-2d99-4221-9913-e093dff59b1c&#039;,&#039;type&#039;:&#039;external&#039;,&#039;window&#039;:{&#039;type&#039;:&#039;empty&#039;,&#039;config&#039;:{&#039;title&#039;:&#039;taz.de: Erneut Abschiebungen nach Afghanistan&#039;,&#039;top&#039;:&#039;0&#039;,&#039;left&#039;:&#039;0&#039;,&#039;width&#039;:&#039;0&#039;,&#039;height&#039;:&#039;0&#039;,&#039;status&#039;:&#039;1&#039;,&#039;menubar&#039;:&#039;0&#039;,&#039;location&#039;:&#039;0&#039;,&#039;scroll&#039;:&#039;0&#039;,&#039;toolbar&#039;:&#039;0&#039;,&#039;resizable&#039;:&#039;0&#039;}}}\" target=\"_blank\" rel=\"noopener\">Recherchen der taz<\/a> haben sich vor dem Flug bis zu 50 Afghanen in Abschiebehaft befunden.\n<\/p>\n<p>Abschiebungen nach Afghanistan umstritten<\/p>\n<p class=\"text\">\nAbschiebungen nach Afghanistan sind umstritten, da in dem Land Menschenrechtsverletzungen drohen und rechtsstaatliche Verfahren nicht sichergestellt sind. Folglich hatten unter anderem bereits das <a href=\"https:\/\/www.institut-fuer-menschenrechte.de\/fileadmin\/Redaktion\/Publikationen\/Stellungnahmen\/Stellungnahme_Abschiebungen_nach_Afghanistan.pdf\" title=\"Stellungnahme Abschiebungen nach Afghanistan\" data-ctrl-link=\"{&#039;id&#039;: &#039;784e0cd6-1668-4824-8a7a-31da356cf2d7&#039;,&#039;type&#039;:&#039;external&#039;,&#039;window&#039;:{&#039;type&#039;:&#039;empty&#039;,&#039;config&#039;:{&#039;title&#039;:&#039;Stellungnahme Abschiebungen nach Afghanistan&#039;,&#039;top&#039;:&#039;0&#039;,&#039;left&#039;:&#039;0&#039;,&#039;width&#039;:&#039;0&#039;,&#039;height&#039;:&#039;0&#039;,&#039;status&#039;:&#039;0&#039;,&#039;menubar&#039;:&#039;0&#039;,&#039;location&#039;:&#039;0&#039;,&#039;scroll&#039;:&#039;1&#039;,&#039;toolbar&#039;:&#039;0&#039;,&#039;resizable&#039;:&#039;0&#039;}}}\" target=\"_blank\" rel=\"noopener\">Deutsche Institut f\u00fcr Menschenrechte<\/a>, die Menschenrechtsorganisation PRO ASYL und der S\u00e4chsische Fl\u00fcchtlingsrat Abschiebungen nach Afghanistan als unvereinbar mit der Europ\u00e4ischen Menschenrechtskonvention und dem deutschen Grundgesetz bezeichnet.\n<\/p>\n<p class=\"text\">\nZudem hat der Internationale Strafgerichtshof in Den Haag Anfang Juli Haftbefehle gegen Anf\u00fchrer der militant-islamistischen Taliban erlassen. Grund ist die Unterdr\u00fcckung von Frauen in Afghanistan.\n<\/p>\n<p class=\"text\">\nNach der Macht\u00fcbernahme der radikal-islamischen Taliban in Afghanistan im August 2021 hatte die Bundesrepublik Abschiebungen nach Afghanistan zun\u00e4chst ausgesetzt. Nach dreij\u00e4hriger Unterbrechung<a href=\"https:\/\/www.mdr.de\/nachrichten\/deutschland\/politik\/abschiebung-straftaeter-afghanistan-100.html\" title=\"Deutschland schiebt wieder Straft\u00e4ter nach Afghanistan ab\" target=\"_blank\" rel=\"noopener\"> startete am 30. August 2024 erneut ein Abschiebeflug <\/a>mit 28 M\u00e4nnern an Bord. Ein laut Recherchen der S\u00fcddeutschen Zeitung bis Februar 2025 angek\u00fcndigter Abschiebeflug kam offenbar nicht zustande.<\/p>\n","protected":false},"excerpt":{"rendered":"Erstmals seit August 2024 soll am Morgen wieder ein Abschiebeflug nach Afghanistan starten. Nach Recherchen von MDR und&hellip;\n","protected":false},"author":2,"featured_media":274261,"comment_status":"","ping_status":"","sticky":false,"template":"","format":"standard","meta":{"footnotes":""},"categories":[1832],"tags":[414,533,3364,29,30,71,81,382,14,859,860,861,103],"class_list":{"0":"post-274260","1":"post","2":"type-post","3":"status-publish","4":"format-standard","5":"has-post-thumbnail","7":"category-leipzig","8":"tag-abschiebung","9":"tag-asyl","10":"tag-de","11":"tag-deutschland","12":"tag-germany","13":"tag-leipzig","14":"tag-mdr","15":"tag-migration","16":"tag-nachrichten","17":"tag-sachsen","18":"tag-sachsen-anhalt","19":"tag-thueringen","20":"tag-welt"},"share_on_mastodon":{"url":"https:\/\/pubeurope.com\/@de\/114872702894577337","error":""},"_links":{"self":[{"href":"https:\/\/www.europesays.com\/de\/wp-json\/wp\/v2\/posts\/274260","targetHints":{"allow":["GET"]}}],"collection":[{"href":"https:\/\/www.europesays.com\/de\/wp-json\/wp\/v2\/posts"}],"about":[{"href":"https:\/\/www.europesays.com\/de\/wp-json\/wp\/v2\/types\/post"}],"author":[{"embeddable":true,"href":"https:\/\/www.europesays.com\/de\/wp-json\/wp\/v2\/users\/2"}],"replies":[{"embeddable":true,"href":"https:\/\/www.europesays.com\/de\/wp-json\/wp\/v2\/comments?post=274260"}],"version-history":[{"count":0,"href":"https:\/\/www.europesays.com\/de\/wp-json\/wp\/v2\/posts\/274260\/revisions"}],"wp:featuredmedia":[{"embeddable":true,"href":"https:\/\/www.europesays.com\/de\/wp-json\/wp\/v2\/media\/274261"}],"wp:attachment":[{"href":"https:\/\/www.europesays.com\/de\/wp-json\/wp\/v2\/media?parent=274260"}],"wp:term":[{"taxonomy":"category","embeddable":true,"href":"https:\/\/www.europesays.com\/de\/wp-json\/wp\/v2\/categories?post=274260"},{"taxonomy":"post_tag","embeddable":true,"href":"https:\/\/www.europesays.com\/de\/wp-json\/wp\/v2\/tags?post=274260"}],"curies":[{"name":"wp","href":"https:\/\/api.w.org\/{rel}","templated":true}]}}