{"id":274704,"date":"2025-07-18T10:01:15","date_gmt":"2025-07-18T10:01:15","guid":{"rendered":"https:\/\/www.europesays.com\/de\/274704\/"},"modified":"2025-07-18T10:01:15","modified_gmt":"2025-07-18T10:01:15","slug":"the-jazz-room-eroeffnet-seine-tueren-in-stuttgart","status":"publish","type":"post","link":"https:\/\/www.europesays.com\/de\/274704\/","title":{"rendered":"The Jazz Room er\u00f6ffnet seine T\u00fcren in Stuttgart"},"content":{"rendered":"<p>\t\t\t\t\t\t\t<img loading=\"lazy\" decoding=\"async\" src=\"https:\/\/www.europesays.com\/de\/wp-content\/uploads\/2025\/07\/5_bpjqto-small-1024x683.jpg\" class=\"img-fluid\" alt=\"F\u00fcnf Musiker und eine S\u00e4ngerin stehen auf der B\u00fchne von \" we=\"\" call=\"\" it=\"\" jazz=\"\" und=\"\" performen=\"\" zusammen=\"\" einen=\"\" song.=\"\" die=\"\" beleuchtung=\"\" ist=\"\" stimmungsvoll=\"\" auf=\"\" dem=\"\" boden=\"\" stehen=\"\" einige=\"\" kerzen.=\"\" width=\"1024\" height=\"683\"\/><\/p>\n<p><a href=\"https:\/\/feverup.com\/m\/384929\" rel=\"noopener noreferrer nofollow\" target=\"_blank\" class=\"shortcode-outbound-link\" data-has-ga=\"true\" data-ga-type=\"click\" data-label=\"https:\/\/feverup.com\/m\/384929\" data-action=\"text_cta_0\" data-tracked=\"1\" data-category=\"click_sales\" data-cp_smn_source=\"secretstuttgart\" data-cp_smn_content=\"the-jazz-room-stuttgart\" data-cp_smn_term=\"text_cta_0\">The Jazz Room<\/a> bringt den <strong>Zauber von New Orleans<\/strong> direkt nach Stuttgart! Die einzigartige Musikshow\u00a0entf\u00fchrt euch auf eine klangvolle Zeitreise in die <strong>Urspr\u00fcnge des Jazz<\/strong> \u2013 mit mitrei\u00dfenden Rhythmen, gef\u00fchlvollen Melodien und Texten direkt aus dem Leben. Stuttgarts lebendige Musikszene macht die Stadt zur perfekten B\u00fchne f\u00fcr einen Abend voller <strong>Soul, Leidenschaft und Improvisation<\/strong> und wird mit The Jazz Room\u00a0um ein unvergessliches Highlight reicher.<\/p>\n<p>Erlebt einige der beliebtesten Jazz-Klassiker live, darunter <strong>\u201eWhen The Saints Go Marching In\u201c<\/strong> und <strong>\u201eStella By Starlight\u201c<\/strong>, und lasst euch von der einzigartigen Atmosph\u00e4re in die goldene \u00c4ra des Jazz zur\u00fcckversetzen. An ausgew\u00e4hlten Terminen in den kommenden Monaten verwandelt sich das <strong>Im Wizemann<\/strong>\u00a0in eine stimmungsvolle Stra\u00dfenbar der 1920er Jahre \u2013 doch die <strong>Pl\u00e4tze sind begrenzt<\/strong>, also sichert euch schnell eure Tickets!<\/p>\n<p>\n\t\t\t\tThe Jazz Room: Eine Reise in das Herz von New Orleans<\/p>\n<p>\t\t\t\tSeptember 5, 2025 7:00 PM<\/p>\n<p><\/p>\n<p>Im Wizemann<\/p>\n<p>\n\t\t<strong>29,00\u20ac<br \/>\n\t\t<\/strong>\n\t<\/p>\n<p>Was ist The Jazz Room?<\/p>\n<p>The Jazz Room l\u00e4dt das Publikum dazu ein, f\u00fcr 75 Minuten in die Geburtsst\u00e4tte von Amerikas originellster Kunstform einzutauchen, eingebettet in die Atmosph\u00e4re einer <strong>Stra\u00dfenbar aus den 1920er Jahren in New Orleans<\/strong>. Im warmen Licht einer nostalgischen Stra\u00dfenlaterne pr\u00e4sentieren talentierte Musiker eine sorgf\u00e4ltig zusammengestellte <a href=\"https:\/\/feverup.com\/m\/384929\" rel=\"noopener noreferrer nofollow\" target=\"_blank\" class=\"shortcode-outbound-link\" data-has-ga=\"true\" data-ga-type=\"click\" data-label=\"https:\/\/feverup.com\/m\/384929\" data-action=\"text_cta_1\" data-tracked=\"1\" data-category=\"click_sales\" data-cp_smn_source=\"secretstuttgart\" data-cp_smn_content=\"the-jazz-room-stuttgart\" data-cp_smn_term=\"text_cta_1\">Auswahl an Jazzklassikern<\/a>, die die <strong>reiche Geschichte des Genres<\/strong> widerspiegeln \u2013 von einer gef\u00fchlvollen Interpretation von <strong>\u201eGeorgia On My Mind\u201c<\/strong> im Stil der legend\u00e4ren Preservation Hall Jazz Band bis hin zu Louis Armstrongs mitrei\u00dfendem <strong>\u201eOn The Sunny Side Of The Street\u201c<\/strong>.<\/p>\n<p>Jazz, seine Geschichte und die Show<\/p>\n<p>Die Entstehung des Jazz im fr\u00fchen 20. Jahrhundert in New Orleans markiert eine der bedeutendsten Entwicklungen in der Musikgeschichte. Hier trafen <strong>afrikanische Rhythmustraditionen, europ\u00e4ische Harmonieformen und karibische Einfl\u00fcsse<\/strong> aufeinander und verschmolzen zusammen zu einer neuen Kunstform. Aufbauend auf den strukturierten Kompositionen des Ragtime und der emotionalen Tiefe des Blues entwickelten die fr\u00fchen Jazzpioniere eine revolution\u00e4re Musikrichtung, die durch <strong>synkopierte Rhythmen und Improvisation<\/strong> gepr\u00e4gt war.<\/p>\n<p><a href=\"https:\/\/feverup.com\/m\/384929\" rel=\"noopener noreferrer nofollow\" target=\"_blank\" class=\"shortcode-outbound-link\" data-has-ga=\"true\" data-ga-type=\"click\" data-label=\"https:\/\/feverup.com\/m\/384929\" data-action=\"text_cta_2\" data-tracked=\"1\" data-category=\"click_sales\" data-cp_smn_source=\"secretstuttgart\" data-cp_smn_content=\"the-jazz-room-stuttgart\" data-cp_smn_term=\"text_cta_2\">The Jazz Room<\/a> ehrt dieses Erbe mit einer <strong>musikalischen Reise durch das Genre<\/strong>, die bei Klassikern aus New Orleans beginnt und sich \u00fcber instrumentale Improvisationen erstreckt. Den H\u00f6hepunkt bilden unter anderem Interpretationen von Billie Holidays <strong>\u201eSummertime\u201c<\/strong> und Ella Fitzgeralds legend\u00e4rem <strong>\u201eAll Of Me\u201c<\/strong>. W\u00e4hrend der gesamten Auff\u00fchrung treten die Musiker einzeln ins Rampenlicht und pr\u00e4sentieren <strong>improvisierte Soli<\/strong>, die sowohl technische Brillanz als auch kreative Vision demonstrieren.<\/p>\n<p><img fetchpriority=\"high\" decoding=\"async\" class=\"alignnone size-full wp-image-3822\" src=\"https:\/\/www.europesays.com\/de\/wp-content\/uploads\/2025\/04\/8_s9q3jv-1.jpg\" alt=\"F\u00fcnf Musiker und eine S\u00e4ngerin stehen auf der B\u00fchne von &quot;We call it Jazz&quot; und performen zusammen einen Song. Die Beleuchtung ist stimmungsvoll und auf dem Boden stehen einige Kerzen.\" width=\"1200\" height=\"800\"  \/><\/p>\n<p>Erhaltet einen Blick mitten in die<strong> Seele eines faszinierenden Musikstils<\/strong> und sichert euch\u00a0 jetzt eure Tickets f\u00fcr The Jazz Room\u00a0in Stuttgart. Die einzigartigen Shows finden an ausgew\u00e4hlten Terminen im charmanten Wizemann Areal statt und \u00f6ffnen ihre T\u00fcren f\u00fcr euch <strong>30 Minuten vor Beginn<\/strong>. Eine fr\u00fche Anfahrt lohnt sich, da ihr mit eurem Ticket zwar Zugang zu einem ausgew\u00e4hlten Bereich erhaltet, die Pl\u00e4tze innerhalb der verschiedenen Kategorien jedoch frei vergeben werden.<\/p>\n<p>\n\t\t\t\tThe Jazz Room: Eine Reise in das Herz von New Orleans<\/p>\n<p>\t\t\t\tSeptember 5, 2025 7:00 PM<\/p>\n<p><\/p>\n<p>Im Wizemann<\/p>\n<p>\n\t\t<strong>29,00\u20ac<br \/>\n\t\t<\/strong>\n\t<\/p>\n","protected":false},"excerpt":{"rendered":"The Jazz Room bringt den Zauber von New Orleans direkt nach Stuttgart! Die einzigartige Musikshow\u00a0entf\u00fchrt euch auf eine&hellip;\n","protected":false},"author":2,"featured_media":23467,"comment_status":"","ping_status":"","sticky":false,"template":"","format":"standard","meta":{"footnotes":""},"categories":[1830],"tags":[1634,3364,29,30,14084,14085,1441],"class_list":{"0":"post-274704","1":"post","2":"type-post","3":"status-publish","4":"format-standard","5":"has-post-thumbnail","7":"category-stuttgart","8":"tag-baden-wuerttemberg","9":"tag-de","10":"tag-deutschland","11":"tag-germany","12":"tag-jazz","13":"tag-kleiner-auftritt","14":"tag-stuttgart"},"share_on_mastodon":{"url":"https:\/\/pubeurope.com\/@de\/114873662554337844","error":""},"_links":{"self":[{"href":"https:\/\/www.europesays.com\/de\/wp-json\/wp\/v2\/posts\/274704","targetHints":{"allow":["GET"]}}],"collection":[{"href":"https:\/\/www.europesays.com\/de\/wp-json\/wp\/v2\/posts"}],"about":[{"href":"https:\/\/www.europesays.com\/de\/wp-json\/wp\/v2\/types\/post"}],"author":[{"embeddable":true,"href":"https:\/\/www.europesays.com\/de\/wp-json\/wp\/v2\/users\/2"}],"replies":[{"embeddable":true,"href":"https:\/\/www.europesays.com\/de\/wp-json\/wp\/v2\/comments?post=274704"}],"version-history":[{"count":0,"href":"https:\/\/www.europesays.com\/de\/wp-json\/wp\/v2\/posts\/274704\/revisions"}],"wp:featuredmedia":[{"embeddable":true,"href":"https:\/\/www.europesays.com\/de\/wp-json\/wp\/v2\/media\/23467"}],"wp:attachment":[{"href":"https:\/\/www.europesays.com\/de\/wp-json\/wp\/v2\/media?parent=274704"}],"wp:term":[{"taxonomy":"category","embeddable":true,"href":"https:\/\/www.europesays.com\/de\/wp-json\/wp\/v2\/categories?post=274704"},{"taxonomy":"post_tag","embeddable":true,"href":"https:\/\/www.europesays.com\/de\/wp-json\/wp\/v2\/tags?post=274704"}],"curies":[{"name":"wp","href":"https:\/\/api.w.org\/{rel}","templated":true}]}}