{"id":274721,"date":"2025-07-18T10:11:10","date_gmt":"2025-07-18T10:11:10","guid":{"rendered":"https:\/\/www.europesays.com\/de\/274721\/"},"modified":"2025-07-18T10:11:10","modified_gmt":"2025-07-18T10:11:10","slug":"queere-community-berlin-feiert-lesbisch-schwules-stadtfest","status":"publish","type":"post","link":"https:\/\/www.europesays.com\/de\/274721\/","title":{"rendered":"Queere Community: Berlin feiert lesbisch-schwules Stadtfest"},"content":{"rendered":"<p class=\"paragraph article__item\">Eine Woche vor dem Berliner Chrstopher Street Day (<a class=\"rtr-entity\" href=\"https:\/\/www.zeit.de\/thema\/christopher-street-day\" rel=\"nofollow noopener\" target=\"_blank\">CSD<\/a>) feiert die queere Community in Sch\u00f6neberg ihr lesbisch-schwules Stadtfest. \u00abGleiche Rechte f\u00fcr Ungleiche \u2013 weltweit!\u00bb lautet dabei traditionell das Motto. Der Regenbogenfonds der schwulen Wirte e. V. als Veranstalter rechnet am Samstag und Sonntag mit rund 350.000 Besucherinnen und Besuchern im Regenbogenkiez um den Nollendorfplatz. \u00a0\n<\/p>\n<p>Aktuelles<\/p>\n<p>                <a href=\"https:\/\/www.zeit.de\/gesellschaft\/2025-07\/csd-koeln-tausende-teilnehmer\" data-ct-label=\"CSD K\u00f6ln: Hunderttausende demonstrieren bei Pride-Parade in K\u00f6ln\" rel=\"nofollow noopener\" target=\"_blank\"><\/p>\n<p>                        CSD K\u00f6ln:<br \/>\n                        Hunderttausende demonstrieren bei Pride-Parade in K\u00f6ln<\/p>\n<p>                <\/a><\/p>\n<p>                <a href=\"https:\/\/www.zeit.de\/politik\/ausland\/2025-06\/von-der-leyen-kritisiert-pride-verbot-budapest\" data-ct-label=\"Budapest Pride: Ursula von der Leyen kritisiert Verbot von Pride-Parade in Budapest\" rel=\"nofollow noopener\" target=\"_blank\"><\/p>\n<p>                        Budapest Pride:<br \/>\n                        Ursula von der Leyen kritisiert Verbot von Pride-Parade in Budapest<\/p>\n<p>                <\/a><\/p>\n<p>                <a href=\"https:\/\/www.zeit.de\/gesellschaft\/2025-06\/csd-deutschland-muenchen-leipzig-lgbtq\" data-ct-label=\"Demonstrationen: Hunderttausende Menschen feiern CSD in Deutschland\" rel=\"nofollow noopener\" target=\"_blank\"><\/p>\n<p>                        Demonstrationen:<br \/>\n                        Hunderttausende Menschen feiern CSD in Deutschland<\/p>\n<p>                <\/a><\/p>\n<p class=\"paragraph article__item\">Es wird inzwischen zum 31. Mal gefeiert, am Samstag von 11.00 bis 24.00, am Sonntag von 11.00 bis 22.00 Uhr. \u00abEs ist ein Klassiker\u00bb, sagte Dieter Schneider, einer der Organisatoren.\u00a0\n<\/p>\n<p class=\"paragraph article__item\">Die Er\u00f6ffnung \u00fcbernimmt am Samstagvormittag die ehemalige Bezirksb\u00fcrgermeisterin von Tempelhof-Sch\u00f6neberg, Elisabeth Ziemer. <a class=\"rtr-entity\" href=\"https:\/\/www.zeit.de\/thema\/berlin\" rel=\"nofollow noopener\" target=\"_blank\">Berlins<\/a> ehemaliger Regierender B\u00fcrgermeister Klaus Wowereit (SPD) sollte das Fest miter\u00f6ffnen, habe aber kurzfristig abgesagt, erkl\u00e4rte Schneider.\u00a0\n<\/p>\n<p class=\"paragraph article__item\">Auf den Stra\u00dfen im Kiez pr\u00e4sentieren sich viele queere Projekte, Initiativen, Vereine, L\u00e4den und Organisationen und geben Einblick in ihr Engagement und ihre Arbeit. Zu einem Rundgang hat sich am fr\u00fchen Samstagnachmittag auch der jetzige Regierende B\u00fcrgermeister Kai Wegner (CDU) angek\u00fcndigt.\u00a0\n<\/p>\n<p>                Live-Musik und Politk-Talk gibt es auch        <\/p>\n<p class=\"paragraph article__item\">Auf sechs B\u00fchnen gibt es unter anderem Live-Auftritte queerer Musiker. \u00abEin buntes Programm von Rock und Pop bis Klassik\u00bb, k\u00fcndigte Schneider an. Neu in diesem Jahr ist eine B\u00fchne, die sich dem Thema Fetisch widmet.\u00a0\n<\/p>\n<p class=\"paragraph article__item\">Diskutiert wird bei der Polit-Talkshow \u00abDas wilde Sofa\u00bb am Samstag von\u00a016.00 bis 18.15 Uhr auf der Stadtfestb\u00fchne an der Eisenacher-\/Ecke Fuggerstra\u00dfe. Auf dem Podium werden unter anderen die Linke-Abgeordnete und Ex-Sozialsenatorin Elke Breitenbach erwartet sowie der fr\u00fchere Regierende B\u00fcrgermeister Michael M\u00fcller (<a class=\"rtr-entity\" href=\"https:\/\/www.zeit.de\/thema\/spd\" rel=\"nofollow noopener\" target=\"_blank\">SPD<\/a>).\n<\/p>\n<p class=\"paragraph article__item\">Weitere Talkg\u00e4ste sind die Frauenrechtlerin und Imamin Seyran Ate\u015f und die Ansprechperson der Polizei Berlin f\u00fcr Lesben, Schwule, Bisexuelle, trans-, intergeschlechtliche und queere Menschen, Anne von Knoblauch.\n<\/p>\n<p class=\"paragraph article__item\">Als queer bezeichnen sich nicht-heterosexuelle Menschen beziehungsweise Menschen, die sich nicht mit dem traditionellen Rollenbild von Mann und Frau oder anderen gesellschaftlichen Normen rund um Geschlecht und Sexualit\u00e4t identifizieren.\n<\/p>\n<p class=\"paragraph article__item\">\u00a9 dpa-infocom, dpa:250718-930-812335\/1<\/p>\n","protected":false},"excerpt":{"rendered":"Eine Woche vor dem Berliner Chrstopher Street Day (CSD) feiert die queere Community in Sch\u00f6neberg ihr lesbisch-schwules Stadtfest.&hellip;\n","protected":false},"author":2,"featured_media":274722,"comment_status":"","ping_status":"","sticky":false,"template":"","format":"standard","meta":{"footnotes":""},"categories":[1825],"tags":[26359,1941,1939,296,1937,30485,29,82254,30,1940,15,1938,82255,79470,14037,17644,184],"class_list":{"0":"post-274721","1":"post","2":"type-post","3":"status-publish","4":"format-standard","5":"has-post-thumbnail","7":"category-berlin","8":"tag-stadtfest","9":"tag-aktuelle-nachrichten-aus-berlin","10":"tag-aktuelle-news-aus-berlin","11":"tag-berlin","12":"tag-berlin-news","13":"tag-christopher-street-day","14":"tag-deutschland","15":"tag-dieter-schneider","16":"tag-germany","17":"tag-nachrichten-aus-berlin","18":"tag-news","19":"tag-news-aus-berlin","20":"tag-nollendorfplatz","21":"tag-queere-community","22":"tag-queerness","23":"tag-schoeneberg","24":"tag-spd"},"share_on_mastodon":{"url":"https:\/\/pubeurope.com\/@de\/114873702505429918","error":""},"_links":{"self":[{"href":"https:\/\/www.europesays.com\/de\/wp-json\/wp\/v2\/posts\/274721","targetHints":{"allow":["GET"]}}],"collection":[{"href":"https:\/\/www.europesays.com\/de\/wp-json\/wp\/v2\/posts"}],"about":[{"href":"https:\/\/www.europesays.com\/de\/wp-json\/wp\/v2\/types\/post"}],"author":[{"embeddable":true,"href":"https:\/\/www.europesays.com\/de\/wp-json\/wp\/v2\/users\/2"}],"replies":[{"embeddable":true,"href":"https:\/\/www.europesays.com\/de\/wp-json\/wp\/v2\/comments?post=274721"}],"version-history":[{"count":0,"href":"https:\/\/www.europesays.com\/de\/wp-json\/wp\/v2\/posts\/274721\/revisions"}],"wp:featuredmedia":[{"embeddable":true,"href":"https:\/\/www.europesays.com\/de\/wp-json\/wp\/v2\/media\/274722"}],"wp:attachment":[{"href":"https:\/\/www.europesays.com\/de\/wp-json\/wp\/v2\/media?parent=274721"}],"wp:term":[{"taxonomy":"category","embeddable":true,"href":"https:\/\/www.europesays.com\/de\/wp-json\/wp\/v2\/categories?post=274721"},{"taxonomy":"post_tag","embeddable":true,"href":"https:\/\/www.europesays.com\/de\/wp-json\/wp\/v2\/tags?post=274721"}],"curies":[{"name":"wp","href":"https:\/\/api.w.org\/{rel}","templated":true}]}}