{"id":274997,"date":"2025-07-18T12:45:10","date_gmt":"2025-07-18T12:45:10","guid":{"rendered":"https:\/\/www.europesays.com\/de\/274997\/"},"modified":"2025-07-18T12:45:10","modified_gmt":"2025-07-18T12:45:10","slug":"koeln-polizei-stellt-diebesgut-bei-schwerpunktaktion-sicher-regional","status":"publish","type":"post","link":"https:\/\/www.europesays.com\/de\/274997\/","title":{"rendered":"K\u00f6ln: Polizei stellt Diebesgut bei Schwerpunktaktion sicher | Regional"},"content":{"rendered":"<p>K\u00f6ln \u2013 <b>Polizisten haben am Donnerstag, dem 17.07., gegen 15.40 Uhr bei einer Aktion in Kalk zwei M\u00e4nner mit Diebesgut erwischt.<\/b><\/p>\n<p>Die beiden, 41 und 43 Jahre alt, sa\u00dfen auf einer Bank an der Vorsterstra\u00dfe und sortierten gestohlene Debitkarten. Die wohnsitzlosen Drogenkonsumenten hatten eine Apple Watch, einen MP3-Player und einen Autoschl\u00fcssel bei sich. Zus\u00e4tzlich hatte ein Mann mehrere US-Dollar und Euroscheine sowie ein Ladekabel bei sich.<\/p>\n<p>Auch interessant<\/p>\n<p>Anzeige<\/p>\n<p>Auch interessant<\/p>\n<p>Anzeige<\/p>\n<p>Die gestohlenen Gegenst\u00e4nde stammten aus zwei in der N\u00e4he geparkten Autos und einer Handtasche, die im Juni 2025 einer 49-J\u00e4hrigen entwendet worden war. Eine Debitkarte war bereits achtmal benutzt worden. Beide M\u00e4nner wurden festgenommen.<\/p>\n<p>Ein weiterer Einsatz an der Germaniastra\u00dfe im Ortsteil H\u00f6henberg f\u00fchrte zur Festnahme eines 33-J\u00e4hrigen auf einem E-Scooter ohne Kennzeichen. Der Mann versuchte, Kokain zu verstecken, und ein Drogenvortest fiel positiv aus. Gegen ihn lag ein Haftbefehl vor. Bei der Verhaftung versuchte er zu fliehen, wurde aber schnell \u00fcberw\u00e4ltigt und ins Polizeipr\u00e4sidium gebracht.<\/p>\n<p>Dieser Text basiert auf einer offiziellen Beh\u00f6rden-Information und wurde mit Hilfe von KI erstellt.<\/p>\n","protected":false},"excerpt":{"rendered":"K\u00f6ln \u2013 Polizisten haben am Donnerstag, dem 17.07., gegen 15.40 Uhr bei einer Aktion in Kalk zwei M\u00e4nner&hellip;\n","protected":false},"author":2,"featured_media":246493,"comment_status":"","ping_status":"","sticky":false,"template":"","format":"standard","meta":{"footnotes":""},"categories":[1828],"tags":[29,1686,1994,30,2509,1420,1209,45,1995],"class_list":{"0":"post-274997","1":"post","2":"type-post","3":"status-publish","4":"format-standard","5":"has-post-thumbnail","7":"category-koeln","8":"tag-deutschland","9":"tag-diebstahl","10":"tag-drogenhandel","11":"tag-germany","12":"tag-ki-ots","13":"tag-koeln","14":"tag-nordrhein-westfalen","15":"tag-texttospeech","16":"tag-verbrechen"},"share_on_mastodon":{"url":"https:\/\/pubeurope.com\/@de\/114874307358024848","error":""},"_links":{"self":[{"href":"https:\/\/www.europesays.com\/de\/wp-json\/wp\/v2\/posts\/274997","targetHints":{"allow":["GET"]}}],"collection":[{"href":"https:\/\/www.europesays.com\/de\/wp-json\/wp\/v2\/posts"}],"about":[{"href":"https:\/\/www.europesays.com\/de\/wp-json\/wp\/v2\/types\/post"}],"author":[{"embeddable":true,"href":"https:\/\/www.europesays.com\/de\/wp-json\/wp\/v2\/users\/2"}],"replies":[{"embeddable":true,"href":"https:\/\/www.europesays.com\/de\/wp-json\/wp\/v2\/comments?post=274997"}],"version-history":[{"count":0,"href":"https:\/\/www.europesays.com\/de\/wp-json\/wp\/v2\/posts\/274997\/revisions"}],"wp:featuredmedia":[{"embeddable":true,"href":"https:\/\/www.europesays.com\/de\/wp-json\/wp\/v2\/media\/246493"}],"wp:attachment":[{"href":"https:\/\/www.europesays.com\/de\/wp-json\/wp\/v2\/media?parent=274997"}],"wp:term":[{"taxonomy":"category","embeddable":true,"href":"https:\/\/www.europesays.com\/de\/wp-json\/wp\/v2\/categories?post=274997"},{"taxonomy":"post_tag","embeddable":true,"href":"https:\/\/www.europesays.com\/de\/wp-json\/wp\/v2\/tags?post=274997"}],"curies":[{"name":"wp","href":"https:\/\/api.w.org\/{rel}","templated":true}]}}