{"id":275106,"date":"2025-07-18T13:49:10","date_gmt":"2025-07-18T13:49:10","guid":{"rendered":"https:\/\/www.europesays.com\/de\/275106\/"},"modified":"2025-07-18T13:49:10","modified_gmt":"2025-07-18T13:49:10","slug":"pol-du-huettenheim-oeffentlichkeitsfahndung-nach-sexueller-belaestigung","status":"publish","type":"post","link":"https:\/\/www.europesays.com\/de\/275106\/","title":{"rendered":"POL-DU: H\u00fcttenheim: \u00d6ffentlichkeitsfahndung nach sexueller Bel\u00e4stigung"},"content":{"rendered":"<p class=\"date\">18.07.2025 \u2013 15:19<\/p>\n<p class=\"customer\">\n                        <a class=\"story-customer\" title=\"weiter zum newsroom von Polizei Duisburg\" href=\"https:\/\/www.presseportal.de\/blaulicht\/nr\/50510\" rel=\"nofollow noopener\" target=\"_blank\">Polizei Duisburg<\/a>\n                    <\/p>\n<p><a data-category=\"citylink-story-view\" data-action=\"click\" data-label=\"Citylink in Meldungsansicht\" class=\"story-city event-trigger\" href=\"https:\/\/www.presseportal.de\/regional\/Duisburg\" title=\"News aus Duisburg \" rel=\"nofollow noopener\" target=\"_blank\">Duisburg<\/a> (ots)<\/p>\n<p>Die Polizei Duisburg fahndet mit Bildern aus einer \u00dcberwachungskamera nach einem bislang unbekannten Mann. Er soll sich am 18. Februar 2025 gegen 9:00 Uhr in einer Stra\u00dfenbahn der Linie 903 in Richtung H\u00fcttenheim zu einer Frau (46) gesetzt haben.<\/p>\n<p>Als er ihr unvermittelt ein Nacktbild einer unbekannten Frau aus dem Internet zeigte, lehnte die 46-J\u00e4hrige ein weiteres Gespr\u00e4ch ab.<\/p>\n<p>Als der Unbekannte aufstand, um die Stra\u00dfenbahn an der Haltestelle Emilstra\u00dfe zu verlassen, bemerkte die Gesch\u00e4digte, dass das Geschlechtsteil des Mannes aus seiner Hose hing.<\/p>\n<p>Ein Foto des Unbekannten und eine Personenbeschreibung sind \u00fcber das Fahndungsportal der Polizei NRW abrufbar: <a target=\"_blank\" class=\"uri-ext outbound\" rel=\"noopener nofollow\" href=\"https:\/\/polizei.nrw\/fahndung\/174870\">https:\/\/polizei.nrw\/fahndung\/174870<\/a><\/p>\n<p>Die Ermittler fragen: Wer kennt den abgebildeten Mann oder kann Hinweise zu seiner Identit\u00e4t geben? Hinweise nimmt das Kriminalkommissariat 12 unter der Telefonnummer 0203 2800 entgegen.<\/p>\n<p class=\"contact-headline\">Journalisten wenden sich mit R\u00fcckfragen bitte an:<\/p>\n<p class=\"contact-text\">Polizei Duisburg<br \/>&#8211; Pressestelle &#8211;<br \/>Polizei Duisburg<br \/>Telefon: 0203 280 -1041, -1045, -1046, -1047<br \/>Fax: 0203 280 1049<br \/>E-Mail: <a href=\"https:\/\/www.presseportal.de\/blaulicht\/pm\/50510\/mailto: pressestelle.duisburg@polizei.nrw.de\" class=\"uri-mailto\" rel=\"nofollow noopener\" target=\"_blank\"> pressestelle.duisburg@polizei.nrw.de<\/a><br \/><a target=\"_blank\" class=\"uri-ext outbound\" rel=\"noopener nofollow\" href=\"https:\/\/duisburg.polizei.nrw\">https:\/\/duisburg.polizei.nrw<\/a><\/p>\n<p>au\u00dferhalb der B\u00fcrodienstzeiten:<br \/>Polizei Duisburg<br \/>Telefon: 0203 2800<\/p>\n<p class=\"originator\">Original-Content von: Polizei Duisburg, \u00fcbermittelt durch news aktuell<\/p>\n","protected":false},"excerpt":{"rendered":"18.07.2025 \u2013 15:19 Polizei Duisburg Duisburg (ots) Die Polizei Duisburg fahndet mit Bildern aus einer \u00dcberwachungskamera nach einem&hellip;\n","protected":false},"author":2,"featured_media":108,"comment_status":"","ping_status":"","sticky":false,"template":"","format":"standard","meta":{"footnotes":""},"categories":[1838],"tags":[3364,29,3715,30,177,1209,176,121,178,180,179,181],"class_list":{"0":"post-275106","1":"post","2":"type-post","3":"status-publish","4":"format-standard","5":"has-post-thumbnail","7":"category-duisburg","8":"tag-de","9":"tag-deutschland","10":"tag-duisburg","11":"tag-germany","12":"tag-kriminalitt","13":"tag-nordrhein-westfalen","14":"tag-nrw","15":"tag-polizei","16":"tag-presse","17":"tag-pressemeldung","18":"tag-pressemitteilung","19":"tag-pressemitteilungen"},"share_on_mastodon":{"url":"https:\/\/pubeurope.com\/@de\/114874558923081184","error":""},"_links":{"self":[{"href":"https:\/\/www.europesays.com\/de\/wp-json\/wp\/v2\/posts\/275106","targetHints":{"allow":["GET"]}}],"collection":[{"href":"https:\/\/www.europesays.com\/de\/wp-json\/wp\/v2\/posts"}],"about":[{"href":"https:\/\/www.europesays.com\/de\/wp-json\/wp\/v2\/types\/post"}],"author":[{"embeddable":true,"href":"https:\/\/www.europesays.com\/de\/wp-json\/wp\/v2\/users\/2"}],"replies":[{"embeddable":true,"href":"https:\/\/www.europesays.com\/de\/wp-json\/wp\/v2\/comments?post=275106"}],"version-history":[{"count":0,"href":"https:\/\/www.europesays.com\/de\/wp-json\/wp\/v2\/posts\/275106\/revisions"}],"wp:featuredmedia":[{"embeddable":true,"href":"https:\/\/www.europesays.com\/de\/wp-json\/wp\/v2\/media\/108"}],"wp:attachment":[{"href":"https:\/\/www.europesays.com\/de\/wp-json\/wp\/v2\/media?parent=275106"}],"wp:term":[{"taxonomy":"category","embeddable":true,"href":"https:\/\/www.europesays.com\/de\/wp-json\/wp\/v2\/categories?post=275106"},{"taxonomy":"post_tag","embeddable":true,"href":"https:\/\/www.europesays.com\/de\/wp-json\/wp\/v2\/tags?post=275106"}],"curies":[{"name":"wp","href":"https:\/\/api.w.org\/{rel}","templated":true}]}}