{"id":275150,"date":"2025-07-18T14:12:10","date_gmt":"2025-07-18T14:12:10","guid":{"rendered":"https:\/\/www.europesays.com\/de\/275150\/"},"modified":"2025-07-18T14:12:10","modified_gmt":"2025-07-18T14:12:10","slug":"vor-konzert-olympiapark-gmbh-distanziert-sich-von-xavier-naidoo","status":"publish","type":"post","link":"https:\/\/www.europesays.com\/de\/275150\/","title":{"rendered":"Vor Konzert: Olympiapark GmbH distanziert sich von Xavier Naidoo"},"content":{"rendered":"<p>Die Reaktionen folgten prompt: &#8222;Wenn ihr euch von dem K\u00fcnstler distanziert, lasst ihn halt nicht bei euch auftreten??&#8220; ist die Frage, die seither die Nutzerinnen und Nutzer umtreibt. Unverst\u00e4ndnis und Spott bestimmte die Diskussion in den Kommentaren. Die Veranstalter reagierten schlie\u00dflich ihrerseits mit einer Stellungnahme auf der Kurznachrichten-App Threads und verwies dabei auf den sogenannten Kontrahierungszwang.<\/p>\n<p>&#8222;K\u00f6nnen Veranstaltungen nicht nach eigenem Ermessen ablehnen&#8220;<\/p>\n<p>Man habe eine klare Haltung, die fest im Leitbild der Olympiapark GmbH verankert sei, hei\u00dft es in der Stellungnahme. &#8222;Aber als \u00f6ffentliches Unternehmen unterliegen wir dem Kontrahierungszwang und k\u00f6nnen Veranstaltungen nicht nach eigenem Ermessen einfach ablehnen. Es gibt mehrere Beispiele umstrittener Veranstaltungen aus den letzten Jahren.&#8220; Sofern keine strafrechtliche Relevanz oder sogar ein Verbot einer Organisation vorliege, &#8222;haben wir keine Handhabe&#8220;.<\/p>\n<p>Abschlusszwang eher die Ausnahme bei Veranstaltern<\/p>\n<p>Kontrahierungszwang bedeutet, dass eine Partei gesetzlich verpflichtet ist, einen Vertrag mit einer anderen Partei abzuschlie\u00dfen, auch wenn sie dies nicht m\u00f6chte. \u00d6ffentliche Unternehmen unterliegen grunds\u00e4tzlich keinem Kontrahierungszwang. Ein Veranstalter kann aber unter bestimmten Umst\u00e4nden, insbesondere wenn er eine marktbeherrschende Stellung innehat oder eine Dienstleistung der Daseinsvorsorge anbietet, einem Kontrahierungszwang unterliegen. Das bedeutet, er ist verpflichtet, einen Vertrag mit jedem abzuschlie\u00dfen, der die entsprechenden Voraussetzungen erf\u00fcllt, auch wenn er dies aus freien St\u00fccken nicht tun w\u00fcrde. <\/p>\n<p>Nutzer werfen Olympiapark &#8222;Scheinheiligkeit&#8220; und Profitgier vor<\/p>\n<p>In den sozialen Medien st\u00f6\u00dft die Stellungnahme teils auf Verst\u00e4ndnis, teils auf Unverst\u00e4ndnis, wie bei diesem Kommentator: \u201eUnd wie kommt es dann, dass diverse Veranstalter AfD und anderen rechten\/rechtsextremen Vereinigungen die Veranstaltungen canceln, aber ihr nicht? Shady&#8230;\u201c. Eine andere Userin kritisiert:<\/p>\n<p>&#8222;Der Olympiapark M\u00fcnchen nimmt das in die Kasse gesp\u00fclte Geld aber trotzdem gern mit. Mehr Scheinheiligkeit geht kaum.&#8220; Die Veranstalter empfehlen daraufhin, &#8222;einfach mal Kontrahierungszwang&#8220; zu &#8222;googeln&#8220;. Andere stellen die Frage: &#8222;Habt ihr auch einen Zwang das zu bewerben?&#8220; Der Kontrahierungszwang schreibe keine Werbung vor.<\/p>\n<p>Verschw\u00f6rungstheorien und Leugnung des Holocausts <\/p>\n<p>Xavier Naidoo kehrt im kommenden Jahr nach sechs Jahren Auszeit auf die B\u00fchne zur\u00fcck. Am 8. und 9. Januar 2026 tritt der S\u00e4nger in der M\u00fcnchner Olympiahalle auf. Vor seinem R\u00fcckzug aus der \u00d6ffentlichkeit hatte er immer wieder f\u00fcr Aufsehen gesorgt. Der geb\u00fcrtige Mannheimer driftete schon vor der Pandemie in die Verschw\u00f6rungstheoretiker-Szene ab. Er sympathisierte mit Reichsb\u00fcrgern, \u00e4u\u00dferte sich <a href=\"https:\/\/www.br.de\/nachrichten\/kultur\/xavier-naidoo-gewinnt-klage-gegen-antisemitismus-vorwurf-100,Qy2fZQ3\" target=\"_blank\" rel=\"noopener\">antisemitisch<\/a>, leugnete sogar den Holocaust. In einem Interview bezeichnete er sich selbst einmal als &#8222;Rassist, aber ohne Ansehen der Hautfarbe&#8220;. <\/p>\n<p>Vor allem w\u00e4hrend der Corona-Pandemie wurden seine zweifelhaften Ansichten bekannt: Er leugnete die Pandemie und verbreitete Theorien der rechtsextremen Gruppierung QAnon, trat auch bei den Querdenkern auf.<\/p>\n<p>Naidoos Comeback als &#8222;Gel\u00e4uterter&#8220;? <\/p>\n<p>2022 dann die Kehrtwende: S\u00e4nger Xavier Naidoo erkl\u00e4rte in einer Videobotschaft auf Youtube, <a href=\"https:\/\/www.br.de\/nachrichten\/deutschland-welt\/xavier-naidoo-entschuldigt-sich-fuer-verschwoerungsideologien,T3Vuyj6\" target=\"_blank\" rel=\"noopener\">sich in Verschw\u00f6rungserz\u00e4hlungen verrannt zu haben<\/a>. &#8222;Ich habe mich Theorien, Sichtweisen und teilweise auch Gruppierungen ge\u00f6ffnet, von denen ich mich ohne Wenn und Aber distanziere und lossage&#8220;, sagte der 50-J\u00e4hrige in dem Clip mit dem Titel &#8222;#OneLove&#8220; damals. Er sei von Verschw\u00f6rungserz\u00e4hlungen &#8222;geblendet&#8220; gewesen, habe diese nicht genug hinterfragt und sich zum Teil instrumentalisieren lassen. Das habe er leider jetzt erst erkannt. &#8222;Ich habe Dinge gesagt und getan, die ich heute bereue&#8220;, sagte Musiker. Kritiker nahmen ihm den Sinneswandel nicht ab, manche hielten ihn f\u00fcr eine Marketingstrategie. Ob Naidoo wieder mit \u00c4u\u00dferungen f\u00fcr Wirbel sorgen wird, bleibt abzuwarten. Die Olympiapark-Veranstalter haben jedenfalls schon mal Vorkehrungen getroffen, um dann nicht in einen Skandal hineinzuschlittern.   <\/p>\n","protected":false},"excerpt":{"rendered":"Die Reaktionen folgten prompt: &#8222;Wenn ihr euch von dem K\u00fcnstler distanziert, lasst ihn halt nicht bei euch auftreten??&#8220;&hellip;\n","protected":false},"author":2,"featured_media":275151,"comment_status":"","ping_status":"","sticky":false,"template":"","format":"standard","meta":{"footnotes":""},"categories":[1827],"tags":[772,162,29,30,1268,58756,2007,809,82341,42014,27457,5792,76051],"class_list":{"0":"post-275150","1":"post","2":"type-post","3":"status-publish","4":"format-standard","5":"has-post-thumbnail","7":"category-muenchen","8":"tag-bayern","9":"tag-coronavirus","10":"tag-deutschland","11":"tag-germany","12":"tag-muenchen","13":"tag-olympiahalle-muenchen","14":"tag-olympiapark","15":"tag-popmusik","16":"tag-qanon","17":"tag-reichsbuerger","18":"tag-soul","19":"tag-verschwoerungstheorien","20":"tag-xavier-naidoo"},"share_on_mastodon":{"url":"https:\/\/pubeurope.com\/@de\/114874649321088277","error":""},"_links":{"self":[{"href":"https:\/\/www.europesays.com\/de\/wp-json\/wp\/v2\/posts\/275150","targetHints":{"allow":["GET"]}}],"collection":[{"href":"https:\/\/www.europesays.com\/de\/wp-json\/wp\/v2\/posts"}],"about":[{"href":"https:\/\/www.europesays.com\/de\/wp-json\/wp\/v2\/types\/post"}],"author":[{"embeddable":true,"href":"https:\/\/www.europesays.com\/de\/wp-json\/wp\/v2\/users\/2"}],"replies":[{"embeddable":true,"href":"https:\/\/www.europesays.com\/de\/wp-json\/wp\/v2\/comments?post=275150"}],"version-history":[{"count":0,"href":"https:\/\/www.europesays.com\/de\/wp-json\/wp\/v2\/posts\/275150\/revisions"}],"wp:featuredmedia":[{"embeddable":true,"href":"https:\/\/www.europesays.com\/de\/wp-json\/wp\/v2\/media\/275151"}],"wp:attachment":[{"href":"https:\/\/www.europesays.com\/de\/wp-json\/wp\/v2\/media?parent=275150"}],"wp:term":[{"taxonomy":"category","embeddable":true,"href":"https:\/\/www.europesays.com\/de\/wp-json\/wp\/v2\/categories?post=275150"},{"taxonomy":"post_tag","embeddable":true,"href":"https:\/\/www.europesays.com\/de\/wp-json\/wp\/v2\/tags?post=275150"}],"curies":[{"name":"wp","href":"https:\/\/api.w.org\/{rel}","templated":true}]}}