{"id":275168,"date":"2025-07-18T14:22:14","date_gmt":"2025-07-18T14:22:14","guid":{"rendered":"https:\/\/www.europesays.com\/de\/275168\/"},"modified":"2025-07-18T14:22:14","modified_gmt":"2025-07-18T14:22:14","slug":"annalynne-mccord-90210-star-feiert-liebescomeback-mit-dem-ex","status":"publish","type":"post","link":"https:\/\/www.europesays.com\/de\/275168\/","title":{"rendered":"AnnaLynne McCord: &#8222;90210&#8220;-Star feiert Liebescomeback mit dem Ex"},"content":{"rendered":"<p>AnnaLynne McCord<br \/>\n&#8222;90210&#8220;-Star feiert Liebescomeback mit dem Ex<\/p>\n<p><img class=\"image image-element__image\"   src=\"https:\/\/www.europesays.com\/de\/wp-content\/uploads\/2025\/07\/annalynne-mccord-danny-cipriani.jpg\" alt=\"AnnaLynne McCord und Danny Cipriani\" decoding=\"async\" fetchpriority=\"high\" loading=\"eager\"\/><br \/>\n<a href=\"https:\/\/image.gala.de\/24420648\/t\/xu\/v5\/w2048\/r1.5\/-\/annalynne-mccord-danny-cipriani.jpg#Michael%20Tullberg%20%2F%20Getty%20Images\" class=\"image__magnifier\" aria-label=\"Vergr\u00f6\u00dfern\" rel=\"nofollow noopener\" target=\"_blank\"><\/p>\n<p> <a href=\"https:\/\/www.gala.de\/stars\/starportraets\/annalynne-mccord-21431852.html\" data-article-type=\"star-portrait\" rel=\"nofollow noopener\" target=\"_blank\">AnnaLynne McCord<\/a> und Danny Cipriani <\/p>\n<p>\u00a9 Michael Tullberg \/ Getty Images<\/p>\n<p>\nNach einer Phase der Trennung haben AnnaLynne McCord und ihr Ex-Freund Danny Cipriani wieder zueinander gefunden. Das Paar zelebriert seinen Neuanfang in aller \u00d6ffentlichkeit.\n<\/p>\n<p class=\"text-element u-richtext u-typo u-typo--article-text article__text-element text-element--context-article\"> Zweite Chancen sind selten \u2013 und umso besonderer, wenn sie gelingen: Sechs Monate nach ihrer Trennung zeigen sich <a class=\"link--person\" data-target-type=\"article\" href=\"https:\/\/www.gala.de\/stars\/starportraets\/annalynne-mccord-21431852.html\" rel=\"nofollow noopener\" target=\"_blank\">AnnaLynne McCord<\/a>, 38, und <a class=\"\" data-target-type=\"article\" href=\"https:\/\/www.gala.de\/stars\/news\/themen\/danny-cipriani-24092072.html\" rel=\"nofollow noopener\" target=\"_blank\">Daniel &#8222;Danny&#8220; Cipriani<\/a>, 37, wieder frisch verliebt. Auf einer Party anl\u00e4sslich der Emmy-Nominierungen am Donnerstag, 17. Juli 2025, feierten die Schauspielerin und der Ex-Rugby-Profi, der als eines der gr\u00f6\u00dften Talente Englands galt, ihr Liebescomeback.<\/p>\n<p>AnnaLynne McCord und Danny Cipriani zeigen sich wieder frisch verliebt<\/p>\n<p class=\"text-element u-richtext u-typo u-typo--article-text article__text-element text-element--context-article\"> Das einstige Ex-Paar schien an jenem Abend gl\u00fccklicher denn je. Cipriani setzte bei ihrem Date auf ein schwarzes Kurzarmhemd, eine farblich abgestimmte Hose und klobige Sneakers. McCord pr\u00e4sentierte sich hingegen in einem schwarzen Minirock mit passendem Oberteil und streckte ihre Silhouette mit nudefarbenen High Heels, als sie sich liebevoll an die Brust ihres Partners schmiegte.<\/p>\n<p class=\"text-element u-richtext u-typo u-typo--article-text article__text-element text-element--context-article\"> Vor den Linsen der Fotograf:innen gaben sich die beiden sogar einen Kuss, wie <a class=\"link--external\" href=\"https:\/\/www.dailymail.co.uk\/tvshowbiz\/article-14917461\/Danny-Cipriani-AnnaLynne-McCord-Emmy-nominations-split.html\" rel=\"nofollow noopener\" target=\"_blank\">Bilder, die &#8222;Daily Mail&#8220; vorliegen<\/a>, zeigten. Wenige Stunden zuvor machte Cipriani der &#8222;90210&#8220;-Darstellerin noch eine \u00f6ffentliche Liebeserkl\u00e4rung. Anl\u00e4sslich ihres Geburtstages am Mittwoch, 16. Juli, teilte er ein aktuelles P\u00e4rchenfoto. Dazu hie\u00df es: &#8222;Dein Licht strahlt so hell, denn du siehst das Licht in jedem Menschen, dem du begegnest. Du schenkst dein Herz so m\u00fchelos. Mit deinem Sternenstaub schaffst du \u00fcberall, wo du hingehst, eine Welt der Einheit und Liebe. Ich liebe dich.&#8220;<\/p>\n<p>Sie haben das Trennungsdrama \u00fcberwunden<\/p>\n<p class=\"text-element u-richtext u-typo u-typo--article-text article__text-element text-element--context-article\"> Bei diesen Worten d\u00fcrfte der Herzschmerz der vorangegangenen Monate beinah in Vergessenheit geraten. Im Januar wurde bekannt, dass sich AnnaLynne McCord und das Rugby-Ausnahmetalent nach neun gemeinsamen Monaten getrennt hatten. &#8222;Ihre Beziehung war sehr turbulent, Danny macht gerade eine sehr schwierige Scheidung durch und konnte AnnaLynne nicht alles geben, was sie brauchte&#8220;, behauptete ein Insider kurz nach dem Liebesaus.<\/p>\n<p class=\"text-element u-richtext u-typo u-typo--article-text article__text-element text-element--context-article\"> Danny Cipriani, der zuvor schon <a class=\"link--person\" data-target-type=\"article\" href=\"https:\/\/www.gala.de\/stars\/starportraets\/lindsay-lohan-20521542.html\" rel=\"nofollow noopener\" target=\"_blank\">Lindsay Lohan<\/a>, 39, und <a class=\"\" data-target-type=\"article\" href=\"https:\/\/www.gala.de\/stars\/themen\/katie-price-20962952.html\" rel=\"nofollow noopener\" target=\"_blank\">Katie Price<\/a>, 47, gedatet hat, war von April 2022 bis November 2023 mit der Neurowissenschaftlerin Victoria Rose verheiratet. Sie warf ihm vor, fremd geflirtet zu haben, nachdem sie vielsagende Nachrichten in seinem Handy entdeckt hatte. F\u00fcnf Monate nach ihrer Trennung kam der Sportler mit AnnaLynne McCord zusammen.<\/p>\n<p><img class=\"image image-element__image\"   src=\"https:\/\/www.europesays.com\/de\/wp-content\/uploads\/2025\/07\/danny-cipriani-annalynne-mccord-teaser.jpg\" alt=\"Danny Cipriani und AnnaLynne McCord halten bei einem Einkaufsbummel im Juli 2024 in Los Angeles H\u00e4ndchen.\" decoding=\"async\" fetchpriority=\"auto\" loading=\"lazy\"\/><br \/>\n<a href=\"https:\/\/image.gala.de\/24420646\/t\/M4\/v6\/w2048\/r0\/-\/danny-cipriani-annalynne-mccord-teaser.jpg#Backgrid%20%2F%20Action%20Press\" class=\"image__magnifier\" aria-label=\"Vergr\u00f6\u00dfern\" rel=\"nofollow noopener\" target=\"_blank\"><\/p>\n<p> Danny Cipriani und <a href=\"https:\/\/www.gala.de\/stars\/starportraets\/annalynne-mccord-21431852.html\" data-article-type=\"star-portrait\" rel=\"nofollow noopener\" target=\"_blank\">AnnaLynne McCord<\/a> halten bei einem Einkaufsbummel im Juli 2024 in Los Angeles H\u00e4ndchen. <\/p>\n<p>\u00a9 Backgrid \/ Action Press<\/p>\n<p class=\"text-element u-richtext u-typo u-typo--article-text article__text-element text-element--context-article\"> Und die scheint nun wieder Hals \u00fcber Kopf verliebt zu sein. &#8222;Ich liebe dich!! Danke, dass du DU bist. (Ich finde dich ziemlich attraktiv)&#8220;, antwortete sie Danny Cipriani unter seiner \u00f6ffentlichen Liebeserkl\u00e4rung im Netz. Bleibt nur zu hoffen, dass dieses zweite Kapitel ein Happy End bereith\u00e4lt.<\/p>\n<p class=\"text-element u-richtext u-typo u-typo--article-text article__text-element text-element--context-article\"> Verwendete Quellen: dailymail.co.uk, instagram.com<\/p>\n<p>\nlgi<br \/>\nGala\n<\/p>\n<p>#Themen<\/p>\n<p><script async src=\"\/\/www.instagram.com\/embed.js\"><\/script><\/p>\n","protected":false},"excerpt":{"rendered":"AnnaLynne McCord &#8222;90210&#8220;-Star feiert Liebescomeback mit dem Ex AnnaLynne McCord und Danny Cipriani \u00a9 Michael Tullberg \/ Getty&hellip;\n","protected":false},"author":2,"featured_media":275169,"comment_status":"","ping_status":"","sticky":false,"template":"","format":"standard","meta":{"footnotes":""},"categories":[1776],"tags":[1801,29,214,30,1802,215],"class_list":{"0":"post-275168","1":"post","2":"type-post","3":"status-publish","4":"format-standard","5":"has-post-thumbnail","7":"category-prominente","8":"tag-celebrities","9":"tag-deutschland","10":"tag-entertainment","11":"tag-germany","12":"tag-prominente","13":"tag-unterhaltung"},"share_on_mastodon":{"url":"https:\/\/pubeurope.com\/@de\/114874688720278657","error":""},"_links":{"self":[{"href":"https:\/\/www.europesays.com\/de\/wp-json\/wp\/v2\/posts\/275168","targetHints":{"allow":["GET"]}}],"collection":[{"href":"https:\/\/www.europesays.com\/de\/wp-json\/wp\/v2\/posts"}],"about":[{"href":"https:\/\/www.europesays.com\/de\/wp-json\/wp\/v2\/types\/post"}],"author":[{"embeddable":true,"href":"https:\/\/www.europesays.com\/de\/wp-json\/wp\/v2\/users\/2"}],"replies":[{"embeddable":true,"href":"https:\/\/www.europesays.com\/de\/wp-json\/wp\/v2\/comments?post=275168"}],"version-history":[{"count":0,"href":"https:\/\/www.europesays.com\/de\/wp-json\/wp\/v2\/posts\/275168\/revisions"}],"wp:featuredmedia":[{"embeddable":true,"href":"https:\/\/www.europesays.com\/de\/wp-json\/wp\/v2\/media\/275169"}],"wp:attachment":[{"href":"https:\/\/www.europesays.com\/de\/wp-json\/wp\/v2\/media?parent=275168"}],"wp:term":[{"taxonomy":"category","embeddable":true,"href":"https:\/\/www.europesays.com\/de\/wp-json\/wp\/v2\/categories?post=275168"},{"taxonomy":"post_tag","embeddable":true,"href":"https:\/\/www.europesays.com\/de\/wp-json\/wp\/v2\/tags?post=275168"}],"curies":[{"name":"wp","href":"https:\/\/api.w.org\/{rel}","templated":true}]}}