{"id":275184,"date":"2025-07-18T14:31:11","date_gmt":"2025-07-18T14:31:11","guid":{"rendered":"https:\/\/www.europesays.com\/de\/275184\/"},"modified":"2025-07-18T14:31:11","modified_gmt":"2025-07-18T14:31:11","slug":"der-fruehere-rtl-ermittler-und-tatort-star-ist-tot","status":"publish","type":"post","link":"https:\/\/www.europesays.com\/de\/275184\/","title":{"rendered":"Der fr\u00fchere RTL-Ermittler und &#8222;Tatort&#8220;-Star ist tot"},"content":{"rendered":"<p>Einst RTL-Ermittler und &#8222;Tatort&#8220;-Star <\/p>\n<p>Schauspieler J\u00fcrgen Schornagel ist tot<\/p>\n<p>Aktualisiert am 18.07.2025 &#8211; 15:53 UhrLesedauer: 2 Min.<\/p>\n<p><a href=\"#focus-0\" class=\"transition-colors duration-200 focus-within:text-magenta block text-current relative\" data-sctrack=\"FocusGalleryImage.Reference\"><img fetchpriority=\"high\" data-testid=\"Opener.Image\" style=\"--lqipURL:url('https:\/\/images.t-online.de\/2025\/07\/IThXAOJyHQ2h\/0x160:3072x1728\/fit-in\/150x0\/filters:blur(25)\/image.jpg')\"   loading=\"eager\" src=\"https:\/\/www.europesays.com\/de\/wp-content\/uploads\/2025\/07\/1752849071_346_image.jpg\" alt=\"J\u00fcrgen Schornagel: Familie, Freunde und Fans trauern um den TV- und B\u00fchnenstar.\" title=\"J\u00fcrgen Schornagel: Familie, Freunde und Fans trauern um den TV- und B\u00fchnenstar.\" width=\"3072\" height=\"1728\" class=\"bg-[url:var(--lqipURL)] bg-cover bg-center flex h-full w-full max-w-full\" decoding=\"async\"\/><img style=\"--width:32;--height:32\" loading=\"lazy\" src=\"https:\/\/www.t-online.de\/s\/paper\/_next\/static\/media\/zoom-in.f7dae02f.svg\" alt=\"Vergr\u00f6\u00dfern des Bildes\" title=\"Vergr\u00f6\u00dfern des Bildes\" class=\"block h-[calc(var(--height)_\/_16_*_1rem)] w-[calc(var(--width)_\/_16_*_1rem)] max-w-none absolute bottom-8 right-8 rounded-4 bg-snow p-8\" decoding=\"async\"\/><\/a><\/p>\n<p>J\u00fcrgen Schornagel: Familie, Freunde und Fans trauern um den TV- und B\u00fchnenstar. (Quelle: Hoffmann\/imago-images-bilder)<\/p>\n<p class=\"font-bold text-18 leading-17\">50 Jahre war J\u00fcrgen Schornagel im Fernsehen pr\u00e4sent \u2013 besonders die RTL-Serie &#8222;Doppelter Einsatz&#8220; machte ihn ber\u00fchmt. Jetzt best\u00e4tigt seine Familie seinen Tod.<\/p>\n<p class=\"text-18 leading-17\">J\u00fcrgen Schornagel ist tot. Der Schauspieler starb am 8. Juli in Wester-Ohrstedt bei Husum \u2013 wenige Tage vor seinem 86. Geburtstag, wie seine Familie gegen\u00fcber der Deutschen Presse-Agentur verlauten lie\u00df.<\/p>\n<p class=\"text-18 leading-17\">Rund f\u00fcnf Jahrzehnte stand Schornagel auf der B\u00fchne oder vor der Kamera. F\u00fcr seine Rolle als Kriminalhauptkommissar Winter in &#8222;Doppelter Einsatz&#8220;, die er von 1993 bis 2001 spielte, erhielt er 2002 den Deutschen Fernsehpreis.<\/p>\n<p class=\"text-18 leading-17\">Die Nachricht von Schornagels Tod best\u00fcrzt auch seine Kollegen. Klaus J. Behrendt, bekannt als K\u00f6lner &#8222;Tatort&#8220;-Kommissar Max Ballauf, sagte: &#8222;Als Schauspieler galt er als die Idealbesetzung f\u00fcr den B\u00f6sewicht \u2013 im echten Leben aber war er das genaue Gegenteil: warmherzig, humorvoll und voller Menschlichkeit.&#8220; Weiter erkl\u00e4rte er: &#8222;Uns verband nicht nur die B\u00fchne, sondern auch unsere gemeinsame Herkunft \u2013 wir sind beide Kinder des Ruhrgebiets.&#8220;<\/p>\n<p class=\"text-18 leading-17\">Schornagel \u00fcbernahm Rollen in mehreren &#8222;Tatort&#8220;-Episoden, drehte dabei zweimal mit Klaus J. Behrendt. Im Hamburger &#8222;Tatort&#8220; spielte Schornagel in f\u00fcnf Episoden die Rolle von Kriminalrat Bruno Kern an der Seite von Kriminalhauptkommissar Casstorff (Robert Atzorn). Zudem war er unter anderem in zwei &#8222;Polizeiruf 110&#8220;-Filmen zu sehen.<\/p>\n<p class=\"text-18 leading-17\">Zu seinen Fernsehrollen geh\u00f6rten zudem Auftritte in Formaten wie dem Zweiteiler &#8222;Hindenburg&#8220;, der Literaturverfilmung &#8222;Die Schatzinsel&#8220; und dem Bergbaudrama &#8222;Das Wunder von Lengede&#8220;. Auch an Kinoproduktionen wirkte Schornagel regelm\u00e4\u00dfig mit \u2013 er trat etwa in den Joseph-Vilsmaier-Produktionen &#8222;Schlafes Bruder&#8220; und &#8222;Comedian Harmonists&#8220; auf.<\/p>\n<p class=\"text-18 leading-17\">Schornagel kam am 12. Juli 1939 <a class=\"transition-colors duration-200 cursor-pointer text-inherit no-underline text-salemsfur md:hover:text-magenta md:hover:border-magenta md:focus:text-magenta border-current border-b border-solid break-words\" href=\"https:\/\/www.t-online.de\/region\/essen\/\" data-sctrack=\"BodyAnchor\" target=\"_blank\" rel=\"noopener\">in Essen<\/a> zur Welt. Seine Schauspielausbildung absolvierte er an der Folkwang-Hochschule in seinem Geburtsort. Danach folgten Engagements unter anderem an der Berliner Volksb\u00fchne, dem Staatstheater <a class=\"transition-colors duration-200 cursor-pointer text-inherit no-underline text-salemsfur md:hover:text-magenta md:hover:border-magenta md:focus:text-magenta border-current border-b border-solid break-words\" href=\"https:\/\/www.t-online.de\/region\/stuttgart\/\" data-sctrack=\"BodyAnchor\" target=\"_blank\" rel=\"noopener\">Stuttgart<\/a> sowie dem Deutschen Schauspielhaus in <a rel=\"nofollow noopener\" target=\"_blank\" class=\"transition-colors duration-200 cursor-pointer text-inherit no-underline text-salemsfur md:hover:text-magenta md:hover:border-magenta md:focus:text-magenta border-current border-b border-solid break-words\" href=\"https:\/\/hamburg.t-online.de\/region\/hamburg\/\" data-sctrack=\"BodyAnchor\">Hamburg<\/a>. 1987 wurde er mit dem Berliner Theaterpreis geehrt.<\/p>\n","protected":false},"excerpt":{"rendered":"Einst RTL-Ermittler und &#8222;Tatort&#8220;-Star Schauspieler J\u00fcrgen Schornagel ist tot Aktualisiert am 18.07.2025 &#8211; 15:53 UhrLesedauer: 2 Min. J\u00fcrgen&hellip;\n","protected":false},"author":2,"featured_media":275185,"comment_status":"","ping_status":"","sticky":false,"template":"","format":"standard","meta":{"footnotes":""},"categories":[155],"tags":[722,522,58809,29,214,30,82351,82352,82353,640,218,215],"class_list":{"0":"post-275184","1":"post","2":"type-post","3":"status-publish","4":"format-standard","5":"has-post-thumbnail","7":"category-unterhaltung","8":"tag-722","9":"tag-522","10":"tag-deutscher-fernsehpreis","11":"tag-deutschland","12":"tag-entertainment","13":"tag-germany","14":"tag-juergen-schornagel","15":"tag-klaus-j-behrendt","16":"tag-lengede","17":"tag-rtl","18":"tag-tatort","19":"tag-unterhaltung"},"share_on_mastodon":{"url":"https:\/\/pubeurope.com\/@de\/114874724212815814","error":""},"_links":{"self":[{"href":"https:\/\/www.europesays.com\/de\/wp-json\/wp\/v2\/posts\/275184","targetHints":{"allow":["GET"]}}],"collection":[{"href":"https:\/\/www.europesays.com\/de\/wp-json\/wp\/v2\/posts"}],"about":[{"href":"https:\/\/www.europesays.com\/de\/wp-json\/wp\/v2\/types\/post"}],"author":[{"embeddable":true,"href":"https:\/\/www.europesays.com\/de\/wp-json\/wp\/v2\/users\/2"}],"replies":[{"embeddable":true,"href":"https:\/\/www.europesays.com\/de\/wp-json\/wp\/v2\/comments?post=275184"}],"version-history":[{"count":0,"href":"https:\/\/www.europesays.com\/de\/wp-json\/wp\/v2\/posts\/275184\/revisions"}],"wp:featuredmedia":[{"embeddable":true,"href":"https:\/\/www.europesays.com\/de\/wp-json\/wp\/v2\/media\/275185"}],"wp:attachment":[{"href":"https:\/\/www.europesays.com\/de\/wp-json\/wp\/v2\/media?parent=275184"}],"wp:term":[{"taxonomy":"category","embeddable":true,"href":"https:\/\/www.europesays.com\/de\/wp-json\/wp\/v2\/categories?post=275184"},{"taxonomy":"post_tag","embeddable":true,"href":"https:\/\/www.europesays.com\/de\/wp-json\/wp\/v2\/tags?post=275184"}],"curies":[{"name":"wp","href":"https:\/\/api.w.org\/{rel}","templated":true}]}}