{"id":275195,"date":"2025-07-18T14:37:14","date_gmt":"2025-07-18T14:37:14","guid":{"rendered":"https:\/\/www.europesays.com\/de\/275195\/"},"modified":"2025-07-18T14:37:14","modified_gmt":"2025-07-18T14:37:14","slug":"hllanzeiger-polizeimeldungen-vom-freitag-18-07-2025","status":"publish","type":"post","link":"https:\/\/www.europesays.com\/de\/275195\/","title":{"rendered":"H@llAnzeiger &#8211; Polizeimeldungen vom Freitag, 18.07.2025"},"content":{"rendered":"<p><img decoding=\"async\" src=\"https:\/\/www.europesays.com\/de\/wp-content\/uploads\/2025\/07\/polizeimeldungen6-678x381.jpg\" alt=\"Polizei Meldungen\" title=\"polizeimeldungen6\"\/><br \/>\n\u00a9 H@llAnzeiger<\/p>\n<p>Polizeirevier Halle (Saale)<\/p>\n<p><strong>Verkehrsunfall unter Beteiligung einer Stra\u00dfenbahn<br \/><\/strong>Am 17.07.2025 kam es im Bereich der Merseburger Stra\u00dfe gegen 17.15 Uhr zu einem Verkehrsunfall zwischen einem Pkw und einer Stra\u00dfenbahn. Nach ersten polizeilichen Erkenntnissen befuhren beide Fahrzeuge die Merseburger Stra\u00dfe in s\u00fcdliche Richtung. Auf H\u00f6he eines st\u00e4dtischen Klinikums wollte die Fahrzeugfahrerin des Pkw abbiegen und kollidierte mit der herannahenden Stra\u00dfenbahn. Die Fahrzeugf\u00fchrerin des Pkw wurde leicht verletzt. Der Pkw kollidierte noch mit einer Lichtzeichenanlage und musste durch ein Abschleppunternehmen aus dem Gleisbett geborgen werden. Es kam zu Beeintr\u00e4chtigungen im Individual- und \u00f6ffentlichen Personennahverkehr. Der Sachschaden ist noch nicht abschlie\u00dfend bezifferbar. Zur Kl\u00e4rung des Unfallgeschehens wurde eine Verkehrsunfallanzeige aufgenommen.<\/p>\n<p><strong>Versuchter Fahrrad-Diebstahl\u00a0<br \/><\/strong>Gegen 20.30 Uhr stellte gestern der Besitzer eines Fahrrades fest, dass unbekannte T\u00e4ter augenscheinlich versucht haben, dieses zu stehlen. Das Fahrrad stand im Zeitraum zwischen 13.30 Uhr und 20.00 Uhr am S\u00fcdstadtring und war mittels Schlosses gesichert. Verschiedene Spuren und Besch\u00e4digungen an Fahrrad und Schloss zeugen davon, dass der oder die T\u00e4ter versuchten, das Schloss gewaltsam zu \u00f6ffnen, was jedoch misslang. Es wurde ein entsprechendes Strafverfahren eingeleitet.<\/p>\n<p>Polizeireviers Saalekreis<\/p>\n<p><strong>Raser nachgeeilt<br \/><\/strong>Saalekreis \u2013 In der Nacht zum Freitag stellten Polizeibeamte im Rahmen ihrer Streifent\u00e4tigkeit einen Pkw in Beuna fest, welcher die Stra\u00dfe augenscheinlich mit erh\u00f6hter Geschwindigkeit befuhr. Die Beamten entschlossen sich eine allgemeine Verkehrskontrolle durchzuf\u00fchren. Der Fahrzeugf\u00fchrer erh\u00f6hte daraufhin die Geschwindigkeit und entzog sich der Kontrolle, woraufhin es zu einer l\u00e4ngeren Nacheile kam. Schlie\u00dflich konnte der Pkw des Beschuldigten abgeparkt und verschlossen in Reichardtswerben festgestellt werden, jedoch ohne den fl\u00fcchtigen Fahrzeugf\u00fchrer. <br \/>Im Rahmen der Absuche nach dem T\u00e4ter, konnten trotz F\u00e4hrtensp\u00fcrhund, keine Feststellungen gemacht werden. Das Fahrzeug wurde schlie\u00dflich durch einen Abschleppdienst ge\u00f6ffnet und anschlie\u00dfend durch die Polizeibeamten durchsucht. Dabei konnten diverse Gegenst\u00e4nde aufgefunden werden, darunter ein durch Diebstahl abhandengekommener Personalausweis. Zudem konnte festgestellt werden, dass die an dem Fahrzeug angebrachten Kennzeichen ebenfalls zur Fahndung ausgeschrieben sind und das Fahrzeug selbst zur Au\u00dferbetriebsetzung ausgeschrieben ist. Die aufgefundenen Gegenst\u00e4nde sowie die Kennzeichen und das Fahrzeug wurden durch die Polizei sichergestellt. Eine Strafanzeige aufgrund eines verbotenen Kraftfahrzeugrennens wurde gegen den noch unbekannten T\u00e4ter gefertigt.<\/p>\n<p><strong>Kleinwagen landet auf dem Dach<br \/><\/strong>Merseburg \u2013 Am Freitagmorgen kurz vor 08.00 Uhr ereignete sich ein Verkehrsunfall auf der L 178 auf H\u00f6he der Stra\u00dfe Puppensiedlung. Hierbei ist nach ersten Erkenntnissen eine Autofahrerin, welche mit einem Kleinwagen von Frankleben in Richtung Merseburg unterwegs war, kurz vor dem Kreuzungsbereich nach rechts von der Fahrbahn abgekommen. In der weiteren Folge prallte der Pkw gegen eine Laterne, \u00fcberschlug sich und kam auf dem Dach liegend auf einer Gr\u00fcnfl\u00e4che zum Stillstand. Die Insassin konnte sich selbst aus dem Fahrzeug befreien und wurde als leicht verletzt zur weiteren Untersuchung in ein Krankenhaus gebracht. Das Fahrzeug wurde durch einen Hilfsdienst geborgen und abgeschleppt.<\/p>\n<p><strong>Nachbarin gibt Paket nicht heraus<br \/><\/strong>Merseburg \u2013 Am Donnerstagabend informierte eine Frau die Polizei dar\u00fcber, dass ihre Nachbarin ein Paket von ihr entwendet hat und es ihr nicht aush\u00e4ndigt. Die Polizeibeamten fuhren vor Ort und versuchten mit der jeweiligen Nachbarin Kontakt aufzunehmen. Dies verlief jedoch negativ, da diese den Beamten die T\u00fcr nicht \u00f6ffnete. Bisher ist unbekannt, wie die Nachbarin an das Paket gelangen konnte.<\/p>\n<p>Polizeirevier Mansfeld-S\u00fcdharz<\/p>\n<p><strong>Hochdruckreiniger entwendet<br \/><\/strong>Schwenda \u2013\u00a0Vom Grundst\u00fcck eines landwirtschaftlichen Betriebes wurde in der Nacht zum Donnerstag ein Hochdruckreiniger der Marker K\u00e4rcher entwendet. Das Ger\u00e4t hat einen Wert von ca. 4.000 Euro. Zu m\u00f6glichen weiteren Diebesgut liegen noch keine Angaben vor.<\/p>\n<p><strong>Versuchter Diebstahl<br \/><\/strong>Benndorf\/ Klostermansfeld \u2013 Auf dem Parkplatz am Bahnhof stand seit l\u00e4ngerer Zeit ungenutzt ein Pkw. Unbekannte sollen nun in das Fahrzeug eingedrungen sein und versuchten es kurzzuschlie\u00dfen. Dies misslang. Es entstand Sachschaden.<\/p>\n<p><strong>Keller aufgebrochen<br \/><\/strong>Sangerhausen \u2013\u00a0In der Nacht zum Freitag wurden mehrere Keller in einem Mehrfamilienhaus in der Stra\u00dfe Am Bergmann aufgebrochen. Die T\u00e4ter durchtrennten die Vorh\u00e4ngeschl\u00f6sser. Zum Diebesgut liegen aktuell noch keine Angaben vor.<\/p>\n<p><strong>Verkehrsunf\u00e4lle<br \/><\/strong>Burgsdorf \u2013 Bei einem Bremsman\u00f6ver auf regennasser Fahrbahn kollidierten ein Kleintransporter und ein Pkw. Personen wurden nicht verletzt. An den Fahrzeugen entstand Sachschaden.<\/p>\n<p>Arnstein\/ Landesstra\u00dfe 228 \u2013\u00a0In einer langgestreckten Kurve zwischen Stangerode und Harkerode kam ein Transporter eines Paketzustellers auf Grund unangepasster Geschwindigkeit bei regennasser Fahrbahn nach links von der Stra\u00dfe ab und blieb im angrenzenden Wald- und Wiesenbereich stehen. Der Fahrzeugf\u00fchrer wurde nicht verletzt. Am Fahrzeug selbst entstand wirtschaftlicher Totalschaden.<\/p>\n","protected":false},"excerpt":{"rendered":"\u00a9 H@llAnzeiger Polizeirevier Halle (Saale) Verkehrsunfall unter Beteiligung einer Stra\u00dfenbahnAm 17.07.2025 kam es im Bereich der Merseburger Stra\u00dfe&hellip;\n","protected":false},"author":2,"featured_media":275196,"comment_status":"","ping_status":"","sticky":false,"template":"","format":"standard","meta":{"footnotes":""},"categories":[1860],"tags":[3364,29,548,663,3934,30,4062,17332,13,14,15,17331,860,12],"class_list":{"0":"post-275195","1":"post","2":"type-post","3":"status-publish","4":"format-standard","5":"has-post-thumbnail","7":"category-halle-saale","8":"tag-de","9":"tag-deutschland","10":"tag-eu","11":"tag-europa","12":"tag-europe","13":"tag-germany","14":"tag-halle","15":"tag-halle-saale","16":"tag-headlines","17":"tag-nachrichten","18":"tag-news","19":"tag-saale","20":"tag-sachsen-anhalt","21":"tag-schlagzeilen"},"share_on_mastodon":{"url":"https:\/\/pubeurope.com\/@de\/114874747654547432","error":""},"_links":{"self":[{"href":"https:\/\/www.europesays.com\/de\/wp-json\/wp\/v2\/posts\/275195","targetHints":{"allow":["GET"]}}],"collection":[{"href":"https:\/\/www.europesays.com\/de\/wp-json\/wp\/v2\/posts"}],"about":[{"href":"https:\/\/www.europesays.com\/de\/wp-json\/wp\/v2\/types\/post"}],"author":[{"embeddable":true,"href":"https:\/\/www.europesays.com\/de\/wp-json\/wp\/v2\/users\/2"}],"replies":[{"embeddable":true,"href":"https:\/\/www.europesays.com\/de\/wp-json\/wp\/v2\/comments?post=275195"}],"version-history":[{"count":0,"href":"https:\/\/www.europesays.com\/de\/wp-json\/wp\/v2\/posts\/275195\/revisions"}],"wp:featuredmedia":[{"embeddable":true,"href":"https:\/\/www.europesays.com\/de\/wp-json\/wp\/v2\/media\/275196"}],"wp:attachment":[{"href":"https:\/\/www.europesays.com\/de\/wp-json\/wp\/v2\/media?parent=275195"}],"wp:term":[{"taxonomy":"category","embeddable":true,"href":"https:\/\/www.europesays.com\/de\/wp-json\/wp\/v2\/categories?post=275195"},{"taxonomy":"post_tag","embeddable":true,"href":"https:\/\/www.europesays.com\/de\/wp-json\/wp\/v2\/tags?post=275195"}],"curies":[{"name":"wp","href":"https:\/\/api.w.org\/{rel}","templated":true}]}}