{"id":275210,"date":"2025-07-18T14:45:15","date_gmt":"2025-07-18T14:45:15","guid":{"rendered":"https:\/\/www.europesays.com\/de\/275210\/"},"modified":"2025-07-18T14:45:15","modified_gmt":"2025-07-18T14:45:15","slug":"bayern-festnahme-nach-mutmasslicher-drohung-gegen-hotel-in-augsburg","status":"publish","type":"post","link":"https:\/\/www.europesays.com\/de\/275210\/","title":{"rendered":"Bayern: Festnahme nach mutma\u00dflicher Drohung gegen Hotel in Augsburg"},"content":{"rendered":"<p>                    Bayern<br \/>\n                Festnahme nach mutma\u00dflicher Drohung gegen Hotel in Augsburg<\/p>\n<p>\t\t\t\t              18.07.2025, 11:20 Uhr<\/p>\n<p><strong>Gegen ein Hotel am Augsburger Hauptbahnhof gab es eine mutma\u00dfliche Bombendrohung. Nun hat die Polizei einen Verd\u00e4chtigen festgenommen.<\/strong><\/p>\n<p>Augsburg (dpa\/lby) &#8211; Die Polizei hat einen 47 Jahre alten Verd\u00e4chtigen festgenommen, nachdem es am Vormittag eine mutma\u00dfliche Bombendrohung gegen ein Hotel in der N\u00e4he des Hauptbahnhofs Augsburg gegeben hatte. Bereits w\u00e4hrend des laufenden Einsatzes nahm die Polizei eigenen Angaben zufolge die Ermittlungen zu dem Unbekannten auf.\u00a0<\/p>\n<p>Die Drohung sei telefonisch gegen das Hotel ausgesprochen worden, wie es hie\u00df. Zahlreiche Einsatzkr\u00e4fte waren im Einsatz, fanden aber nichts Verd\u00e4chtiges, wie die Polizei mitteilte. Die Polizei suchte demnach unter anderem mit Sprengstoffhunden relevante Bereiche des Hotels und Umfelds ab. Au\u00dferdem h\u00e4tten die Beamten Hintergr\u00fcnde, Art und Inhalt der Drohung gekl\u00e4rt und sie bewertet. Zufahrtsstra\u00dfen seien abgesperrt worden und Teile des \u00f6ffentlichen Nahverkehrs zwischenzeitlich eingeschr\u00e4nkt gewesen.\u00a0<\/p>\n<p>Gegen 13 Uhr sei der Polizeieinsatz beendet gewesen und die abgesperrten Bereiche wieder ge\u00f6ffnet worden, teilte die Polizei mit.<\/p>\n","protected":false},"excerpt":{"rendered":"Bayern Festnahme nach mutma\u00dflicher Drohung gegen Hotel in Augsburg 18.07.2025, 11:20 Uhr Gegen ein Hotel am Augsburger Hauptbahnhof&hellip;\n","protected":false},"author":2,"featured_media":275211,"comment_status":"","ping_status":"","sticky":false,"template":"","format":"standard","meta":{"footnotes":""},"categories":[1846],"tags":[680,772,3364,29,1660,548,663,3934,980,30,13,6306,14,15,12],"class_list":{"0":"post-275210","1":"post","2":"type-post","3":"status-publish","4":"format-standard","5":"has-post-thumbnail","7":"category-augsburg","8":"tag-augsburg","9":"tag-bayern","10":"tag-de","11":"tag-deutschland","12":"tag-drohung","13":"tag-eu","14":"tag-europa","15":"tag-europe","16":"tag-festnahme","17":"tag-germany","18":"tag-headlines","19":"tag-hotel","20":"tag-nachrichten","21":"tag-news","22":"tag-schlagzeilen"},"share_on_mastodon":{"url":"https:\/\/pubeurope.com\/@de\/114874779180448942","error":""},"_links":{"self":[{"href":"https:\/\/www.europesays.com\/de\/wp-json\/wp\/v2\/posts\/275210","targetHints":{"allow":["GET"]}}],"collection":[{"href":"https:\/\/www.europesays.com\/de\/wp-json\/wp\/v2\/posts"}],"about":[{"href":"https:\/\/www.europesays.com\/de\/wp-json\/wp\/v2\/types\/post"}],"author":[{"embeddable":true,"href":"https:\/\/www.europesays.com\/de\/wp-json\/wp\/v2\/users\/2"}],"replies":[{"embeddable":true,"href":"https:\/\/www.europesays.com\/de\/wp-json\/wp\/v2\/comments?post=275210"}],"version-history":[{"count":0,"href":"https:\/\/www.europesays.com\/de\/wp-json\/wp\/v2\/posts\/275210\/revisions"}],"wp:featuredmedia":[{"embeddable":true,"href":"https:\/\/www.europesays.com\/de\/wp-json\/wp\/v2\/media\/275211"}],"wp:attachment":[{"href":"https:\/\/www.europesays.com\/de\/wp-json\/wp\/v2\/media?parent=275210"}],"wp:term":[{"taxonomy":"category","embeddable":true,"href":"https:\/\/www.europesays.com\/de\/wp-json\/wp\/v2\/categories?post=275210"},{"taxonomy":"post_tag","embeddable":true,"href":"https:\/\/www.europesays.com\/de\/wp-json\/wp\/v2\/tags?post=275210"}],"curies":[{"name":"wp","href":"https:\/\/api.w.org\/{rel}","templated":true}]}}